{"id":4292,"date":"2024-12-02T09:11:56","date_gmt":"2024-12-02T09:11:56","guid":{"rendered":"https:\/\/famelifemagazin.com\/?p=4292"},"modified":"2024-12-02T09:13:06","modified_gmt":"2024-12-02T09:13:06","slug":"tusevden-3-aralik-paylasmagunu-paylasinca-karsilasiriz","status":"publish","type":"post","link":"https:\/\/famelifemagazin.com\/?p=4292","title":{"rendered":"T\u00dcSEV\u2019den 3 Aral\u0131k #Payla\u015fmaG\u00fcn\u00fc: \u201cPayla\u015f\u0131nca Kar\u015f\u0131la\u015f\u0131r\u0131z\u201d"},"content":{"rendered":"\n<p><strong><em>3 Aral\u0131k Payla\u015fma G\u00fcn\u00fc\u2026<\/em><\/strong><\/p>\n\n\n\n<p><strong>T\u00dcSEV\u2019den 3 Aral\u0131k #Payla\u015fmaG\u00fcn\u00fc: \u201cPayla\u015f\u0131nca Kar\u015f\u0131la\u015f\u0131r\u0131z\u201d<\/strong><\/p>\n\n\n\n<p><strong>Sivil toplumun g\u00fc\u00e7lenmesi i\u00e7in 30 y\u0131l\u0131 a\u015fk\u0131n s\u00fcredir \u00e7al\u0131\u015fmalar\u0131n\u0131 s\u00fcrd\u00fcren T\u00fcrkiye \u00dc\u00e7\u00fcnc\u00fc Sekt\u00f6r Vakf\u0131 (T\u00dcSEV), bu y\u0131l be\u015finci kez ger\u00e7ekle\u015fecek&nbsp;<\/strong>#<strong>Payla\u015fma G\u00fcn\u00fc ile ba\u011f\u0131\u015f\u00e7\u0131l\u0131k ve g\u00f6n\u00fcll\u00fcl\u00fck k\u00fclt\u00fcr\u00fcn\u00fc daha geni\u015f kitlelere ula\u015ft\u0131rmay\u0131 hedefliyor. T\u00dcSEV\u2019in y\u00fcr\u00fct\u00fcc\u00fcl\u00fc\u011f\u00fcnde 3 Aral\u0131k 2024\u2019te d\u00fczenlenecek Payla\u015fma G\u00fcn\u00fc, bireylerin, sivil toplum kurulu\u015flar\u0131n\u0131n, \u00f6zel sekt\u00f6r\u00fcn ve e\u011fitim kurumlar\u0131n\u0131n toplum i\u00e7in bir araya geldi\u011fi k\u00fcresel bir c\u00f6mertlik hareketi.<\/strong><\/p>\n\n\n\n<p>#Payla\u015fma G\u00fcn\u00fc, d\u00fcnya \u00e7ap\u0131nda 100\u2019den fazla \u00fclkede kutlanan #GivingTuesday hareketinin T\u00fcrkiye\u2019deki uygulamas\u0131. Payla\u015fma k\u00fclt\u00fcr\u00fcn\u00fc maddi deste\u011fin \u00f6tesinde, \u00e7ok y\u00f6nl\u00fc bir de\u011fer al\u0131\u015fveri\u015fi olarak ele al\u0131yor. Bu y\u0131l\u0131n temas\u0131 \u201c#Payla\u015f\u0131ncaKar\u015f\u0131la\u015f\u0131r\u0131z\u201d, payla\u015fman\u0131n hem veren hem de alan i\u00e7in anlam yaratt\u0131\u011f\u0131n\u0131 ve toplumsal ba\u011flar\u0131 g\u00fc\u00e7lendirdi\u011fini vurguluyor. 2023\u2019te 1,5 milyonu sosyal medyada olmak \u00fczere toplamda 47 milyon eri\u015fim sa\u011flayan #Payla\u015fmaG\u00fcn\u00fc, ba\u011f\u0131\u015f\u00e7\u0131l\u0131k ve g\u00f6n\u00fcll\u00fcl\u00fc\u011f\u00fcn yayg\u0131nla\u015fmas\u0131n\u0131 hedefliyor.<\/p>\n\n\n\n<p><strong>T\u00dcSEV Genel Sekreteri Rana Kotan<\/strong>, #Payla\u015fma G\u00fcn\u00fc&#8217;n\u00fcn toplumsal dayan\u0131\u015fma ve c\u00f6mertlik de\u011ferlerini \u00f6n plana \u00e7\u0131kard\u0131\u011f\u0131n\u0131 belirterek, \u201c#Payla\u015fma G\u00fcn\u00fc, herkesin kat\u0131labilece\u011fi bir hareket. Bu sadece maddi ba\u011f\u0131\u015flarla s\u0131n\u0131rl\u0131 de\u011fil; bir iyi dilek, sofradaki suyun sokaktaki hayvanlar i\u00e7in payla\u015f\u0131lmas\u0131, ya da bir ki\u015finin zaman\u0131n\u0131 g\u00f6n\u00fcll\u00fc olarak ay\u0131rmas\u0131 da bir payla\u015f\u0131m \u015feklidir. Payla\u015fmak, hem verenin hem de alan\u0131n hayat\u0131nda anlam yarat\u0131r ve toplumsal ba\u011flar\u0131 g\u00fc\u00e7lendirir. <\/p>\n\n\n\n<p>Bu y\u0131l, #Payla\u015fmaG\u00fcn\u00fc\u2019nde, bireyler, STK\u2019lar, \u00f6zel sekt\u00f6r kurulu\u015flar\u0131, e\u011fitim kurumlar\u0131 ve daha pek \u00e7ok payda\u015f toplumsal geli\u015fime katk\u0131 sunan \u00e7al\u0131\u015fmalar\u0131n\u0131 ba\u015fta sosyal medya kanallar\u0131 olmak \u00fczere yayg\u0131nla\u015ft\u0131racaklar, toplumsal fayda ekseninde y\u00fcz y\u00fcze etkinlikler d\u00fczenleyecekler. C\u00f6mertli\u011fin ilham veren \u00f6rneklerinin #Payla\u015fmaG\u00fcn\u00fc etiketiyle yayg\u0131nla\u015ft\u0131r\u0131laca\u011f\u0131 g\u00fcn boyunca etiketin binlerce ki\u015fiye eri\u015fmesi hedefleniyor. \u201cdedi.<\/p>\n\n\n\n<p><strong>Payla\u015fma G\u00fcn\u00fc: Kaynaklar\u0131 Toplumsal Fayda \u0130\u00e7in Kullanma F\u0131rsat\u0131<\/strong><\/p>\n\n\n\n<p>Payla\u015fma G\u00fcn\u00fc, bireyleri ve kurumlar\u0131 sahip olduklar\u0131 kaynaklar\u0131 toplumsal fayda i\u00e7in kullanmaya te\u015fvik ediyor. Maddi destek, bilgi payla\u015f\u0131m\u0131, uzmanl\u0131k veya g\u00f6n\u00fcll\u00fcl\u00fck gibi farkl\u0131 yollarla kat\u0131lmak m\u00fcmk\u00fcn. Payla\u015fma, yaln\u0131zca bir ba\u015fkas\u0131na yard\u0131m etmek de\u011fil, toplumsal dayan\u0131\u015fmay\u0131 g\u00fc\u00e7lendiren bir ba\u011f kurmay\u0131 da ifade ediyor. 2023&#8217;te 116 payda\u015fla yap\u0131lan etkinliklerde 14.434 ba\u011f\u0131\u015f toplanarak 1.545.164 TL destek sa\u011fland\u0131. 2024&#8217;te bu rakamlar\u0131n \u00e7ok daha artmas\u0131 bekleniyor.<\/p>\n\n\n\n<p><strong>Bir Ba\u011f\u0131\u015f\u0131n G\u00fcc\u00fc: Toplumsal De\u011fi\u015fime Katk\u0131<\/strong><\/p>\n\n\n\n<p><strong>T\u00dcSEV Genel Sekreteri Rana Kotan,<\/strong>&nbsp;ba\u011f\u0131\u015flar\u0131n yaln\u0131zca maddi bir katk\u0131 olmad\u0131\u011f\u0131n\u0131, ayn\u0131 zamanda insanlar\u0131n hayatlar\u0131nda derin etkiler yaratabilece\u011fini belirtti. &#8220;E\u011fitim, bar\u0131nma, \u00e7evresel sorunlar ve dezavantajl\u0131 bireyler i\u00e7in f\u0131rsatlar yaratmak gibi bir\u00e7ok alanda fark yaratmak m\u00fcmk\u00fcn. Payla\u015fma G\u00fcn\u00fc, bireyleri ve kurumlar\u0131 sahip olduklar\u0131 kaynaklar\u0131 toplumsal fayda i\u00e7in kullanmaya te\u015fvik ediyor. Maddi destek, bilgi payla\u015f\u0131m\u0131, uzmanl\u0131k ya da g\u00f6n\u00fcll\u00fcl\u00fck gibi farkl\u0131 yollarla kat\u0131lmak m\u00fcmk\u00fcn. Bu hareket, payla\u015fman\u0131n sadece yard\u0131m etmek de\u011fil, toplumsal dayan\u0131\u015fmay\u0131 g\u00fc\u00e7lendiren bir ba\u011f kurmak oldu\u011funu hat\u0131rlat\u0131yor,&#8221; dedi.<\/p>\n\n\n\n<p><strong>Kotan,<\/strong>&nbsp;s\u00f6zlerini \u015fu \u015fekilde s\u00fcrd\u00fcrd\u00fc: &#8220;Bu y\u0131l, 3 Aral\u0131k\u2019ta, siz de bir par\u00e7as\u0131 olun: \u0130mkanlar\u0131n\u0131z\u0131, becerilerinizi ya da vaktinizi payla\u015farak bu anlaml\u0131 hareketin bir par\u00e7as\u0131 olun. Hepimiz #Payla\u015f\u0131ncaKar\u015f\u0131la\u015f\u0131r\u0131z.&#8221; Harekete ge\u00e7meye karar verirseniz o g\u00fcn ayr\u0131ca yapaca\u011f\u0131n\u0131z payla\u015f\u0131mlarda hashtag payla\u015fmag\u00fcn\u00fc\u2019n\u00fc etiketleyebilirsiniz.<\/p>\n\n\n\n<p><strong><em>T\u00dcSEV Hakk\u0131nda<\/em><\/strong><br>T\u00dcSEV 1993 y\u0131l\u0131nda T\u00fcrkiye\u2019de sivil toplum kurulu\u015flar\u0131n\u0131n kar\u015f\u0131la\u015ft\u0131\u011f\u0131 ortak ve g\u00fcncel sorunlara \u00e7\u00f6z\u00fcmler geli\u015ftirmek i\u00e7in kuruldu. T\u00fcrkiye\u2019nin \u00f6nde gelen vak\u0131f ve derneklerinden olu\u015fan 70 \u00fcyesinden ald\u0131\u011f\u0131 destekle, STK\u2019lar i\u00e7in elveri\u015fli ve destekleyici yasal ve mali ortam\u0131n olu\u015fturulmas\u0131 ve T\u00fcrkiye\u2019de daha g\u00fc\u00e7l\u00fc, kat\u0131l\u0131mc\u0131 ve itibarl\u0131 bir sivil toplum i\u00e7in faaliyetlerini s\u00fcrd\u00fcr\u00fcyor.<\/p>\n\n\n\n<figure class=\"wp-block-gallery has-nested-images columns-default is-cropped wp-block-gallery-1 is-layout-flex wp-block-gallery-is-layout-flex\">\n<figure class=\"wp-block-image size-large\"><img loading=\"lazy\" decoding=\"async\" width=\"1024\" height=\"1024\" data-id=\"4293\" src=\"https:\/\/famelifemagazin.com\/wp-content\/uploads\/2024\/12\/PaylasmaGunu_2_103116531-1024x1024.jpg\" alt=\"\" class=\"wp-image-4293\" srcset=\"https:\/\/famelifemagazin.com\/wp-content\/uploads\/2024\/12\/PaylasmaGunu_2_103116531-1024x1024.jpg 1024w, https:\/\/famelifemagazin.com\/wp-content\/uploads\/2024\/12\/PaylasmaGunu_2_103116531-300x300.jpg 300w, https:\/\/famelifemagazin.com\/wp-content\/uploads\/2024\/12\/PaylasmaGunu_2_103116531-150x150.jpg 150w, https:\/\/famelifemagazin.com\/wp-content\/uploads\/2024\/12\/PaylasmaGunu_2_103116531-768x768.jpg 768w, https:\/\/famelifemagazin.com\/wp-content\/uploads\/2024\/12\/PaylasmaGunu_2_103116531-1536x1536.jpg 1536w, https:\/\/famelifemagazin.com\/wp-content\/uploads\/2024\/12\/PaylasmaGunu_2_103116531.jpg 1772w\" sizes=\"auto, (max-width: 1024px) 100vw, 1024px\" \/><\/figure>\n\n\n\n<figure class=\"wp-block-image size-large\"><img loading=\"lazy\" decoding=\"async\" width=\"1024\" height=\"1024\" data-id=\"4294\" src=\"https:\/\/famelifemagazin.com\/wp-content\/uploads\/2024\/12\/PaylasmaGunu_1_103116060-1024x1024.jpg\" alt=\"\" class=\"wp-image-4294\" srcset=\"https:\/\/famelifemagazin.com\/wp-content\/uploads\/2024\/12\/PaylasmaGunu_1_103116060-1024x1024.jpg 1024w, https:\/\/famelifemagazin.com\/wp-content\/uploads\/2024\/12\/PaylasmaGunu_1_103116060-300x300.jpg 300w, https:\/\/famelifemagazin.com\/wp-content\/uploads\/2024\/12\/PaylasmaGunu_1_103116060-150x150.jpg 150w, https:\/\/famelifemagazin.com\/wp-content\/uploads\/2024\/12\/PaylasmaGunu_1_103116060-768x768.jpg 768w, https:\/\/famelifemagazin.com\/wp-content\/uploads\/2024\/12\/PaylasmaGunu_1_103116060-1536x1536.jpg 1536w, https:\/\/famelifemagazin.com\/wp-content\/uploads\/2024\/12\/PaylasmaGunu_1_103116060-2048x2048.jpg 2048w\" sizes=\"auto, (max-width: 1024px) 100vw, 1024px\" \/><\/figure>\n<\/figure>\n\n\n","protected":false},"excerpt":{"rendered":"<p>3 Aral\u0131k Payla\u015fma G\u00fcn\u00fc\u2026 T\u00dcSEV\u2019den 3 Aral\u0131k #Payla\u015fmaG\u00fcn\u00fc: \u201cPayla\u015f\u0131nca Kar\u015f\u0131la\u015f\u0131r\u0131z\u201d Sivil toplumun g\u00fc\u00e7lenmesi i\u00e7in 30 y\u0131l\u0131 a\u015fk\u0131n s\u00fcredir \u00e7al\u0131\u015fmalar\u0131n\u0131 s\u00fcrd\u00fcren T\u00fcrkiye \u00dc\u00e7\u00fcnc\u00fc Sekt\u00f6r Vakf\u0131 (T\u00dcSEV), bu y\u0131l be\u015finci kez ger\u00e7ekle\u015fecek&nbsp;#Payla\u015fma G\u00fcn\u00fc ile ba\u011f\u0131\u015f\u00e7\u0131l\u0131k ve g\u00f6n\u00fcll\u00fcl\u00fck k\u00fclt\u00fcr\u00fcn\u00fc daha geni\u015f kitlelere ula\u015ft\u0131rmay\u0131 hedefliyor. T\u00dcSEV\u2019in y\u00fcr\u00fct\u00fcc\u00fcl\u00fc\u011f\u00fcnde 3 Aral\u0131k 2024\u2019te d\u00fczenlenecek Payla\u015fma G\u00fcn\u00fc, bireylerin, sivil toplum kurulu\u015flar\u0131n\u0131n, \u00f6zel sekt\u00f6r\u00fcn [&hellip;]<\/p>\n","protected":false},"author":1,"featured_media":4294,"comment_status":"open","ping_status":"open","sticky":false,"template":"","format":"standard","meta":{"footnotes":""},"categories":[3,8],"tags":[],"class_list":["post-4292","post","type-post","status-publish","format-standard","has-post-thumbnail","hentry","category-son-haberler","category-sosyal-projeler"],"_links":{"self":[{"href":"https:\/\/famelifemagazin.com\/index.php?rest_route=\/wp\/v2\/posts\/4292","targetHints":{"allow":["GET"]}}],"collection":[{"href":"https:\/\/famelifemagazin.com\/index.php?rest_route=\/wp\/v2\/posts"}],"about":[{"href":"https:\/\/famelifemagazin.com\/index.php?rest_route=\/wp\/v2\/types\/post"}],"author":[{"embeddable":true,"href":"https:\/\/famelifemagazin.com\/index.php?rest_route=\/wp\/v2\/users\/1"}],"replies":[{"embeddable":true,"href":"https:\/\/famelifemagazin.com\/index.php?rest_route=%2Fwp%2Fv2%2Fcomments&post=4292"}],"version-history":[{"count":2,"href":"https:\/\/famelifemagazin.com\/index.php?rest_route=\/wp\/v2\/posts\/4292\/revisions"}],"predecessor-version":[{"id":4298,"href":"https:\/\/famelifemagazin.com\/index.php?rest_route=\/wp\/v2\/posts\/4292\/revisions\/4298"}],"wp:featuredmedia":[{"embeddable":true,"href":"https:\/\/famelifemagazin.com\/index.php?rest_route=\/wp\/v2\/media\/4294"}],"wp:attachment":[{"href":"https:\/\/famelifemagazin.com\/index.php?rest_route=%2Fwp%2Fv2%2Fmedia&parent=4292"}],"wp:term":[{"taxonomy":"category","embeddable":true,"href":"https:\/\/famelifemagazin.com\/index.php?rest_route=%2Fwp%2Fv2%2Fcategories&post=4292"},{"taxonomy":"post_tag","embeddable":true,"href":"https:\/\/famelifemagazin.com\/index.php?rest_route=%2Fwp%2Fv2%2Ftags&post=4292"}],"curies":[{"name":"wp","href":"https:\/\/api.w.org\/{rel}","templated":true}]}}