{"id":4198,"date":"2024-12-01T08:32:56","date_gmt":"2024-12-01T08:32:56","guid":{"rendered":"https:\/\/famelifemagazin.com\/?p=4198"},"modified":"2024-12-01T08:34:25","modified_gmt":"2024-12-01T08:34:25","slug":"cumhuriyete-armagan-100-yil-ormani","status":"publish","type":"post","link":"https:\/\/famelifemagazin.com\/?p=4198","title":{"rendered":"CUMHUR\u0130YET\u2019E ARMA\u011eAN 100. YIL ORMANI"},"content":{"rendered":"\n<p><strong>Bal\u0131kesir\u2019de, Cumhuriyetimizin 100.y\u0131l\u0131na arma\u011fan edilen \u201c100. Y\u0131l Orman\u0131 Dikim \u015eenli\u011fi\u201d ger\u00e7ekle\u015ftirildi. \u00c7EK\u00dcL Vakf\u0131, Bal\u0131kesir B\u00fcy\u00fck\u015fehir Belediyesi, \u0130vrindi Belediyesi ve \u0130vrindi Orman \u0130\u015fletme \u015eefli\u011fi i\u015fbirli\u011fiyle d\u00fczenlenen etkinli\u011fe do\u011faseverler yo\u011fun ilgi g\u00f6sterdi. \u015eenlikte 100 fidan sembolik olarak topra\u011fa kavu\u015ftu ve 100 bin hedefi de ger\u00e7ekle\u015ftirilmi\u015f oldu.<\/strong><\/p>\n\n\n\n<p><strong>Bal\u0131kesir, \u0130vrindi<\/strong><\/p>\n\n\n\n<p>Bal\u0131kesir, Cumhuriyetimizin 100. y\u0131l\u0131na yak\u0131\u015f\u0131r anlaml\u0131 bir etkinli\u011fe ev sahipli\u011fi yapt\u0131. \u00c7EK\u00dcL Vakf\u0131 ve Bal\u0131kesir B\u00fcy\u00fck\u015fehir Belediyesi i\u015fbirli\u011fiyle d\u00fczenlenen&#8221;100. Y\u0131l Orman\u0131 Dikim \u015eenli\u011fi,&#8221; \u0130vrindi&#8217;de geni\u015f bir kat\u0131l\u0131mla ger\u00e7ekle\u015fti. \u015eenlikte, T\u00fcrkiye Cumhuriyeti&#8217;nin 100. y\u0131l\u0131 onuruna olu\u015fturulan orman i\u00e7in sembolik olarak 100 fidan dikildi.<\/p>\n\n\n\n<p>100. Y\u0131l Orman Dikim \u015eenli\u011fine, Bal\u0131kesir B\u00fcy\u00fck\u015fehir Belediye Ba\u015fkan Vekili Ferit G\u00fcndo\u011fdu, \u00c7EK\u00dcL Vakf\u0131 Genel Sekreteri Ilg\u0131n S\u00f6zen, \u0130vrindi Kaymakam\u0131 Faruk Atar, \u0130vrindi Belediye Ba\u015fkan\u0131 \u00d6nder Lapanta, Balya Belediye Ba\u015fkan Orhan Gaga, \u0130l\u00e7e Jandarma Komutan Vekili Mustafa \u00c7elik ve do\u011faseverler kat\u0131ld\u0131.<\/p>\n\n\n\n<h3 class=\"wp-block-heading\"><strong>Do\u011fa ve k\u00fclt\u00fcrle var\u0131z<\/strong><\/h3>\n\n\n\n<p>Etkinli\u011fin a\u00e7\u0131l\u0131\u015f konu\u015fmas\u0131n\u0131 \u00c7EK\u00dcL Vakf\u0131 Genel Sekreteri Ilg\u0131n S\u00f6zen yapt\u0131. S\u00f6zen, do\u011fa, k\u00fclt\u00fcr ve insan aras\u0131ndaki ba\u011flar\u0131 g\u00fc\u00e7lendirmek i\u00e7in 34 y\u0131ld\u0131r \u00e7al\u0131\u015fmalar\u0131n\u0131 s\u00fcrd\u00fcren vakf\u0131n, bug\u00fcne kadar \u00fclkenin d\u00f6rt bir yan\u0131nda 70\u2019i a\u015fk\u0131n orman olu\u015fturdu\u011funu belirtti. S\u00f6zen, &#8220;Cumhuriyetimizin miras\u0131na sahip \u00e7\u0131k\u0131yor,do\u011faya verdi\u011fimiz s\u00f6zleri her zaman tutuyoruz. Bug\u00fcn dikti\u011fimiz her fidan, gelece\u011fimize bir umut \u0131\u015f\u0131\u011f\u0131d\u0131r.&#8221; dedi.<\/p>\n\n\n\n<h3 class=\"wp-block-heading\"><strong>4 milyon 200 bin fidan toprakla bulu\u015ftu<\/strong><\/h3>\n\n\n\n<p>\u00c7EK\u00dcL Vakf\u0131\u2019n\u0131n 7 A\u011fa\u00e7 Ormanlar\u0131 Program\u0131\u2019n\u0131n 1994 y\u0131l\u0131ndan beri devam etti\u011fini ifade eden S\u00f6zen, yakla\u015f\u0131k 1 milyon do\u011faseverin deste\u011fiyle 4 milyondan fazla fidan\u0131n toprakla bulu\u015ftu\u011funu vurgulad\u0131. S\u00f6zen \u201cCumhuriyetimizin 100. y\u0131l\u0131 i\u00e7in ba\u015flatt\u0131\u011f\u0131m\u0131z bu projeyle Bal\u0131kesir B\u00fcy\u00fck\u015fehir Belediyesi\u2019nin deste\u011fiyle Band\u0131rma\u2019da 50 bin, \u0130vrindi\u2019de 50 bin olmak \u00fczere toplam 100 bin fidan\u0131 toprakla bulu\u015fturduk. B\u00f6ylelikle \u00c7EK\u00dcL Vakf\u0131 olarak toplamda 4 milyon 200 bin fidan say\u0131s\u0131na ula\u015ft\u0131k. Gelece\u011fi i\u00e7in yurdumuzun d\u00f6rt yan\u0131nda a\u011fa\u00e7land\u0131rma \u00e7al\u0131\u015fmalar\u0131na h\u0131z kesmeden devam edece\u011fiz\u2019\u2019 diye konu\u015ftu.<\/p>\n\n\n\n<p><strong>Kentimizin do\u011fal ya\u015fam\u0131na sahip \u00e7\u0131k\u0131yoruz<\/strong><\/p>\n\n\n\n<p>Bal\u0131kesir B\u00fcy\u00fck\u015fehir Belediye Ba\u015fkan Ahmet Ak\u0131n \u015fenli\u011fe g\u00f6nderdi\u011fi mesajla kat\u0131ld\u0131. Ak\u0131n mesaj\u0131nda \u2018\u2019 Bal\u0131kesir B\u00fcy\u00fck\u015fehir Belediyesi olarak, Kazda\u011flar\u0131 gibi d\u00fcnyada e\u015fine az rastlan\u0131r do\u011fal g\u00fczelliklere sahip Bal\u0131kesir\u2019imizde; ekosistemimizi zenginle\u015ftirmek ve kentimizin do\u011fal ya\u015fam\u0131na sahip \u00e7\u0131kmak i\u00e7in \u00e7al\u0131\u015fmalar\u0131m\u0131za devam ediyoruz. <\/p>\n\n\n\n<p>Bundan sonra da hep birlikte, do\u011fam\u0131za kar\u015f\u0131 sorumluluklar\u0131m\u0131z\u0131 yerine getirerek \u00e7evremizi daha da g\u00fczelle\u015ftirece\u011fimize inan\u0131yor ve bunu temenni ediyorum. Cumhuriyetimizin bir as\u0131rl\u0131k tarihine yak\u0131\u015f\u0131r bir \u015fekilde ba\u015flatt\u0131\u011f\u0131m\u0131z \u201c100. Y\u0131l Orman\u0131\u201d kampanyas\u0131n\u0131n Bal\u0131kesir\u2019imize ve do\u011fal ya\u015fam\u0131m\u0131za faydal\u0131 olmas\u0131n\u0131 diliyorum\u2019\u2019 ifadelerine yer verdi.<\/p>\n\n\n\n<p><strong>STK\u2019lar \u00f6nemli rol \u00fcstleniyor<\/strong><\/p>\n\n\n\n<p>\u0130vrindi Kaymakam\u0131 Faruk Atar yapt\u0131\u011f\u0131 konu\u015fmada Cumhuriyetimizin 100 y\u0131l\u0131 i\u00e7in en g\u00fczel etkinliklerden birisinin de orman olu\u015fturmak oldu\u011funu belirterek, Orman Genel M\u00fcd\u00fcrl\u00fc\u011f\u00fcn\u00fcn bu konuda yapt\u0131\u011f\u0131 \u00e7al\u0131\u015fmalar\u0131n d\u00fcnya \u00e7ap\u0131nda ilgi g\u00f6rd\u00fc\u011f\u00fcn\u00fc s\u00f6yledi. Atar \u2018\u2019 Devletimizin, Orman Genel M\u00fcd\u00fcrl\u00fc\u011f\u00fc ile y\u00fcr\u00fctt\u00fc\u011f\u00fc 11-11 Milli A\u011fa\u00e7land\u0131rma G\u00fcn\u00fc, d\u00fcnyada bir\u00e7ok \u00fclkeye ilham oldu. Baz\u0131 \u00e7al\u0131\u015fmalar&nbsp;Guinness Rekorlar Kitab\u0131\u2019na girdi. Ancak&nbsp;do\u011fam\u0131z\u0131 korumak sadece devletimizin de\u011fil, ayn\u0131 zamanda vatanda\u015flar\u0131m\u0131z\u0131n hem g\u00f6revi hem sorumlulu\u011fu. \u00c7EK\u00dcL Vakf\u0131 gibi STK\u2019lar\u0131n bu konudaki \u00e7al\u0131\u015fmalar\u0131 \u00fclkemize b\u00fcy\u00fck katk\u0131 sa\u011fl\u0131yor\u2019\u2019 dedi<\/p>\n\n\n\n<p>\u015eenlikte konu\u015fan \u0130vrindi Belediye Ba\u015fkan\u0131 \u00d6nder Lapanta ise \u015funlar\u0131 s\u00f6yledi: \u2018\u00c7EK\u00dcL Vakf\u0131\u2019n\u0131n \u0130vrindi&#8217;de bir orman kurmas\u0131 bizler i\u00e7in \u00e7ok de\u011ferli. Biz de \u00c7EK\u00dcL Vakf\u0131\u2019n\u0131n do\u011fa ve k\u00fclt\u00fcr\u00fc koruma misyonuna hep beraber sahip \u00e7\u0131kaca\u011f\u0131z\u2019\u2019<\/p>\n\n\n\n<p><strong><u>\u00c7EK\u00dcL Hakk\u0131nda<\/u><\/strong><\/p>\n\n\n\n<p>\u00c7EK\u00dcL (\u00c7evre ve K\u00fclt\u00fcr De\u011ferlerini Koruma ve Tan\u0131tma Vakf\u0131) \u00fclkemizin do\u011fal ve k\u00fclt\u00fcrel varl\u0131klar\u0131n\u0131 korumak amac\u0131yla 1990 y\u0131l\u0131nda Prof. Dr. Metin S\u00f6zen \u00f6nc\u00fcl\u00fc\u011f\u00fcnde kuruldu.<\/p>\n\n\n\n<p>Kurulu\u015fundan buyana do\u011fa-k\u00fclt\u00fcr-insan aras\u0131ndaki ya\u015famsal uyumun savunucusu oldu. \u00c7EK\u00dcL, \u201cDo\u011fa ve K\u00fclt\u00fcrle Var\u0131z\u201d slogan\u0131yla hayata ge\u00e7irdi\u011fi proje ve programlarla, en k\u00fc\u00e7\u00fck yerle\u015fmeden \u00fclke b\u00fct\u00fcn\u00fcne a\u00e7\u0131lan bir koruma yakla\u015f\u0131m\u0131 benimsedi.<\/p>\n\n\n\n<p>K\u00fclt\u00fcrel dokunun korunarak gelece\u011fe aktar\u0131lmas\u0131 i\u00e7in koruma ama\u00e7l\u0131 kent planlar\u0131 haz\u0131rlanmas\u0131n\u0131, tarihi mahallelerin, geleneksel \u00e7ar\u015f\u0131lar\u0131n korunmas\u0131n\u0131, sivil mimari \u00f6rneklerinin restore edilerek yeni i\u015flevler kazanmas\u0131n\u0131, kent meydanlar\u0131n\u0131n yeniden canlanmas\u0131n\u0131, kent m\u00fczeleri ve ar\u015fivlerinin kurulmas\u0131n\u0131 sa\u011flad\u0131.<\/p>\n\n\n\n<p>\u00dclkenin d\u00f6rt bir k\u00f6\u015fesindeki k\u00fc\u00e7\u00fckl\u00fc b\u00fcy\u00fckl\u00fc kentte koruma hareketini, koruma seferberli\u011fine d\u00f6n\u00fc\u015ft\u00fcrerek tarihi dokunun \u00e7a\u011fda\u015f kentle ili\u015fkilendirilmesine, kentlere k\u00fclt\u00fcr ve do\u011fa \u00f6ncelikli bir gelecek vizyonu kazand\u0131r\u0131lmas\u0131na \u00f6nc\u00fcl\u00fck etti.<\/p>\n\n\n\n<p>Do\u011fal doku kaybolmaya ba\u015flad\u0131\u011f\u0131nda insan\u0131n ya\u015fam alan\u0131n\u0131n t\u00fckendi\u011fi, k\u00fclt\u00fcrel miras\u0131n\u0131 yitirmeye ba\u015flad\u0131\u011f\u0131 bilinciyle hareket ederek topra\u011f\u0131, ye\u015fili korumak ve \u00e7o\u011faltmak i\u00e7in \u0130stanbul\u2019da ba\u015flad\u0131\u011f\u0131 a\u011fa\u00e7land\u0131rma \u00e7al\u0131\u015fmalar\u0131n\u0131 Anadolu\u2019nun her kar\u0131\u015f\u0131na yayd\u0131.<\/p>\n\n\n\n<p>\u00c7EK\u00dcL, Anadolu kentlerindeki yerel y\u00f6neticilerin, \u00fcniversitelerin, sivil toplum kurulu\u015flar\u0131n\u0131n, giri\u015fimcilerin ve halk\u0131n; kentlerinin benzersiz do\u011fal ve k\u00fclt\u00fcrel birikiminin fark\u0131na varmas\u0131, bu de\u011ferli birikime sahip \u00e7\u0131kmas\u0131 i\u00e7in yol g\u00f6stermeye devam ediyor.<\/p>\n\n\n\n<p>Anadolu kentlerinde b\u0131rakt\u0131\u011f\u0131 kal\u0131c\u0131 izlerle her zaman dan\u0131\u015f\u0131lan, yol g\u00f6steren, g\u00fcvenilen; g\u00f6n\u00fcll\u00fc temsilcileri ve uzman kadrolar\u0131yla do\u011fal ve k\u00fclt\u00fcrel miras\u0131n korunmas\u0131 taleplerine yeti\u015fmeye \u00e7al\u0131\u015fan bir sivil toplum kurulu\u015fu.<\/p>\n\n\n\n<p>\u00c7EK\u00dcL VAKFIhakk\u0131nda daha fazla bilgi i\u00e7in:<\/p>\n\n\n\n<p><a href=\"https:\/\/r.eposta.basinlistem.com\/tr\/cl\/htl4LDnzIUN5u1bUqUze-T8BjRd0J4wqBbwRxiljEc2o-UQLa9EBMaRRguzgFrpt7VWH16kWEfUxUvkJpZx6tp1AcDsZFdRtfYC0cD6MPiXa91JsPwBpt27BkWy7dIkOhCAbKb_4UlK_4uhLKgbxoxsMz_c14smGWW6L7xCuv6tH_QqlhRn60nzzcY_a8pZMZPEPptct63DJ16l1e9YLYREZHlzwzoX3ljPZlhz1lu6HSwcSwRfEO0nYLIl4f1Po-hOjc5uSFIhpRmqBe8H2OkiywfjVSmnDldV4bQTLhc1fx60omHMJazUDhWCyOjQIoxxDmpKEh9ZMwmoq0UP53i8d-0wb6X40ICzwU8mwuxXAOk_2JNqGl7_sSoryDyPMfhN17pDk2EUz_VGuA19AO20oy5Rd2C7HECnf55-eqmuE7WhP\" target=\"_blank\" rel=\"noreferrer noopener\">www.cekulvakfi.org.tr\/<\/a><\/p>\n\n\n\n<figure class=\"wp-block-gallery has-nested-images columns-default is-cropped wp-block-gallery-1 is-layout-flex wp-block-gallery-is-layout-flex\">\n<figure class=\"wp-block-image size-large\"><img loading=\"lazy\" decoding=\"async\" width=\"1024\" height=\"683\" data-id=\"4201\" src=\"https:\/\/famelifemagazin.com\/wp-content\/uploads\/2024\/12\/Fidandikim_6_222417773-1024x683.jpeg\" alt=\"\" class=\"wp-image-4201\" srcset=\"https:\/\/famelifemagazin.com\/wp-content\/uploads\/2024\/12\/Fidandikim_6_222417773-1024x683.jpeg 1024w, https:\/\/famelifemagazin.com\/wp-content\/uploads\/2024\/12\/Fidandikim_6_222417773-300x200.jpeg 300w, https:\/\/famelifemagazin.com\/wp-content\/uploads\/2024\/12\/Fidandikim_6_222417773-768x512.jpeg 768w, https:\/\/famelifemagazin.com\/wp-content\/uploads\/2024\/12\/Fidandikim_6_222417773-1536x1024.jpeg 1536w, https:\/\/famelifemagazin.com\/wp-content\/uploads\/2024\/12\/Fidandikim_6_222417773-2048x1365.jpeg 2048w\" sizes=\"auto, (max-width: 1024px) 100vw, 1024px\" \/><\/figure>\n\n\n\n<figure class=\"wp-block-image size-large\"><img loading=\"lazy\" decoding=\"async\" width=\"1024\" height=\"683\" data-id=\"4203\" src=\"https:\/\/famelifemagazin.com\/wp-content\/uploads\/2024\/12\/Balikesir_toplu_223109313-1024x683.jpeg\" alt=\"\" class=\"wp-image-4203\" srcset=\"https:\/\/famelifemagazin.com\/wp-content\/uploads\/2024\/12\/Balikesir_toplu_223109313-1024x683.jpeg 1024w, https:\/\/famelifemagazin.com\/wp-content\/uploads\/2024\/12\/Balikesir_toplu_223109313-300x200.jpeg 300w, https:\/\/famelifemagazin.com\/wp-content\/uploads\/2024\/12\/Balikesir_toplu_223109313-768x512.jpeg 768w, https:\/\/famelifemagazin.com\/wp-content\/uploads\/2024\/12\/Balikesir_toplu_223109313-1536x1024.jpeg 1536w, https:\/\/famelifemagazin.com\/wp-content\/uploads\/2024\/12\/Balikesir_toplu_223109313-2048x1365.jpeg 2048w\" sizes=\"auto, (max-width: 1024px) 100vw, 1024px\" \/><\/figure>\n\n\n\n<figure class=\"wp-block-image size-large\"><img loading=\"lazy\" decoding=\"async\" width=\"1024\" height=\"683\" data-id=\"4200\" src=\"https:\/\/famelifemagazin.com\/wp-content\/uploads\/2024\/12\/fidandikim_1_222416859-1024x683.jpeg\" alt=\"\" class=\"wp-image-4200\" srcset=\"https:\/\/famelifemagazin.com\/wp-content\/uploads\/2024\/12\/fidandikim_1_222416859-1024x683.jpeg 1024w, https:\/\/famelifemagazin.com\/wp-content\/uploads\/2024\/12\/fidandikim_1_222416859-300x200.jpeg 300w, https:\/\/famelifemagazin.com\/wp-content\/uploads\/2024\/12\/fidandikim_1_222416859-768x512.jpeg 768w, https:\/\/famelifemagazin.com\/wp-content\/uploads\/2024\/12\/fidandikim_1_222416859-1536x1024.jpeg 1536w, https:\/\/famelifemagazin.com\/wp-content\/uploads\/2024\/12\/fidandikim_1_222416859-2048x1365.jpeg 2048w\" sizes=\"auto, (max-width: 1024px) 100vw, 1024px\" \/><\/figure>\n\n\n\n<figure class=\"wp-block-image size-large\"><img loading=\"lazy\" decoding=\"async\" width=\"1024\" height=\"683\" data-id=\"4204\" src=\"https:\/\/famelifemagazin.com\/wp-content\/uploads\/2024\/12\/Fidan-dikim-alani_222415852-1024x683.jpeg\" alt=\"\" class=\"wp-image-4204\" srcset=\"https:\/\/famelifemagazin.com\/wp-content\/uploads\/2024\/12\/Fidan-dikim-alani_222415852-1024x683.jpeg 1024w, https:\/\/famelifemagazin.com\/wp-content\/uploads\/2024\/12\/Fidan-dikim-alani_222415852-300x200.jpeg 300w, https:\/\/famelifemagazin.com\/wp-content\/uploads\/2024\/12\/Fidan-dikim-alani_222415852-768x512.jpeg 768w, https:\/\/famelifemagazin.com\/wp-content\/uploads\/2024\/12\/Fidan-dikim-alani_222415852-1536x1024.jpeg 1536w, https:\/\/famelifemagazin.com\/wp-content\/uploads\/2024\/12\/Fidan-dikim-alani_222415852-2048x1365.jpeg 2048w\" sizes=\"auto, (max-width: 1024px) 100vw, 1024px\" \/><\/figure>\n\n\n\n<figure class=\"wp-block-image size-large\"><img loading=\"lazy\" decoding=\"async\" width=\"1024\" height=\"682\" data-id=\"4199\" src=\"https:\/\/famelifemagazin.com\/wp-content\/uploads\/2024\/12\/Fidan-dikaim_toplu_4_222415437-1024x682.jpeg\" alt=\"\" class=\"wp-image-4199\" srcset=\"https:\/\/famelifemagazin.com\/wp-content\/uploads\/2024\/12\/Fidan-dikaim_toplu_4_222415437-1024x682.jpeg 1024w, https:\/\/famelifemagazin.com\/wp-content\/uploads\/2024\/12\/Fidan-dikaim_toplu_4_222415437-300x200.jpeg 300w, https:\/\/famelifemagazin.com\/wp-content\/uploads\/2024\/12\/Fidan-dikaim_toplu_4_222415437-768x512.jpeg 768w, https:\/\/famelifemagazin.com\/wp-content\/uploads\/2024\/12\/Fidan-dikaim_toplu_4_222415437-1536x1023.jpeg 1536w, https:\/\/famelifemagazin.com\/wp-content\/uploads\/2024\/12\/Fidan-dikaim_toplu_4_222415437.jpeg 1600w\" sizes=\"auto, (max-width: 1024px) 100vw, 1024px\" \/><\/figure>\n\n\n\n<figure class=\"wp-block-image size-large\"><img loading=\"lazy\" decoding=\"async\" width=\"1024\" height=\"683\" data-id=\"4202\" src=\"https:\/\/famelifemagazin.com\/wp-content\/uploads\/2024\/12\/Fidan_dikimi_5_222415348-1024x683.jpeg\" alt=\"\" class=\"wp-image-4202\" srcset=\"https:\/\/famelifemagazin.com\/wp-content\/uploads\/2024\/12\/Fidan_dikimi_5_222415348-1024x683.jpeg 1024w, https:\/\/famelifemagazin.com\/wp-content\/uploads\/2024\/12\/Fidan_dikimi_5_222415348-300x200.jpeg 300w, https:\/\/famelifemagazin.com\/wp-content\/uploads\/2024\/12\/Fidan_dikimi_5_222415348-768x512.jpeg 768w, https:\/\/famelifemagazin.com\/wp-content\/uploads\/2024\/12\/Fidan_dikimi_5_222415348-1536x1024.jpeg 1536w, https:\/\/famelifemagazin.com\/wp-content\/uploads\/2024\/12\/Fidan_dikimi_5_222415348-2048x1365.jpeg 2048w\" sizes=\"auto, (max-width: 1024px) 100vw, 1024px\" \/><\/figure>\n\n\n\n<figure class=\"wp-block-image size-full\"><img decoding=\"async\" data-id=\"4205\" src=\"https:\/\/famelifemagazin.com\/wp-content\/uploads\/2024\/12\/fidandikimalani_222414871.jpeg\" alt=\"\" class=\"wp-image-4205\"\/><\/figure>\n\n\n\n<figure class=\"wp-block-image size-large\"><img loading=\"lazy\" decoding=\"async\" width=\"1024\" height=\"682\" data-id=\"4206\" src=\"https:\/\/famelifemagazin.com\/wp-content\/uploads\/2024\/12\/Toplu-balkesir_son_222413848-1024x682.jpeg\" alt=\"\" class=\"wp-image-4206\" srcset=\"https:\/\/famelifemagazin.com\/wp-content\/uploads\/2024\/12\/Toplu-balkesir_son_222413848-1024x682.jpeg 1024w, https:\/\/famelifemagazin.com\/wp-content\/uploads\/2024\/12\/Toplu-balkesir_son_222413848-300x200.jpeg 300w, https:\/\/famelifemagazin.com\/wp-content\/uploads\/2024\/12\/Toplu-balkesir_son_222413848-768x512.jpeg 768w, https:\/\/famelifemagazin.com\/wp-content\/uploads\/2024\/12\/Toplu-balkesir_son_222413848-1536x1023.jpeg 1536w, https:\/\/famelifemagazin.com\/wp-content\/uploads\/2024\/12\/Toplu-balkesir_son_222413848.jpeg 1600w\" sizes=\"auto, (max-width: 1024px) 100vw, 1024px\" \/><\/figure>\n<\/figure>\n","protected":false},"excerpt":{"rendered":"<p>Bal\u0131kesir\u2019de, Cumhuriyetimizin 100.y\u0131l\u0131na arma\u011fan edilen \u201c100. Y\u0131l Orman\u0131 Dikim \u015eenli\u011fi\u201d ger\u00e7ekle\u015ftirildi. \u00c7EK\u00dcL Vakf\u0131, Bal\u0131kesir B\u00fcy\u00fck\u015fehir Belediyesi, \u0130vrindi Belediyesi ve \u0130vrindi Orman \u0130\u015fletme \u015eefli\u011fi i\u015fbirli\u011fiyle d\u00fczenlenen etkinli\u011fe do\u011faseverler yo\u011fun ilgi g\u00f6sterdi. \u015eenlikte 100 fidan sembolik olarak topra\u011fa kavu\u015ftu ve 100 bin hedefi de ger\u00e7ekle\u015ftirilmi\u015f oldu. Bal\u0131kesir, \u0130vrindi Bal\u0131kesir, Cumhuriyetimizin 100. y\u0131l\u0131na yak\u0131\u015f\u0131r anlaml\u0131 bir etkinli\u011fe ev [&hellip;]<\/p>\n","protected":false},"author":1,"featured_media":4202,"comment_status":"open","ping_status":"open","sticky":false,"template":"","format":"standard","meta":{"footnotes":""},"categories":[3,8],"tags":[],"class_list":["post-4198","post","type-post","status-publish","format-standard","has-post-thumbnail","hentry","category-son-haberler","category-sosyal-projeler"],"_links":{"self":[{"href":"https:\/\/famelifemagazin.com\/index.php?rest_route=\/wp\/v2\/posts\/4198","targetHints":{"allow":["GET"]}}],"collection":[{"href":"https:\/\/famelifemagazin.com\/index.php?rest_route=\/wp\/v2\/posts"}],"about":[{"href":"https:\/\/famelifemagazin.com\/index.php?rest_route=\/wp\/v2\/types\/post"}],"author":[{"embeddable":true,"href":"https:\/\/famelifemagazin.com\/index.php?rest_route=\/wp\/v2\/users\/1"}],"replies":[{"embeddable":true,"href":"https:\/\/famelifemagazin.com\/index.php?rest_route=%2Fwp%2Fv2%2Fcomments&post=4198"}],"version-history":[{"count":2,"href":"https:\/\/famelifemagazin.com\/index.php?rest_route=\/wp\/v2\/posts\/4198\/revisions"}],"predecessor-version":[{"id":4209,"href":"https:\/\/famelifemagazin.com\/index.php?rest_route=\/wp\/v2\/posts\/4198\/revisions\/4209"}],"wp:featuredmedia":[{"embeddable":true,"href":"https:\/\/famelifemagazin.com\/index.php?rest_route=\/wp\/v2\/media\/4202"}],"wp:attachment":[{"href":"https:\/\/famelifemagazin.com\/index.php?rest_route=%2Fwp%2Fv2%2Fmedia&parent=4198"}],"wp:term":[{"taxonomy":"category","embeddable":true,"href":"https:\/\/famelifemagazin.com\/index.php?rest_route=%2Fwp%2Fv2%2Fcategories&post=4198"},{"taxonomy":"post_tag","embeddable":true,"href":"https:\/\/famelifemagazin.com\/index.php?rest_route=%2Fwp%2Fv2%2Ftags&post=4198"}],"curies":[{"name":"wp","href":"https:\/\/api.w.org\/{rel}","templated":true}]}}