{"id":4180,"date":"2024-12-01T08:24:59","date_gmt":"2024-12-01T08:24:59","guid":{"rendered":"https:\/\/famelifemagazin.com\/?p=4180"},"modified":"2024-12-01T08:24:59","modified_gmt":"2024-12-01T08:24:59","slug":"kusak-ve-yol-tamamlandi-turk-yelkenciler-zirvede","status":"publish","type":"post","link":"https:\/\/famelifemagazin.com\/?p=4180","title":{"rendered":"KU\u015eAK VE YOL TAMAMLANDI, T\u00dcRK YELKENC\u0130LER Z\u0130RVEDE."},"content":{"rendered":"\n<p><strong>2024 Ku\u015fak ve Yol Uluslararas\u0131 Yelken Yar\u0131\u015fmas\u0131 sonu\u00e7land\u0131. T\u00fcrk tak\u0131mlar\u0131 zirveye yerle\u015fti.<\/strong><\/p>\n\n\n\n<p><strong>Bodrum&#8217;un Aspat b\u00f6lgesinde J\/70 klasman\u0131nda d\u00fczenlenen 2024 Ku\u015fak ve Yol Uluslararas\u0131 Yelken Yar\u0131\u015fmas\u0131 sonu\u00e7land\u0131. 3 g\u00fcn s\u00fcren toplam 5 yar\u0131\u015fta 13 tak\u0131mdan 60 sporcu k\u0131yas\u0131ya m\u00fccadele etti.<\/strong><\/p>\n\n\n\n<p>Yar\u0131\u015fmay\u0131 Hakan Karakaplan kaptanl\u0131\u011f\u0131ndaki Ameera Jet tak\u0131m\u0131 6.0 net puanla birinci, Arif G\u00fcrdenli kaptanl\u0131\u011f\u0131ndaki Orient Jr. 11.0 net puanla ikinci ve Engin \u00d6zgen kaptanl\u0131\u011f\u0131ndaki Sail Fast Racing 16.0 net puanla \u00fc\u00e7\u00fcnc\u00fc olarak tamamlad\u0131.<\/p>\n\n\n\n<p>Dereceye giren tak\u0131mlara \u00f6d\u00fclleri d\u00fczenlenen t\u00f6renle verildi. T\u00f6rende \u00c7in&#8217;in \u00fcnl\u00fc devlet sanat\u00e7\u0131lar\u0131ndan Liu Jindan, y\u00f6resel k\u0131yafetleriyle sahne alarak \u015fark\u0131 s\u00f6yledi. Ayr\u0131ca T\u00fck halk oyunlar\u0131 ekibi de g\u00f6steri sergiledi.<\/p>\n\n\n\n<p>\u00d6d\u00fcl t\u00f6reninde konu\u015fan Bodrum Kaymakam\u0131 Mustafa \u00c7it, &#8220;Bu y\u0131l ilk kez yap\u0131lan Ku\u015fak ve Yol Yelken Yar\u0131\u015flar\u0131n\u0131n her y\u0131l tekrarlanmas\u0131n\u0131 diliyorum. \u0130yi ili\u015fkiler i\u00e7in sportif etkinliklerin devam\u0131n\u0131 istiyoruz.&#8221; dedi.<\/p>\n\n\n\n<p>T\u00f6rende ayr\u0131ca \u00c7in Halk Cumhuriyeti Ankara B\u00fcy\u00fckel\u00e7ili\u011fi\u2019nden \u00f6d\u00fcl t\u00f6reni i\u00e7in Bodrum\u2019a gelen konsolos Meifen Zhou&#8217;ya g\u00fcn\u00fcn an\u0131s\u0131na hediye verildi.<\/p>\n\n\n\n<figure class=\"wp-block-gallery has-nested-images columns-default is-cropped wp-block-gallery-1 is-layout-flex wp-block-gallery-is-layout-flex\">\n<figure class=\"wp-block-image size-large\"><img loading=\"lazy\" decoding=\"async\" width=\"1000\" height=\"668\" data-id=\"4181\" src=\"https:\/\/famelifemagazin.com\/wp-content\/uploads\/2024\/12\/Fotograf-1.-1.jpg\" alt=\"\" class=\"wp-image-4181\" srcset=\"https:\/\/famelifemagazin.com\/wp-content\/uploads\/2024\/12\/Fotograf-1.-1.jpg 1000w, https:\/\/famelifemagazin.com\/wp-content\/uploads\/2024\/12\/Fotograf-1.-1-300x200.jpg 300w, https:\/\/famelifemagazin.com\/wp-content\/uploads\/2024\/12\/Fotograf-1.-1-768x513.jpg 768w\" sizes=\"auto, (max-width: 1000px) 100vw, 1000px\" \/><\/figure>\n\n\n\n<figure class=\"wp-block-image size-large\"><img loading=\"lazy\" decoding=\"async\" width=\"1000\" height=\"668\" data-id=\"4184\" src=\"https:\/\/famelifemagazin.com\/wp-content\/uploads\/2024\/12\/Birinci-olan-takim-Ameera-Jet.jpg\" alt=\"\" class=\"wp-image-4184\" srcset=\"https:\/\/famelifemagazin.com\/wp-content\/uploads\/2024\/12\/Birinci-olan-takim-Ameera-Jet.jpg 1000w, https:\/\/famelifemagazin.com\/wp-content\/uploads\/2024\/12\/Birinci-olan-takim-Ameera-Jet-300x200.jpg 300w, https:\/\/famelifemagazin.com\/wp-content\/uploads\/2024\/12\/Birinci-olan-takim-Ameera-Jet-768x513.jpg 768w\" sizes=\"auto, (max-width: 1000px) 100vw, 1000px\" \/><\/figure>\n\n\n\n<figure class=\"wp-block-image size-large\"><img loading=\"lazy\" decoding=\"async\" width=\"1000\" height=\"668\" data-id=\"4182\" src=\"https:\/\/famelifemagazin.com\/wp-content\/uploads\/2024\/12\/Fotograf-2-1.jpg\" alt=\"\" class=\"wp-image-4182\" srcset=\"https:\/\/famelifemagazin.com\/wp-content\/uploads\/2024\/12\/Fotograf-2-1.jpg 1000w, https:\/\/famelifemagazin.com\/wp-content\/uploads\/2024\/12\/Fotograf-2-1-300x200.jpg 300w, https:\/\/famelifemagazin.com\/wp-content\/uploads\/2024\/12\/Fotograf-2-1-768x513.jpg 768w\" sizes=\"auto, (max-width: 1000px) 100vw, 1000px\" \/><\/figure>\n\n\n\n<figure class=\"wp-block-image size-large\"><img loading=\"lazy\" decoding=\"async\" width=\"1000\" height=\"668\" data-id=\"4185\" src=\"https:\/\/famelifemagazin.com\/wp-content\/uploads\/2024\/12\/Fotograf-3_8894.jpg\" alt=\"\" class=\"wp-image-4185\" srcset=\"https:\/\/famelifemagazin.com\/wp-content\/uploads\/2024\/12\/Fotograf-3_8894.jpg 1000w, https:\/\/famelifemagazin.com\/wp-content\/uploads\/2024\/12\/Fotograf-3_8894-300x200.jpg 300w, https:\/\/famelifemagazin.com\/wp-content\/uploads\/2024\/12\/Fotograf-3_8894-768x513.jpg 768w\" sizes=\"auto, (max-width: 1000px) 100vw, 1000px\" \/><\/figure>\n\n\n\n<figure class=\"wp-block-image size-large\"><img loading=\"lazy\" decoding=\"async\" width=\"1000\" height=\"668\" data-id=\"4183\" src=\"https:\/\/famelifemagazin.com\/wp-content\/uploads\/2024\/12\/Cinli-sarkici-Liu-Jindan-.jpg\" alt=\"\" class=\"wp-image-4183\" srcset=\"https:\/\/famelifemagazin.com\/wp-content\/uploads\/2024\/12\/Cinli-sarkici-Liu-Jindan-.jpg 1000w, https:\/\/famelifemagazin.com\/wp-content\/uploads\/2024\/12\/Cinli-sarkici-Liu-Jindan--300x200.jpg 300w, https:\/\/famelifemagazin.com\/wp-content\/uploads\/2024\/12\/Cinli-sarkici-Liu-Jindan--768x513.jpg 768w\" sizes=\"auto, (max-width: 1000px) 100vw, 1000px\" \/><\/figure>\n\n\n\n<figure class=\"wp-block-image size-large\"><img loading=\"lazy\" decoding=\"async\" width=\"1000\" height=\"668\" data-id=\"4186\" src=\"https:\/\/famelifemagazin.com\/wp-content\/uploads\/2024\/12\/Cin-konsolos-Meifen-Zhou-.jpg\" alt=\"\" class=\"wp-image-4186\" srcset=\"https:\/\/famelifemagazin.com\/wp-content\/uploads\/2024\/12\/Cin-konsolos-Meifen-Zhou-.jpg 1000w, https:\/\/famelifemagazin.com\/wp-content\/uploads\/2024\/12\/Cin-konsolos-Meifen-Zhou--300x200.jpg 300w, https:\/\/famelifemagazin.com\/wp-content\/uploads\/2024\/12\/Cin-konsolos-Meifen-Zhou--768x513.jpg 768w\" sizes=\"auto, (max-width: 1000px) 100vw, 1000px\" \/><\/figure>\n\n\n\n<figure class=\"wp-block-image size-large\"><img loading=\"lazy\" decoding=\"async\" width=\"1000\" height=\"668\" data-id=\"4187\" src=\"https:\/\/famelifemagazin.com\/wp-content\/uploads\/2024\/12\/Fotograf-2.jpg\" alt=\"\" class=\"wp-image-4187\" srcset=\"https:\/\/famelifemagazin.com\/wp-content\/uploads\/2024\/12\/Fotograf-2.jpg 1000w, https:\/\/famelifemagazin.com\/wp-content\/uploads\/2024\/12\/Fotograf-2-300x200.jpg 300w, https:\/\/famelifemagazin.com\/wp-content\/uploads\/2024\/12\/Fotograf-2-768x513.jpg 768w\" sizes=\"auto, (max-width: 1000px) 100vw, 1000px\" \/><\/figure>\n\n\n\n<figure class=\"wp-block-image size-large\"><img loading=\"lazy\" decoding=\"async\" width=\"1000\" height=\"668\" data-id=\"4188\" src=\"https:\/\/famelifemagazin.com\/wp-content\/uploads\/2024\/12\/Fotograf-1.jpg\" alt=\"\" class=\"wp-image-4188\" srcset=\"https:\/\/famelifemagazin.com\/wp-content\/uploads\/2024\/12\/Fotograf-1.jpg 1000w, https:\/\/famelifemagazin.com\/wp-content\/uploads\/2024\/12\/Fotograf-1-300x200.jpg 300w, https:\/\/famelifemagazin.com\/wp-content\/uploads\/2024\/12\/Fotograf-1-768x513.jpg 768w\" sizes=\"auto, (max-width: 1000px) 100vw, 1000px\" \/><\/figure>\n<\/figure>\n","protected":false},"excerpt":{"rendered":"<p>2024 Ku\u015fak ve Yol Uluslararas\u0131 Yelken Yar\u0131\u015fmas\u0131 sonu\u00e7land\u0131. T\u00fcrk tak\u0131mlar\u0131 zirveye yerle\u015fti. Bodrum&#8217;un Aspat b\u00f6lgesinde J\/70 klasman\u0131nda d\u00fczenlenen 2024 Ku\u015fak ve Yol Uluslararas\u0131 Yelken Yar\u0131\u015fmas\u0131 sonu\u00e7land\u0131. 3 g\u00fcn s\u00fcren toplam 5 yar\u0131\u015fta 13 tak\u0131mdan 60 sporcu k\u0131yas\u0131ya m\u00fccadele etti. Yar\u0131\u015fmay\u0131 Hakan Karakaplan kaptanl\u0131\u011f\u0131ndaki Ameera Jet tak\u0131m\u0131 6.0 net puanla birinci, Arif G\u00fcrdenli kaptanl\u0131\u011f\u0131ndaki Orient Jr. [&hellip;]<\/p>\n","protected":false},"author":1,"featured_media":4187,"comment_status":"open","ping_status":"open","sticky":false,"template":"","format":"standard","meta":{"footnotes":""},"categories":[3,22],"tags":[],"class_list":["post-4180","post","type-post","status-publish","format-standard","has-post-thumbnail","hentry","category-son-haberler","category-spor"],"_links":{"self":[{"href":"https:\/\/famelifemagazin.com\/index.php?rest_route=\/wp\/v2\/posts\/4180","targetHints":{"allow":["GET"]}}],"collection":[{"href":"https:\/\/famelifemagazin.com\/index.php?rest_route=\/wp\/v2\/posts"}],"about":[{"href":"https:\/\/famelifemagazin.com\/index.php?rest_route=\/wp\/v2\/types\/post"}],"author":[{"embeddable":true,"href":"https:\/\/famelifemagazin.com\/index.php?rest_route=\/wp\/v2\/users\/1"}],"replies":[{"embeddable":true,"href":"https:\/\/famelifemagazin.com\/index.php?rest_route=%2Fwp%2Fv2%2Fcomments&post=4180"}],"version-history":[{"count":1,"href":"https:\/\/famelifemagazin.com\/index.php?rest_route=\/wp\/v2\/posts\/4180\/revisions"}],"predecessor-version":[{"id":4189,"href":"https:\/\/famelifemagazin.com\/index.php?rest_route=\/wp\/v2\/posts\/4180\/revisions\/4189"}],"wp:featuredmedia":[{"embeddable":true,"href":"https:\/\/famelifemagazin.com\/index.php?rest_route=\/wp\/v2\/media\/4187"}],"wp:attachment":[{"href":"https:\/\/famelifemagazin.com\/index.php?rest_route=%2Fwp%2Fv2%2Fmedia&parent=4180"}],"wp:term":[{"taxonomy":"category","embeddable":true,"href":"https:\/\/famelifemagazin.com\/index.php?rest_route=%2Fwp%2Fv2%2Fcategories&post=4180"},{"taxonomy":"post_tag","embeddable":true,"href":"https:\/\/famelifemagazin.com\/index.php?rest_route=%2Fwp%2Fv2%2Ftags&post=4180"}],"curies":[{"name":"wp","href":"https:\/\/api.w.org\/{rel}","templated":true}]}}