{"id":4143,"date":"2024-11-28T07:26:52","date_gmt":"2024-11-28T07:26:52","guid":{"rendered":"https:\/\/famelifemagazin.com\/?p=4143"},"modified":"2024-11-28T07:26:53","modified_gmt":"2024-11-28T07:26:53","slug":"chery-omoda-5-pro-modeli-icin-wicked-filmi-ile-is-birligi-yapti","status":"publish","type":"post","link":"https:\/\/famelifemagazin.com\/?p=4143","title":{"rendered":"Chery OMODA 5 PRO Modeli \u0130\u00e7in Wicked Filmi ile \u0130\u015f Birli\u011fi Yapt\u0131!"},"content":{"rendered":"\n<p><strong>\u00c7in\u2019in en b\u00fcy\u00fck otomotiv \u00fcreticilerinden Chery\u2019nin yenilik\u00e7i ve modaya uygun tasar\u0131m diline sahip SUV modeli OMODA 5 PRO, son olarak E5 Green Witch Edition ve C5 Pink Witch Edition olmak \u00fczere iki \u00f6zel tasar\u0131ml\u0131 otomobil giydirmesini ortakla\u015fa hayata ge\u00e7irmek \u00fczere Wicked filmi ile i\u015f birli\u011fi yapt\u0131. <\/strong><\/p>\n\n\n\n<p><strong>Bu iki ara\u00e7 giydirmesi, film \u00f6\u011felerini OMODA 5 PRO\u2019ya m\u00fckemmel bir \u015fekilde entegre etmekle birlikte Wicked&#8217;\u0131n klasik karakterleri Elphaba ve Glinda&#8217;n\u0131n g\u00f6r\u00fcnt\u00fclerini ara\u00e7 g\u00f6vdesinde sunarak, gen\u00e7 kitlenin fantastik d\u00fcnyaya olan ilgisine ve tutkusuna dokunuyor.<\/strong><\/p>\n\n\n\n<figure class=\"wp-block-gallery has-nested-images columns-default is-cropped wp-block-gallery-1 is-layout-flex wp-block-gallery-is-layout-flex\">\n<figure class=\"wp-block-image size-large\"><img loading=\"lazy\" decoding=\"async\" width=\"1024\" height=\"594\" data-id=\"4145\" src=\"https:\/\/famelifemagazin.com\/wp-content\/uploads\/2024\/11\/Chery-OMODA-5-PRO-2-1024x594.jpeg\" alt=\"\" class=\"wp-image-4145\" srcset=\"https:\/\/famelifemagazin.com\/wp-content\/uploads\/2024\/11\/Chery-OMODA-5-PRO-2-1024x594.jpeg 1024w, https:\/\/famelifemagazin.com\/wp-content\/uploads\/2024\/11\/Chery-OMODA-5-PRO-2-300x174.jpeg 300w, https:\/\/famelifemagazin.com\/wp-content\/uploads\/2024\/11\/Chery-OMODA-5-PRO-2-768x446.jpeg 768w, https:\/\/famelifemagazin.com\/wp-content\/uploads\/2024\/11\/Chery-OMODA-5-PRO-2-1536x892.jpeg 1536w, https:\/\/famelifemagazin.com\/wp-content\/uploads\/2024\/11\/Chery-OMODA-5-PRO-2-2048x1189.jpeg 2048w\" sizes=\"auto, (max-width: 1024px) 100vw, 1024px\" \/><\/figure>\n\n\n\n<figure class=\"wp-block-image size-full\"><img decoding=\"async\" data-id=\"4144\" src=\"https:\/\/famelifemagazin.com\/wp-content\/uploads\/2024\/11\/Chery-OMODA-5-PRO-1.jpeg\" alt=\"\" class=\"wp-image-4144\"\/><\/figure>\n<\/figure>\n\n\n<div class=\"wp-block-image\">\n<figure class=\"aligncenter size-large is-resized\"><img loading=\"lazy\" decoding=\"async\" width=\"1024\" height=\"576\" src=\"https:\/\/famelifemagazin.com\/wp-content\/uploads\/2024\/11\/CHERY_OMODA-5-PRO-4-1024x576.jpg\" alt=\"\" class=\"wp-image-4147\" style=\"width:432px;height:auto\" srcset=\"https:\/\/famelifemagazin.com\/wp-content\/uploads\/2024\/11\/CHERY_OMODA-5-PRO-4-1024x576.jpg 1024w, https:\/\/famelifemagazin.com\/wp-content\/uploads\/2024\/11\/CHERY_OMODA-5-PRO-4-300x169.jpg 300w, https:\/\/famelifemagazin.com\/wp-content\/uploads\/2024\/11\/CHERY_OMODA-5-PRO-4-768x432.jpg 768w, https:\/\/famelifemagazin.com\/wp-content\/uploads\/2024\/11\/CHERY_OMODA-5-PRO-4-1536x864.jpg 1536w, https:\/\/famelifemagazin.com\/wp-content\/uploads\/2024\/11\/CHERY_OMODA-5-PRO-4-2048x1152.jpg 2048w\" sizes=\"auto, (max-width: 1024px) 100vw, 1024px\" \/><\/figure>\n<\/div>","protected":false},"excerpt":{"rendered":"<p>\u00c7in\u2019in en b\u00fcy\u00fck otomotiv \u00fcreticilerinden Chery\u2019nin yenilik\u00e7i ve modaya uygun tasar\u0131m diline sahip SUV modeli OMODA 5 PRO, son olarak E5 Green Witch Edition ve C5 Pink Witch Edition olmak \u00fczere iki \u00f6zel tasar\u0131ml\u0131 otomobil giydirmesini ortakla\u015fa hayata ge\u00e7irmek \u00fczere Wicked filmi ile i\u015f birli\u011fi yapt\u0131. Bu iki ara\u00e7 giydirmesi, film \u00f6\u011felerini OMODA 5 PRO\u2019ya [&hellip;]<\/p>\n","protected":false},"author":1,"featured_media":4146,"comment_status":"open","ping_status":"open","sticky":false,"template":"","format":"standard","meta":{"footnotes":""},"categories":[14,3],"tags":[],"class_list":["post-4143","post","type-post","status-publish","format-standard","has-post-thumbnail","hentry","category-otomotiv","category-son-haberler"],"_links":{"self":[{"href":"https:\/\/famelifemagazin.com\/index.php?rest_route=\/wp\/v2\/posts\/4143","targetHints":{"allow":["GET"]}}],"collection":[{"href":"https:\/\/famelifemagazin.com\/index.php?rest_route=\/wp\/v2\/posts"}],"about":[{"href":"https:\/\/famelifemagazin.com\/index.php?rest_route=\/wp\/v2\/types\/post"}],"author":[{"embeddable":true,"href":"https:\/\/famelifemagazin.com\/index.php?rest_route=\/wp\/v2\/users\/1"}],"replies":[{"embeddable":true,"href":"https:\/\/famelifemagazin.com\/index.php?rest_route=%2Fwp%2Fv2%2Fcomments&post=4143"}],"version-history":[{"count":1,"href":"https:\/\/famelifemagazin.com\/index.php?rest_route=\/wp\/v2\/posts\/4143\/revisions"}],"predecessor-version":[{"id":4148,"href":"https:\/\/famelifemagazin.com\/index.php?rest_route=\/wp\/v2\/posts\/4143\/revisions\/4148"}],"wp:featuredmedia":[{"embeddable":true,"href":"https:\/\/famelifemagazin.com\/index.php?rest_route=\/wp\/v2\/media\/4146"}],"wp:attachment":[{"href":"https:\/\/famelifemagazin.com\/index.php?rest_route=%2Fwp%2Fv2%2Fmedia&parent=4143"}],"wp:term":[{"taxonomy":"category","embeddable":true,"href":"https:\/\/famelifemagazin.com\/index.php?rest_route=%2Fwp%2Fv2%2Fcategories&post=4143"},{"taxonomy":"post_tag","embeddable":true,"href":"https:\/\/famelifemagazin.com\/index.php?rest_route=%2Fwp%2Fv2%2Ftags&post=4143"}],"curies":[{"name":"wp","href":"https:\/\/api.w.org\/{rel}","templated":true}]}}