{"id":413,"date":"2023-12-30T11:41:41","date_gmt":"2023-12-30T11:41:41","guid":{"rendered":"https:\/\/famelifemagazin.com\/?p=413"},"modified":"2023-12-30T11:43:10","modified_gmt":"2023-12-30T11:43:10","slug":"paylasimdan-rahatsiz-oldular","status":"publish","type":"post","link":"https:\/\/famelifemagazin.com\/?p=413","title":{"rendered":"Payla\u015f\u0131mdan rahats\u0131z oldular.."},"content":{"rendered":"\n<h5 class=\"wp-block-heading\">Galatasaray ile Fenerbah\u00e7e aras\u0131nda oynanmas\u0131 planlanan S\u00fcper Kupa ma\u00e7\u0131, Suudi yetkilerin Atat\u00fcrk ti\u015f\u00f6rt\u00fcne izin vermemesi sonras\u0131 ertelendi. Oyuncu&nbsp;<a href=\"https:\/\/www.mynet.com\/haberler\/hande-ercel\">Hande Er\u00e7el<\/a>&nbsp;de sosyal medya hesab\u0131ndan tepki olarak Atat\u00fcrk payla\u015f\u0131m\u0131 yapt\u0131. Bunun \u00fczerine Laverne markas\u0131 Hande&nbsp;<a href=\"https:\/\/www.mynet.com\/haberler\/ercel\">Er\u00e7el<\/a>\u2019in reklam anla\u015fmas\u0131na son verdi. Hande Er\u00e7el konuya dair hen\u00fcz a\u00e7\u0131klama yapmad\u0131.<\/h5>\n\n\n\n<figure class=\"wp-block-image\"><img decoding=\"async\" src=\"https:\/\/imgrosetta.mynet.com.tr\/file\/18202931\/18202931-728xauto.jpg\" alt=\"B\u00fcy\u00fck skandal! Hande Er\u00e7el, Mustafa Kemal Atat\u00fcrk'\u00fcn foto\u011fraf\u0131n\u0131 payla\u015ft\u0131! Suudi marka anla\u015fmay\u0131 sonland\u0131rd\u0131\"\/><\/figure>\n\n\n\n<p>Galatasaray ile Fenerbah\u00e7e Suudi Arabistan&#8217;da S\u00fcper Kupa i\u00e7in kar\u015f\u0131 kar\u015f\u0131ya gelecekti. Ancak Suudi yetkililerin, Galatasaray ve Fenerbah\u00e7e&#8217;nin Atat\u00fcrk ti\u015f\u00f6rt\u00fc ve pankart\u0131 talebine olumsuz yan\u0131t vermesinin ard\u0131ndan iki tak\u0131m da sahaya \u00e7\u0131kmad\u0131.<a href=\"https:\/\/trc.taboola.com\/mynetnewtr-mynet\/log\/3\/click?pi=%2Fbuyuk-skandal-hande-ercel-mustafa-kemal-ataturk-un-fotografini-paylasti-o-marka-anlasmayi-sonlandirdi-490912-mymagazin&amp;ri=86fd028451a80d70e40fe44430050ca9&amp;sd=v2_5adfc95d7b04c7c8e7f814e676abfe97_8e09c4a4-9bf1-4312-abb4-1e60b01d4661-tuct8560043_1703936058_1703936119_CAwQ4d1TGLieh9TLMSADKAQw2QE4juENQJbmDUj-8tkDUP___________wFYAGDLAmj7qrOBteX1_-gBcAE&amp;ui=8e09c4a4-9bf1-4312-abb4-1e60b01d4661-tuct8560043&amp;it=text&amp;ii=~~V1~~-1759636283715214393~~LJK0-zPa5PQ0vOITLa5zQ0ySoOIfkx-Y-sdxEzcz8OGklu5gWl5tyyoVo9c70DwymiVFoCF8GYGGyA_mx-6WudfW6O-_keCgIGJDfyeHoES2qJiYRczCyshW3s8PYGXUyMeq4TRIr9cW-SHJPnbRzQ&amp;pt=text&amp;li=rbox-t2m&amp;sig=2075efc1aa32ec068459b464b289b0e7789e671f3192&amp;redir=https%3A%2F%2Fwww.axasigorta.com.tr%2Fsaglik-sigortasi%2Fdijital-saglik-sigortasi%3Futm_source%3Dxaxis%26utm_medium%3Dconsideration_native_inventory%26utm_campaign%3Dcons_lead_destek_dijital_saglik_native%26tblci%3DGiAJKk_-QK7LqFMFu8Nz1VsRCia4efH1s0b057kBWIasdyCIlkwoiNH7pIyZ7dPyAQ%23tblciGiAJKk_-QK7LqFMFu8Nz1VsRCia4efH1s0b057kBWIasdyCIlkwoiNH7pIyZ7dPyAQ&amp;vi=1703936118584&amp;p=unbd-axasigorta-sc-tr&amp;r=17&amp;tvi48=10143&amp;tvi50=9864&amp;lti=deflated&amp;ppb=CLMG&amp;cpb=EhIyMDIzMTIyOC01LVJFTEVBU0UYgLrb0wYgwqMrKhZ0YWJvb2xhc3luZGljYXRpb24uY29tMgh0cmMwMDE1NDiAlv3-AUCO4Q1IluYNUP7y2QNY____________AWMI0DcQn08YMGRjCKo1EIhNGDJkYwjXFhDVHxgjZGMIglUQtHAYJGRjCNIDEOAGGAhkYwiWFBCgHBgYZGMI9BQQnh0YH2RjCKQnEIM1GC9keAKAARCIAdOB3dIBkAEJmAHGqIfUyzE&amp;vct=0.16\" target=\"_blank\" rel=\"noreferrer noopener\"><\/a><\/p>\n\n\n\n<p>Ya\u015fanan geli\u015fmelerin ard\u0131ndan S\u00fcper Kupa ma\u00e7\u0131 ertelendi. T\u00fcrkiye&#8217;de bu skandal engel b\u00fcy\u00fck tepki \u00e7ekti. Hande Er\u00e7el de pek \u00e7ok \u00fcnl\u00fc gibi sosyal medyadan Atat\u00fcrk foto\u011fraf\u0131 payla\u015ft\u0131.<\/p>\n\n\n\n<figure class=\"wp-block-image\"><img decoding=\"async\" src=\"https:\/\/imgrosetta.mynet.com.tr\/file\/18202902\/640xauto.jpg\" alt=\"dfdfd\"\/><\/figure>\n\n\n\n<p>Suudilere ait Laverne markas\u0131 Hande Er\u00e7el\u2019in Mustafa Kemal Atat\u00fcrk&#8217;\u00fcn foto\u011fraf\u0131n\u0131 payla\u015fmas\u0131ndan rahats\u0131z oldu. Payla\u015f\u0131m \u00fczerine oyuncu ile olan reklam anla\u015fmas\u0131na son verdi\u011fini duyuran markaya tepki ya\u011f\u0131yor.<\/p>\n\n\n\n<p>Payla\u015f\u0131mda &#8220;En kolay kararlar vatanla ilgili kararlard\u0131r ve vatan k\u0131rm\u0131z\u0131 \u00e7izgi oldu\u011fu i\u00e7in&#8230; Laverne, Hande Er\u00e7el ile olan reklam s\u00f6zle\u015fmesini feshetmeye karar verdi&#8221; denildi.<\/p>\n","protected":false},"excerpt":{"rendered":"<p>Galatasaray ile Fenerbah\u00e7e aras\u0131nda oynanmas\u0131 planlanan S\u00fcper Kupa ma\u00e7\u0131, Suudi yetkilerin Atat\u00fcrk ti\u015f\u00f6rt\u00fcne izin vermemesi sonras\u0131 ertelendi. Oyuncu&nbsp;Hande Er\u00e7el&nbsp;de sosyal medya hesab\u0131ndan tepki olarak Atat\u00fcrk payla\u015f\u0131m\u0131 yapt\u0131. Bunun \u00fczerine Laverne markas\u0131 Hande&nbsp;Er\u00e7el\u2019in reklam anla\u015fmas\u0131na son verdi. Hande Er\u00e7el konuya dair hen\u00fcz a\u00e7\u0131klama yapmad\u0131. Galatasaray ile Fenerbah\u00e7e Suudi Arabistan&#8217;da S\u00fcper Kupa i\u00e7in kar\u015f\u0131 kar\u015f\u0131ya gelecekti. Ancak [&hellip;]<\/p>\n","protected":false},"author":1,"featured_media":416,"comment_status":"open","ping_status":"open","sticky":false,"template":"","format":"standard","meta":{"footnotes":""},"categories":[3],"tags":[],"class_list":["post-413","post","type-post","status-publish","format-standard","has-post-thumbnail","hentry","category-son-haberler"],"_links":{"self":[{"href":"https:\/\/famelifemagazin.com\/index.php?rest_route=\/wp\/v2\/posts\/413","targetHints":{"allow":["GET"]}}],"collection":[{"href":"https:\/\/famelifemagazin.com\/index.php?rest_route=\/wp\/v2\/posts"}],"about":[{"href":"https:\/\/famelifemagazin.com\/index.php?rest_route=\/wp\/v2\/types\/post"}],"author":[{"embeddable":true,"href":"https:\/\/famelifemagazin.com\/index.php?rest_route=\/wp\/v2\/users\/1"}],"replies":[{"embeddable":true,"href":"https:\/\/famelifemagazin.com\/index.php?rest_route=%2Fwp%2Fv2%2Fcomments&post=413"}],"version-history":[{"count":1,"href":"https:\/\/famelifemagazin.com\/index.php?rest_route=\/wp\/v2\/posts\/413\/revisions"}],"predecessor-version":[{"id":414,"href":"https:\/\/famelifemagazin.com\/index.php?rest_route=\/wp\/v2\/posts\/413\/revisions\/414"}],"wp:featuredmedia":[{"embeddable":true,"href":"https:\/\/famelifemagazin.com\/index.php?rest_route=\/wp\/v2\/media\/416"}],"wp:attachment":[{"href":"https:\/\/famelifemagazin.com\/index.php?rest_route=%2Fwp%2Fv2%2Fmedia&parent=413"}],"wp:term":[{"taxonomy":"category","embeddable":true,"href":"https:\/\/famelifemagazin.com\/index.php?rest_route=%2Fwp%2Fv2%2Fcategories&post=413"},{"taxonomy":"post_tag","embeddable":true,"href":"https:\/\/famelifemagazin.com\/index.php?rest_route=%2Fwp%2Fv2%2Ftags&post=413"}],"curies":[{"name":"wp","href":"https:\/\/api.w.org\/{rel}","templated":true}]}}