{"id":405,"date":"2023-12-29T15:14:53","date_gmt":"2023-12-29T15:14:53","guid":{"rendered":"https:\/\/famelifemagazin.com\/?p=405"},"modified":"2023-12-29T15:14:55","modified_gmt":"2023-12-29T15:14:55","slug":"yakinda-yine","status":"publish","type":"post","link":"https:\/\/famelifemagazin.com\/?p=405","title":{"rendered":"Yak\u0131nda yine&#8230;"},"content":{"rendered":"\n<p>\u015eark\u0131c\u0131 Aleyna Tilki&nbsp;<a href=\"https:\/\/www.mynet.com\/haberler\/sosyal-medya\">sosyal medya<\/a>&nbsp;hesab\u0131ndan &#8220;Varolu\u015fumdan ve duru\u015fumdan dolay\u0131 sahnelerimin iptal edildi\u011fini, baz\u0131 yerlerden banland\u0131\u011f\u0131m\u0131 art\u0131k zaten biliyorsunuz&#8221; diyerek \u015fark\u0131 s\u00f6ylemeyi \u00f6zledi\u011fini s\u00f6ylemi\u015fti.<\/p>\n\n\n\n<p>&#8220;Bir de beni \u00e7ocuklu\u011fumdan beri can\u0131m pahas\u0131na vicdans\u0131zca \u00e7al\u0131\u015ft\u0131ran insanlar, bug\u00fcn daha fazla para kazanmak i\u00e7in beni ait oldu\u011fum sahnelerden al\u0131koymaya \u00e7al\u0131\u015f\u0131yorlar&#8221; diyerek \u015foke eden Aleyna Tilki&#8217;den yeni payla\u015f\u0131m geldi.<\/p>\n\n\n\n<p><a href=\"https:\/\/www.axasigorta.com.tr\/diger-urunler\/axa-evcil-hayvan-sigortasi\" rel=\"noreferrer noopener\" target=\"_blank\"><\/a><\/p>\n\n\n\n<p><\/p>\n\n\n\n<figure class=\"wp-block-image\"><img decoding=\"async\" src=\"https:\/\/imgrosetta.mynet.com.tr\/file\/18197057\/640xauto.jpg\" alt=\"11\"\/><\/figure>\n\n\n\n<p>Aleyna Tilki &#8216;Yak\u0131nda yine&#8217; diyerek payla\u015ft\u0131\u011f\u0131 pozlar\u0131yla ad\u0131ndan s\u00f6z ettirdi. Minicik ete\u011fiyle sahnede f\u0131rt\u0131na gibi esen gen\u00e7 \u015fark\u0131c\u0131ya Selin Ci\u011ferci&#8217;den emojili destek geldi.<\/p>\n","protected":false},"excerpt":{"rendered":"<p>\u015eark\u0131c\u0131 Aleyna Tilki&nbsp;sosyal medya&nbsp;hesab\u0131ndan &#8220;Varolu\u015fumdan ve duru\u015fumdan dolay\u0131 sahnelerimin iptal edildi\u011fini, baz\u0131 yerlerden banland\u0131\u011f\u0131m\u0131 art\u0131k zaten biliyorsunuz&#8221; diyerek \u015fark\u0131 s\u00f6ylemeyi \u00f6zledi\u011fini s\u00f6ylemi\u015fti. &#8220;Bir de beni \u00e7ocuklu\u011fumdan beri can\u0131m pahas\u0131na vicdans\u0131zca \u00e7al\u0131\u015ft\u0131ran insanlar, bug\u00fcn daha fazla para kazanmak i\u00e7in beni ait oldu\u011fum sahnelerden al\u0131koymaya \u00e7al\u0131\u015f\u0131yorlar&#8221; diyerek \u015foke eden Aleyna Tilki&#8217;den yeni payla\u015f\u0131m geldi. Aleyna Tilki &#8216;Yak\u0131nda [&hellip;]<\/p>\n","protected":false},"author":1,"featured_media":406,"comment_status":"open","ping_status":"open","sticky":false,"template":"","format":"standard","meta":{"footnotes":""},"categories":[4,7,3],"tags":[],"class_list":["post-405","post","type-post","status-publish","format-standard","has-post-thumbnail","hentry","category-magazin","category-muzik","category-son-haberler"],"_links":{"self":[{"href":"https:\/\/famelifemagazin.com\/index.php?rest_route=\/wp\/v2\/posts\/405","targetHints":{"allow":["GET"]}}],"collection":[{"href":"https:\/\/famelifemagazin.com\/index.php?rest_route=\/wp\/v2\/posts"}],"about":[{"href":"https:\/\/famelifemagazin.com\/index.php?rest_route=\/wp\/v2\/types\/post"}],"author":[{"embeddable":true,"href":"https:\/\/famelifemagazin.com\/index.php?rest_route=\/wp\/v2\/users\/1"}],"replies":[{"embeddable":true,"href":"https:\/\/famelifemagazin.com\/index.php?rest_route=%2Fwp%2Fv2%2Fcomments&post=405"}],"version-history":[{"count":1,"href":"https:\/\/famelifemagazin.com\/index.php?rest_route=\/wp\/v2\/posts\/405\/revisions"}],"predecessor-version":[{"id":407,"href":"https:\/\/famelifemagazin.com\/index.php?rest_route=\/wp\/v2\/posts\/405\/revisions\/407"}],"wp:featuredmedia":[{"embeddable":true,"href":"https:\/\/famelifemagazin.com\/index.php?rest_route=\/wp\/v2\/media\/406"}],"wp:attachment":[{"href":"https:\/\/famelifemagazin.com\/index.php?rest_route=%2Fwp%2Fv2%2Fmedia&parent=405"}],"wp:term":[{"taxonomy":"category","embeddable":true,"href":"https:\/\/famelifemagazin.com\/index.php?rest_route=%2Fwp%2Fv2%2Fcategories&post=405"},{"taxonomy":"post_tag","embeddable":true,"href":"https:\/\/famelifemagazin.com\/index.php?rest_route=%2Fwp%2Fv2%2Ftags&post=405"}],"curies":[{"name":"wp","href":"https:\/\/api.w.org\/{rel}","templated":true}]}}