{"id":3968,"date":"2024-11-18T09:14:57","date_gmt":"2024-11-18T09:14:57","guid":{"rendered":"https:\/\/famelifemagazin.com\/?p=3968"},"modified":"2024-11-18T09:14:57","modified_gmt":"2024-11-18T09:14:57","slug":"deri-sektorunde-ihracat-genc-tasarimcilarla-yukselecek","status":"publish","type":"post","link":"https:\/\/famelifemagazin.com\/?p=3968","title":{"rendered":"Deri Sekt\u00f6r\u00fcnde \u0130hracat Gen\u00e7 Tasar\u0131mc\u0131larla Y\u00fckselecek\u2026"},"content":{"rendered":"\n<p><strong><u>6\u2019nc\u0131 Detay Deri&nbsp;<\/u><\/strong><strong><u>\u00dc<\/u><\/strong><strong><u>r\u00fcnleri Tasar\u0131m Yar\u0131\u015fmas\u0131\u2019n\u0131n kazananlar\u0131 belli oluyor<\/u><\/strong><\/p>\n\n\n\n<p><strong>Tasar\u0131m k\u00fclt\u00fcr\u00fcn\u00fc yayg\u0131nla\u015ft\u0131rmak, ihracatta s\u00fcrd\u00fcr\u00fclebilir kalk\u0131nmay\u0131 katma de\u011fer ile yakalayabilmek ad\u0131na \u0130stanbul Deri ve Deri Mamulleri \u0130hracat\u00e7\u0131lar\u0131 Birli\u011fi (\u0130DM\u0130B) taraf\u0131ndan d\u00fczenlenen Detay Deri \u00dcr\u00fcnleri Tasar\u0131m Yar\u0131\u015fmas\u0131\u2019nda kazananlar 6\u2019nc\u0131 kez sahiplerini buluyor. Yar\u0131\u015fman\u0131n yaln\u0131zca yenilik\u00e7i tasar\u0131mlar\u0131 \u00f6d\u00fcllendirmekle kalmad\u0131\u011f\u0131n\u0131 sekt\u00f6rde gelecek vadeden yetenekleri destekleme konusunda kritik bir rol oynad\u0131\u011f\u0131n\u0131 kaydeden \u0130DM\u0130B Y\u00f6netim Kurulu \u00dcyesive Yar\u0131\u015fma J\u00fcri Ba\u015fkan\u0131 Emel G\u00fcven Bard\u0131z, \u201cYar\u0131\u015fmam\u0131z\u0131; T\u00fcrk deri sekt\u00f6r\u00fcn\u00fcn yarat\u0131c\u0131 g\u00fcc\u00fcn\u00fcn y\u00fckselmesi, tasar\u0131m\u0131n te\u015fvik edilmesi ve yeni tasar\u0131mc\u0131lar\u0131n sekt\u00f6re h\u0131zla kazand\u0131r\u0131lmas\u0131 amac\u0131 ile d\u00fczenliyoruz.<\/strong><\/p>\n\n\n\n<p><strong>Deri sekt\u00f6r\u00fcn\u00fcn gelece\u011finin ve ihracat\u0131n\u0131n gen\u00e7 tasar\u0131mc\u0131lar ile y\u00fckselece\u011fine inan\u0131yoruz.\u201d dedi.<\/strong><\/p>\n\n\n\n<p>\u0130stanbul Deri ve Deri Mamulleri \u0130hracat\u00e7\u0131lar\u0131 Birli\u011fi (\u0130DM\u0130B), T\u00fcrk deri sekt\u00f6r\u00fcn\u00fcn yarat\u0131c\u0131 g\u00fcc\u00fcn\u00fcn y\u00fckselmesi, tasar\u0131m\u0131n te\u015fvik edilmesi ve yeni tasar\u0131mc\u0131lar\u0131n sekt\u00f6re h\u0131zla kazand\u0131r\u0131lmas\u0131 amac\u0131 ile bu y\u0131l deri konfeksiyon ve saraciye kategorilerinde 6\u2019nc\u0131 kez Detay Deri \u00dcr\u00fcnleri Tasar\u0131m Yar\u0131\u015fmas\u0131\u2019n\u0131 d\u00fczenliyor. 20 Kas\u0131m\u2019da yap\u0131lacak \u00f6d\u00fcl t\u00f6reni ile kazanan tasar\u0131mlar\u0131n belli olaca\u011f\u0131 yar\u0131\u015fma \u00f6ncesi \u0130DM\u0130B Y\u00f6netim Kurulu \u00dcyesi ve Yar\u0131\u015fma J\u00fcri Ba\u015fkan\u0131 Emel G\u00fcven Bard\u0131z ve yar\u0131\u015fman\u0131n Kreatif Direkt\u00f6r\u00fc Gamze Sara\u00e7o\u011flu a\u00e7\u0131klamalarda bulundu.<\/p>\n\n\n\n<p>Yar\u0131\u015fman\u0131n yaln\u0131zca yenilik\u00e7i tasar\u0131mlar\u0131 \u00f6d\u00fcllendirmekle kalmad\u0131\u011f\u0131n\u0131, sekt\u00f6rde gelecek vadeden yetenekleri destekleme konusunda da kritik bir rol oynad\u0131\u011f\u0131n\u0131 dile getiren Emel G\u00fcven Bard\u0131z; birlik olarak tasar\u0131m odakl\u0131 \u00e7al\u0131\u015farak, ihracatlar\u0131n\u0131 g\u00fc\u00e7lendirmeyi hedeflediklerinis\u00f6yledi. Deri \u00fcr\u00fcnlerin, deri kullan\u0131larak yap\u0131lan tasar\u0131mlar\u0131n bir\u00e7o\u011funun klasik ve zamans\u0131z oldu\u011funu kaydeden Bard\u0131z, deri \u00fcr\u00fcnlerin genellikle bir \u00f6m\u00fcr boyu kullan\u0131lmak \u00fczere tasarland\u0131\u011f\u0131n\u0131 ve bu durumun s\u00fcrd\u00fcr\u00fclebilirlik a\u00e7\u0131s\u0131ndan \u00e7ok de\u011ferli oldu\u011funu dile getirdi.<\/p>\n\n\n\n<p><strong>GEN<\/strong><strong>\u00c7 TASARIMCILARLA YAKALAYACA\u011eIZ<\/strong><\/p>\n\n\n\n<p>Gen\u00e7 tasar\u0131mc\u0131lar\u0131n yarat\u0131c\u0131l\u0131\u011f\u0131na g\u00fcvendiklerinin alt\u0131n\u0131 \u00e7izenEmel G\u00fcven Bard\u0131z, s\u00f6zlerini \u015f\u00f6yle s\u00fcrd\u00fcrd\u00fc: \u201cGen\u00e7 tasar\u0131mc\u0131lar T\u00fcrkiye\u2019nin ihracat\u0131na ve moda end\u00fcstrisinin b\u00fcy\u00fcmesine gelcekte \u00e7ok b\u00fcy\u00fck katk\u0131 sa\u011flayacaklar. Yar\u0131\u015fmam\u0131z, bu gen\u00e7 yeteneklere yenilik\u00e7i fikirlerini sergileme f\u0131rsat\u0131 sa\u011fl\u0131yor. Sekt\u00f6r i\u00e7erisinde yeni marka ve giri\u015fimlerin geli\u015fimine katk\u0131da bulunuyoruz. Yar\u0131\u015fmam\u0131z ile gen\u00e7 yeteneklerimizi de sekt\u00f6re kazand\u0131rmak istiyoruz. \u00c7\u00fcnk\u00fc, \u00fclke olarak daha y\u00fcksek katma de\u011ferle ihracat yapmaya ihtiyac\u0131m\u0131z var. Bunu da gen\u00e7 tasar\u0131mc\u0131lar\u0131m\u0131zla yakalayaca\u011f\u0131m\u0131za inan\u0131yoruz.\u201d<\/p>\n\n\n\n<p>Deri ve deri mamulleri sekt\u00f6r\u00fcn\u00fcn bug\u00fcn T\u00fcrkiye\u2019de en y\u00fcksek katma de\u011ferli ihracat yapan d\u00f6rd\u00fcnc\u00fc sekt\u00f6r konumunda oldu\u011funu vurgulayan Bard\u0131z, \u201cT\u00fcrkiye\u2019nin kilogram ba\u015f\u0131na ihracat birim fiyat\u0131 1,2 dolar seviyesindeyken, deri ve deri mamulleri sekt\u00f6r\u00fcnde 10,3 dolar, saraciye sekt\u00f6r\u00fcnde 15 dolar, deri ve k\u00fcrk konfeksiyonda ise 130 dolar seviyelerindeyiz. Ancak, biz bu seviyeleri daha da yukar\u0131lara ta\u015f\u0131may\u0131 ama\u00e7l\u0131yoruz.\u201d dedi.<\/p>\n\n\n\n<p><strong>DER<\/strong><strong>\u0130 TASARIMINDA PROF\u0130L Y<\/strong><strong>\u00dcKSELECEK<\/strong><\/p>\n\n\n\n<p>Yar\u0131\u015fman\u0131n Kreatif Direkt\u00f6r\u00fc Gamze Sara\u00e7o\u011flu, yapt\u0131\u011f\u0131 de\u011ferlendirmede \u015fu konulara dikkat \u00e7ekti: \u201c\u00d6\u011frenciler \u00e7o\u011funlukla d\u00fc\u015f\u00fck maliyetli olmas\u0131 nedeniyle tekstil alan\u0131na y\u00f6nelme e\u011filiminde. Ancak deri, tekstil end\u00fcstrisinin ayr\u0131lmaz bir par\u00e7as\u0131. Buna ra\u011fmen deri, maliyeti y\u00fcksek bir se\u00e7enek olarak kalmaya devam ediyor. \u0130\u015fte, bu sebeple deri tasar\u0131m\u0131na adanm\u0131\u015f daha fazla uzmanla\u015fm\u0131\u015f bir programa ihtiya\u00e7 duyuluyor. T\u00fcrkiye\u2019de deri odakl\u0131 ba\u015far\u0131l\u0131 marka say\u0131s\u0131 hen\u00fcz az. Bu yar\u0131\u015fma ile deri tasar\u0131m profilinin y\u00fckselece\u011fini ve daha fazla \u00f6\u011frenciyi bu alanda ke\u015ffe te\u015fvik edece\u011fimizi umuyoruz.\u201d diye konu\u015ftu.<\/p>\n\n\n\n<p><strong>B\u0130R\u0130NC\u0130YE 100 B\u0130N TL \u00d6D<\/strong><strong>\u00dc<\/strong><strong>L<\/strong><\/p>\n\n\n\n<p>Detay Deri \u00dcr\u00fcnleri Tasar\u0131m Yar\u0131\u015fmas\u0131\u2019nda deri konfeksiyon ve saraciye kategorilerinde toplamda 6 \u00f6d\u00fcl verilecek. \u0130ki kategoride de dereceye giren ilk 3\u2019e yurt i\u00e7inde 6 ay yabanc\u0131 dil e\u011fitimi (\u0130DM\u0130B taraf\u0131ndan belirlenecek kurumda, y\u00fczde 90 devaml\u0131l\u0131k \u015fart\u0131 aranmak \u015fart\u0131yla) sa\u011flanacak. Yurt d\u0131\u015f\u0131 e\u011fitim \u00f6d\u00fcl\u00fcn\u00fc kazanan yar\u0131\u015fmac\u0131\/yar\u0131\u015fmac\u0131lar yurt d\u0131\u015f\u0131nda alaca\u011f\u0131 dil e\u011fitiminden 1 sene s\u00fcreyle faydalanabilecek. Birinci olan yar\u0131\u015fmac\u0131lara 100 bin TL, ikinciye 80 bin TL ve \u00fc\u00e7\u00fcnc\u00fcye de 60 bin TL para \u00f6d\u00fcl\u00fc verilecek.<\/p>\n\n\n\n<p>5973 Say\u0131l\u0131 \u0130hracat Destekleri Hakk\u0131nda Karar\u0131n Tasar\u0131m Organizasyonu Deste\u011fine \u0130li\u015fkin Genelgesi \u00e7er\u00e7evesinde Ticaret Bakanl\u0131\u011f\u0131\u2019n\u0131n yurt d\u0131\u015f\u0131 e\u011fitim hakk\u0131 kontenjan\u0131ndan yar\u0131\u015fmaya ve yar\u0131\u015fmac\u0131lara onay verilmesi halindeilk 3\u2019e giren yar\u0131\u015fmac\u0131lardan, Bakanl\u0131\u011f\u0131n uygun g\u00f6rece\u011fi isimlere \u201cYurt d\u0131\u015f\u0131nda Tasar\u0131m E\u011fitimi Hakk\u0131\u201d sa\u011flanacak. Yar\u0131\u015fman\u0131n kazananlar\u0131, 20 Kas\u0131m \u00c7ar\u015famba g\u00fcn\u00fc M\u00f6venpick Hotel \u0130stanbul Marmara Sea\u2019de ger\u00e7ekle\u015fecek son j\u00fcri toplant\u0131s\u0131 ile belirlenecek ve T\u00fcrkiye \u0130hracat\u00e7\u0131lar Meclisi\u2019ndeki \u00f6d\u00fcl t\u00f6reninde a\u00e7\u0131klanacak.<\/p>\n\n\n\n<figure class=\"wp-block-gallery has-nested-images columns-default is-cropped wp-block-gallery-1 is-layout-flex wp-block-gallery-is-layout-flex\">\n<figure class=\"wp-block-image size-large\"><img loading=\"lazy\" decoding=\"async\" width=\"1024\" height=\"683\" data-id=\"3970\" src=\"https:\/\/famelifemagazin.com\/wp-content\/uploads\/2024\/11\/Detay-Deri-Urunleri-Tasarim-Yarismasi-1024x683.jpg\" alt=\"\" class=\"wp-image-3970\" srcset=\"https:\/\/famelifemagazin.com\/wp-content\/uploads\/2024\/11\/Detay-Deri-Urunleri-Tasarim-Yarismasi-1024x683.jpg 1024w, https:\/\/famelifemagazin.com\/wp-content\/uploads\/2024\/11\/Detay-Deri-Urunleri-Tasarim-Yarismasi-300x200.jpg 300w, https:\/\/famelifemagazin.com\/wp-content\/uploads\/2024\/11\/Detay-Deri-Urunleri-Tasarim-Yarismasi-768x512.jpg 768w, https:\/\/famelifemagazin.com\/wp-content\/uploads\/2024\/11\/Detay-Deri-Urunleri-Tasarim-Yarismasi-1536x1024.jpg 1536w, https:\/\/famelifemagazin.com\/wp-content\/uploads\/2024\/11\/Detay-Deri-Urunleri-Tasarim-Yarismasi-2048x1365.jpg 2048w\" sizes=\"auto, (max-width: 1024px) 100vw, 1024px\" \/><\/figure>\n\n\n\n<figure class=\"wp-block-image size-large\"><img loading=\"lazy\" decoding=\"async\" width=\"1024\" height=\"683\" data-id=\"3969\" src=\"https:\/\/famelifemagazin.com\/wp-content\/uploads\/2024\/11\/Detay-Deri-Urunleri-Tasarim-Yarismasi_-1024x683.jpg\" alt=\"\" class=\"wp-image-3969\" srcset=\"https:\/\/famelifemagazin.com\/wp-content\/uploads\/2024\/11\/Detay-Deri-Urunleri-Tasarim-Yarismasi_-1024x683.jpg 1024w, https:\/\/famelifemagazin.com\/wp-content\/uploads\/2024\/11\/Detay-Deri-Urunleri-Tasarim-Yarismasi_-300x200.jpg 300w, https:\/\/famelifemagazin.com\/wp-content\/uploads\/2024\/11\/Detay-Deri-Urunleri-Tasarim-Yarismasi_-768x512.jpg 768w, https:\/\/famelifemagazin.com\/wp-content\/uploads\/2024\/11\/Detay-Deri-Urunleri-Tasarim-Yarismasi_-1536x1024.jpg 1536w, https:\/\/famelifemagazin.com\/wp-content\/uploads\/2024\/11\/Detay-Deri-Urunleri-Tasarim-Yarismasi_-2048x1365.jpg 2048w\" sizes=\"auto, (max-width: 1024px) 100vw, 1024px\" \/><\/figure>\n<\/figure>\n\n\n\n<figure class=\"wp-block-gallery has-nested-images columns-default is-cropped wp-block-gallery-2 is-layout-flex wp-block-gallery-is-layout-flex\">\n<figure class=\"wp-block-image size-large\"><img loading=\"lazy\" decoding=\"async\" width=\"1024\" height=\"613\" data-id=\"3971\" src=\"https:\/\/famelifemagazin.com\/wp-content\/uploads\/2024\/11\/IDMIB-Yonetim-Kurulu-Uyesi-ve-Yarisma-Juri-Baskani_Emel-Guven-Bardiz-1024x613.jpeg\" alt=\"\" class=\"wp-image-3971\" srcset=\"https:\/\/famelifemagazin.com\/wp-content\/uploads\/2024\/11\/IDMIB-Yonetim-Kurulu-Uyesi-ve-Yarisma-Juri-Baskani_Emel-Guven-Bardiz-1024x613.jpeg 1024w, https:\/\/famelifemagazin.com\/wp-content\/uploads\/2024\/11\/IDMIB-Yonetim-Kurulu-Uyesi-ve-Yarisma-Juri-Baskani_Emel-Guven-Bardiz-300x180.jpeg 300w, https:\/\/famelifemagazin.com\/wp-content\/uploads\/2024\/11\/IDMIB-Yonetim-Kurulu-Uyesi-ve-Yarisma-Juri-Baskani_Emel-Guven-Bardiz-768x460.jpeg 768w, https:\/\/famelifemagazin.com\/wp-content\/uploads\/2024\/11\/IDMIB-Yonetim-Kurulu-Uyesi-ve-Yarisma-Juri-Baskani_Emel-Guven-Bardiz-1536x920.jpeg 1536w, https:\/\/famelifemagazin.com\/wp-content\/uploads\/2024\/11\/IDMIB-Yonetim-Kurulu-Uyesi-ve-Yarisma-Juri-Baskani_Emel-Guven-Bardiz-2048x1227.jpeg 2048w\" sizes=\"auto, (max-width: 1024px) 100vw, 1024px\" \/><\/figure>\n\n\n\n<figure class=\"wp-block-image size-large\"><img loading=\"lazy\" decoding=\"async\" width=\"1024\" height=\"548\" data-id=\"3972\" src=\"https:\/\/famelifemagazin.com\/wp-content\/uploads\/2024\/11\/Soldan-saga_Gamze-Saracoglu_Emel-Guven-Bardiz-1024x548.jpeg\" alt=\"\" class=\"wp-image-3972\" srcset=\"https:\/\/famelifemagazin.com\/wp-content\/uploads\/2024\/11\/Soldan-saga_Gamze-Saracoglu_Emel-Guven-Bardiz-1024x548.jpeg 1024w, https:\/\/famelifemagazin.com\/wp-content\/uploads\/2024\/11\/Soldan-saga_Gamze-Saracoglu_Emel-Guven-Bardiz-300x161.jpeg 300w, https:\/\/famelifemagazin.com\/wp-content\/uploads\/2024\/11\/Soldan-saga_Gamze-Saracoglu_Emel-Guven-Bardiz-768x411.jpeg 768w, https:\/\/famelifemagazin.com\/wp-content\/uploads\/2024\/11\/Soldan-saga_Gamze-Saracoglu_Emel-Guven-Bardiz-1536x822.jpeg 1536w, https:\/\/famelifemagazin.com\/wp-content\/uploads\/2024\/11\/Soldan-saga_Gamze-Saracoglu_Emel-Guven-Bardiz-2048x1096.jpeg 2048w\" sizes=\"auto, (max-width: 1024px) 100vw, 1024px\" \/><\/figure>\n<\/figure>\n\n\n\n<figure class=\"wp-block-image size-large\"><img loading=\"lazy\" decoding=\"async\" width=\"1024\" height=\"751\" src=\"https:\/\/famelifemagazin.com\/wp-content\/uploads\/2024\/11\/Kreatif-Direktor_Gamze-Saracoglu--1024x751.jpeg\" alt=\"\" class=\"wp-image-3973\" srcset=\"https:\/\/famelifemagazin.com\/wp-content\/uploads\/2024\/11\/Kreatif-Direktor_Gamze-Saracoglu--1024x751.jpeg 1024w, https:\/\/famelifemagazin.com\/wp-content\/uploads\/2024\/11\/Kreatif-Direktor_Gamze-Saracoglu--300x220.jpeg 300w, https:\/\/famelifemagazin.com\/wp-content\/uploads\/2024\/11\/Kreatif-Direktor_Gamze-Saracoglu--768x563.jpeg 768w, https:\/\/famelifemagazin.com\/wp-content\/uploads\/2024\/11\/Kreatif-Direktor_Gamze-Saracoglu-.jpeg 1066w\" sizes=\"auto, (max-width: 1024px) 100vw, 1024px\" \/><\/figure>\n","protected":false},"excerpt":{"rendered":"<p>6\u2019nc\u0131 Detay Deri&nbsp;\u00dcr\u00fcnleri Tasar\u0131m Yar\u0131\u015fmas\u0131\u2019n\u0131n kazananlar\u0131 belli oluyor Tasar\u0131m k\u00fclt\u00fcr\u00fcn\u00fc yayg\u0131nla\u015ft\u0131rmak, ihracatta s\u00fcrd\u00fcr\u00fclebilir kalk\u0131nmay\u0131 katma de\u011fer ile yakalayabilmek ad\u0131na \u0130stanbul Deri ve Deri Mamulleri \u0130hracat\u00e7\u0131lar\u0131 Birli\u011fi (\u0130DM\u0130B) taraf\u0131ndan d\u00fczenlenen Detay Deri \u00dcr\u00fcnleri Tasar\u0131m Yar\u0131\u015fmas\u0131\u2019nda kazananlar 6\u2019nc\u0131 kez sahiplerini buluyor. Yar\u0131\u015fman\u0131n yaln\u0131zca yenilik\u00e7i tasar\u0131mlar\u0131 \u00f6d\u00fcllendirmekle kalmad\u0131\u011f\u0131n\u0131 sekt\u00f6rde gelecek vadeden yetenekleri destekleme konusunda kritik bir rol oynad\u0131\u011f\u0131n\u0131 [&hellip;]<\/p>\n","protected":false},"author":1,"featured_media":3969,"comment_status":"open","ping_status":"open","sticky":false,"template":"","format":"standard","meta":{"footnotes":""},"categories":[9,3],"tags":[],"class_list":["post-3968","post","type-post","status-publish","format-standard","has-post-thumbnail","hentry","category-moda-tekstil","category-son-haberler"],"_links":{"self":[{"href":"https:\/\/famelifemagazin.com\/index.php?rest_route=\/wp\/v2\/posts\/3968","targetHints":{"allow":["GET"]}}],"collection":[{"href":"https:\/\/famelifemagazin.com\/index.php?rest_route=\/wp\/v2\/posts"}],"about":[{"href":"https:\/\/famelifemagazin.com\/index.php?rest_route=\/wp\/v2\/types\/post"}],"author":[{"embeddable":true,"href":"https:\/\/famelifemagazin.com\/index.php?rest_route=\/wp\/v2\/users\/1"}],"replies":[{"embeddable":true,"href":"https:\/\/famelifemagazin.com\/index.php?rest_route=%2Fwp%2Fv2%2Fcomments&post=3968"}],"version-history":[{"count":1,"href":"https:\/\/famelifemagazin.com\/index.php?rest_route=\/wp\/v2\/posts\/3968\/revisions"}],"predecessor-version":[{"id":3974,"href":"https:\/\/famelifemagazin.com\/index.php?rest_route=\/wp\/v2\/posts\/3968\/revisions\/3974"}],"wp:featuredmedia":[{"embeddable":true,"href":"https:\/\/famelifemagazin.com\/index.php?rest_route=\/wp\/v2\/media\/3969"}],"wp:attachment":[{"href":"https:\/\/famelifemagazin.com\/index.php?rest_route=%2Fwp%2Fv2%2Fmedia&parent=3968"}],"wp:term":[{"taxonomy":"category","embeddable":true,"href":"https:\/\/famelifemagazin.com\/index.php?rest_route=%2Fwp%2Fv2%2Fcategories&post=3968"},{"taxonomy":"post_tag","embeddable":true,"href":"https:\/\/famelifemagazin.com\/index.php?rest_route=%2Fwp%2Fv2%2Ftags&post=3968"}],"curies":[{"name":"wp","href":"https:\/\/api.w.org\/{rel}","templated":true}]}}