{"id":3858,"date":"2024-11-11T06:09:34","date_gmt":"2024-11-11T06:09:34","guid":{"rendered":"https:\/\/famelifemagazin.com\/?p=3858"},"modified":"2024-11-11T06:09:36","modified_gmt":"2024-11-11T06:09:36","slug":"asli-aydina-anlamli-plaket","status":"publish","type":"post","link":"https:\/\/famelifemagazin.com\/?p=3858","title":{"rendered":"ASLI AYDIN\u2019A ANLAMLI PLAKET"},"content":{"rendered":"\n<p>\u0130htiya\u00e7 sahipleri ile hay\u0131rseverleri bir araya getirme misyonuyla kurulan DEHA Platformu, ge\u00e7ti\u011fimiz g\u00fcn d\u00fczenledi\u011fi anlaml\u0131 bir geceyle dikkat \u00e7ekti. Hay\u0131rsever ki\u015fili\u011fiyle tan\u0131nan Asl\u0131 Ayd\u0131n, Anne ve Bebek Sa\u011fl\u0131\u011f\u0131 Vakf\u0131 ile El Bebek G\u00fcl Bebek Derne\u011fi\u2019nin deste\u011fiyle d\u00fczenlenen gecede \u00e7ocuklara y\u00f6nelik yard\u0131mlar\u0131ndan dolay\u0131 plaket ald\u0131.<\/p>\n\n\n\n<p>Gala gecesine \u00e7ok say\u0131da hay\u0131rsever ve davetlinin kat\u0131ld\u0131\u011f\u0131 gecede, ihtiya\u00e7 sahibi \u00e7ocuklar\u0131n e\u011fitim, sa\u011fl\u0131k ve temel ihtiya\u00e7lar\u0131na y\u00f6nelik projeler tan\u0131t\u0131ld\u0131. Asl\u0131 Ayd\u0131n\u2019\u0131n destekleriyle bu projelere katk\u0131 sa\u011flayan hay\u0131rseverler, gece boyunca hem yard\u0131mla\u015fman\u0131n g\u00fcc\u00fcn\u00fc payla\u015ft\u0131 hem de ihtiya\u00e7 sahibi \u00e7ocuklara umut oldular.<\/p>\n\n\n\n<figure class=\"wp-block-gallery has-nested-images columns-default is-cropped wp-block-gallery-1 is-layout-flex wp-block-gallery-is-layout-flex\">\n<figure class=\"wp-block-image size-large\"><img loading=\"lazy\" decoding=\"async\" width=\"576\" height=\"1024\" data-id=\"3859\" src=\"https:\/\/famelifemagazin.com\/wp-content\/uploads\/2024\/11\/Asli-Aydin-576x1024.jpg\" alt=\"\" class=\"wp-image-3859\" srcset=\"https:\/\/famelifemagazin.com\/wp-content\/uploads\/2024\/11\/Asli-Aydin-576x1024.jpg 576w, https:\/\/famelifemagazin.com\/wp-content\/uploads\/2024\/11\/Asli-Aydin-169x300.jpg 169w, https:\/\/famelifemagazin.com\/wp-content\/uploads\/2024\/11\/Asli-Aydin-scaled.jpg 1439w\" sizes=\"auto, (max-width: 576px) 100vw, 576px\" \/><\/figure>\n\n\n\n<figure class=\"wp-block-image size-large\"><img loading=\"lazy\" decoding=\"async\" width=\"547\" height=\"1024\" data-id=\"3860\" src=\"https:\/\/famelifemagazin.com\/wp-content\/uploads\/2024\/11\/Asli-Aydin-Gulnur-Kamasak-547x1024.jpg\" alt=\"\" class=\"wp-image-3860\" srcset=\"https:\/\/famelifemagazin.com\/wp-content\/uploads\/2024\/11\/Asli-Aydin-Gulnur-Kamasak-547x1024.jpg 547w, https:\/\/famelifemagazin.com\/wp-content\/uploads\/2024\/11\/Asli-Aydin-Gulnur-Kamasak-160x300.jpg 160w, https:\/\/famelifemagazin.com\/wp-content\/uploads\/2024\/11\/Asli-Aydin-Gulnur-Kamasak-768x1437.jpg 768w, https:\/\/famelifemagazin.com\/wp-content\/uploads\/2024\/11\/Asli-Aydin-Gulnur-Kamasak-821x1536.jpg 821w, https:\/\/famelifemagazin.com\/wp-content\/uploads\/2024\/11\/Asli-Aydin-Gulnur-Kamasak-1095x2048.jpg 1095w, https:\/\/famelifemagazin.com\/wp-content\/uploads\/2024\/11\/Asli-Aydin-Gulnur-Kamasak-scaled.jpg 1369w\" sizes=\"auto, (max-width: 547px) 100vw, 547px\" \/><\/figure>\n<\/figure>\n","protected":false},"excerpt":{"rendered":"<p>\u0130htiya\u00e7 sahipleri ile hay\u0131rseverleri bir araya getirme misyonuyla kurulan DEHA Platformu, ge\u00e7ti\u011fimiz g\u00fcn d\u00fczenledi\u011fi anlaml\u0131 bir geceyle dikkat \u00e7ekti. Hay\u0131rsever ki\u015fili\u011fiyle tan\u0131nan Asl\u0131 Ayd\u0131n, Anne ve Bebek Sa\u011fl\u0131\u011f\u0131 Vakf\u0131 ile El Bebek G\u00fcl Bebek Derne\u011fi\u2019nin deste\u011fiyle d\u00fczenlenen gecede \u00e7ocuklara y\u00f6nelik yard\u0131mlar\u0131ndan dolay\u0131 plaket ald\u0131. Gala gecesine \u00e7ok say\u0131da hay\u0131rsever ve davetlinin kat\u0131ld\u0131\u011f\u0131 gecede, ihtiya\u00e7 sahibi [&hellip;]<\/p>\n","protected":false},"author":1,"featured_media":3861,"comment_status":"open","ping_status":"open","sticky":false,"template":"","format":"standard","meta":{"footnotes":""},"categories":[3,8],"tags":[],"class_list":["post-3858","post","type-post","status-publish","format-standard","has-post-thumbnail","hentry","category-son-haberler","category-sosyal-projeler"],"_links":{"self":[{"href":"https:\/\/famelifemagazin.com\/index.php?rest_route=\/wp\/v2\/posts\/3858","targetHints":{"allow":["GET"]}}],"collection":[{"href":"https:\/\/famelifemagazin.com\/index.php?rest_route=\/wp\/v2\/posts"}],"about":[{"href":"https:\/\/famelifemagazin.com\/index.php?rest_route=\/wp\/v2\/types\/post"}],"author":[{"embeddable":true,"href":"https:\/\/famelifemagazin.com\/index.php?rest_route=\/wp\/v2\/users\/1"}],"replies":[{"embeddable":true,"href":"https:\/\/famelifemagazin.com\/index.php?rest_route=%2Fwp%2Fv2%2Fcomments&post=3858"}],"version-history":[{"count":1,"href":"https:\/\/famelifemagazin.com\/index.php?rest_route=\/wp\/v2\/posts\/3858\/revisions"}],"predecessor-version":[{"id":3862,"href":"https:\/\/famelifemagazin.com\/index.php?rest_route=\/wp\/v2\/posts\/3858\/revisions\/3862"}],"wp:featuredmedia":[{"embeddable":true,"href":"https:\/\/famelifemagazin.com\/index.php?rest_route=\/wp\/v2\/media\/3861"}],"wp:attachment":[{"href":"https:\/\/famelifemagazin.com\/index.php?rest_route=%2Fwp%2Fv2%2Fmedia&parent=3858"}],"wp:term":[{"taxonomy":"category","embeddable":true,"href":"https:\/\/famelifemagazin.com\/index.php?rest_route=%2Fwp%2Fv2%2Fcategories&post=3858"},{"taxonomy":"post_tag","embeddable":true,"href":"https:\/\/famelifemagazin.com\/index.php?rest_route=%2Fwp%2Fv2%2Ftags&post=3858"}],"curies":[{"name":"wp","href":"https:\/\/api.w.org\/{rel}","templated":true}]}}