{"id":3786,"date":"2024-11-08T07:15:09","date_gmt":"2024-11-08T07:15:09","guid":{"rendered":"https:\/\/famelifemagazin.com\/?p=3786"},"modified":"2024-11-08T07:15:26","modified_gmt":"2024-11-08T07:15:26","slug":"hollandali-muzisyenin-gozu-turkiyede","status":"publish","type":"post","link":"https:\/\/famelifemagazin.com\/?p=3786","title":{"rendered":"HOLLANDALI M\u00dcZ\u0130SYEN\u0130N G\u00d6Z\u00dc T\u00dcRK\u0130YE&#8217;DE&#8230;"},"content":{"rendered":"\n<p><strong>T\u00fcrkiye kapsam\u0131nda T\u00fcrkiye Haber Portal\u0131 ve uluslararas\u0131 alanda T\u00fcrkiye News Portal ad\u0131na k\u00fclt\u00fcr-sanat alan\u0131nda programlar yapan Eyl\u00fcl A\u015fk\u0131n, yeni b\u00f6l\u00fcm \u00e7ekimlerini Roma\u2019da bulunan Giardino degli Ananci park\u0131nda Hollandal\u0131 m\u00fczisyen Marnix Alexander DuCrook, sahne ad\u0131yla El Holandaluz ile yapt\u0131. <\/strong><\/p>\n\n\n\n<p>Pink Floyd dinleyen ebeveynleri sayesinde m\u00fczikle tan\u0131\u015ft\u0131\u011f\u0131n\u0131 dile getiren Holandaluz, 4 ya\u015f\u0131nda aile evinde \u00e7alan The Division Bell alb\u00fcm\u00fcnden etkilenerek gitar \u00e7almaya karar verdi\u011fini ve Hollanda yasalar\u0131 gere\u011fi ders alabilmek i\u00e7in 6 ya\u015f\u0131na kadar bekledi\u011fini, 6 ya\u015f\u0131nda klasik gitar e\u011fitimiyle m\u00fczik ser\u00fcvenine ba\u015flad\u0131\u011f\u0131n\u0131 \u201cEyl\u00fcl A\u015fk\u0131n ile\u2026\u201d program\u0131nda a\u00e7\u0131klarken,\u00a014 ya\u015f\u0131nda flamenkoya y\u00f6neldi\u011fini vurgulad\u0131. <\/p>\n\n\n\n<p>Senede iki veya \u00fc\u00e7 defa Avrupa turnesine de \u00e7\u0131kan El Holandaluz, en b\u00fcy\u00fck hedefinin T\u00fcrkiye\u2019de sahne almak oldu\u011funu da dile getirdi. Gelecek hedeflerinin aras\u0131nda enstr\u00fcmental m\u00fczi\u011fini Santana gibi farkl\u0131 vokallerle birle\u015ftirerek \u00e7e\u015fitlendirmenin de oldu\u011funu ifade eden El Holandaluz, 5 Aral\u0131k\u2019ta yeni alb\u00fcm\u00fc \u201cClassico I\u201d ile sevenleriyle yeniden bulu\u015facak olman\u0131n mutlulu\u011funu da ya\u015f\u0131yor.\u00a0 T\u00fcrkiye\u2019deki dinleyicilere de m\u00fczi\u011fini tan\u0131tmak isteyen El Holandaluz, \u00fclkemizde tan\u0131t\u0131ma a\u011f\u0131rl\u0131k verece\u011fini de s\u00f6zlerine ekledi.<\/p>\n\n\n\n<p>EYL\u00dcL A\u015eKIN \u0130LE L\u0130NK<\/p>\n\n\n\n<figure class=\"wp-block-embed is-type-video is-provider-youtube wp-block-embed-youtube wp-embed-aspect-16-9 wp-has-aspect-ratio\"><div class=\"wp-block-embed__wrapper\">\n<iframe loading=\"lazy\" title=\"Marnix Alexander Ducroock &#039;&#039;Holandaluz&#039;&#039;, Eyl\u00fcl A\u015fk\u0131n \u0130le... \u00d6zel S\u00f6yle\u015fi, 57. B\u00f6l\u00fcm\" width=\"696\" height=\"392\" src=\"https:\/\/www.youtube.com\/embed\/iV_T0C-Nb9A?feature=oembed\" frameborder=\"0\" allow=\"accelerometer; autoplay; clipboard-write; encrypted-media; gyroscope; picture-in-picture; web-share\" referrerpolicy=\"strict-origin-when-cross-origin\" allowfullscreen><\/iframe>\n<\/div><\/figure>\n\n\n\n<figure class=\"wp-block-gallery has-nested-images columns-default is-cropped wp-block-gallery-1 is-layout-flex wp-block-gallery-is-layout-flex\">\n<figure class=\"wp-block-image size-large\"><img loading=\"lazy\" decoding=\"async\" width=\"1024\" height=\"768\" data-id=\"3787\" src=\"https:\/\/famelifemagazin.com\/wp-content\/uploads\/2024\/11\/El-Holandaluz-eylul-askin-1-1024x768.jpg\" alt=\"\" class=\"wp-image-3787\" srcset=\"https:\/\/famelifemagazin.com\/wp-content\/uploads\/2024\/11\/El-Holandaluz-eylul-askin-1-1024x768.jpg 1024w, https:\/\/famelifemagazin.com\/wp-content\/uploads\/2024\/11\/El-Holandaluz-eylul-askin-1-300x225.jpg 300w, https:\/\/famelifemagazin.com\/wp-content\/uploads\/2024\/11\/El-Holandaluz-eylul-askin-1-768x576.jpg 768w, https:\/\/famelifemagazin.com\/wp-content\/uploads\/2024\/11\/El-Holandaluz-eylul-askin-1-1536x1152.jpg 1536w, https:\/\/famelifemagazin.com\/wp-content\/uploads\/2024\/11\/El-Holandaluz-eylul-askin-1-2048x1536.jpg 2048w\" sizes=\"auto, (max-width: 1024px) 100vw, 1024px\" \/><\/figure>\n\n\n\n<figure class=\"wp-block-image size-large\"><img loading=\"lazy\" decoding=\"async\" width=\"1024\" height=\"768\" data-id=\"3788\" src=\"https:\/\/famelifemagazin.com\/wp-content\/uploads\/2024\/11\/El-Holandaluz-eylul-askin-2-1024x768.jpg\" alt=\"\" class=\"wp-image-3788\" srcset=\"https:\/\/famelifemagazin.com\/wp-content\/uploads\/2024\/11\/El-Holandaluz-eylul-askin-2-1024x768.jpg 1024w, https:\/\/famelifemagazin.com\/wp-content\/uploads\/2024\/11\/El-Holandaluz-eylul-askin-2-300x225.jpg 300w, https:\/\/famelifemagazin.com\/wp-content\/uploads\/2024\/11\/El-Holandaluz-eylul-askin-2-768x576.jpg 768w, https:\/\/famelifemagazin.com\/wp-content\/uploads\/2024\/11\/El-Holandaluz-eylul-askin-2-1536x1152.jpg 1536w, https:\/\/famelifemagazin.com\/wp-content\/uploads\/2024\/11\/El-Holandaluz-eylul-askin-2-2048x1536.jpg 2048w\" sizes=\"auto, (max-width: 1024px) 100vw, 1024px\" \/><\/figure>\n<\/figure>\n\n\n<div class=\"wp-block-image\">\n<figure class=\"aligncenter size-large is-resized\"><img loading=\"lazy\" decoding=\"async\" width=\"1024\" height=\"768\" src=\"https:\/\/famelifemagazin.com\/wp-content\/uploads\/2024\/11\/eylul-askin-El-Holandaluz-1024x768.jpg\" alt=\"\" class=\"wp-image-3789\" style=\"width:705px;height:auto\" srcset=\"https:\/\/famelifemagazin.com\/wp-content\/uploads\/2024\/11\/eylul-askin-El-Holandaluz-1024x768.jpg 1024w, https:\/\/famelifemagazin.com\/wp-content\/uploads\/2024\/11\/eylul-askin-El-Holandaluz-300x225.jpg 300w, https:\/\/famelifemagazin.com\/wp-content\/uploads\/2024\/11\/eylul-askin-El-Holandaluz-768x576.jpg 768w, https:\/\/famelifemagazin.com\/wp-content\/uploads\/2024\/11\/eylul-askin-El-Holandaluz-1536x1152.jpg 1536w, https:\/\/famelifemagazin.com\/wp-content\/uploads\/2024\/11\/eylul-askin-El-Holandaluz-2048x1536.jpg 2048w\" sizes=\"auto, (max-width: 1024px) 100vw, 1024px\" \/><\/figure>\n<\/div>","protected":false},"excerpt":{"rendered":"<p>T\u00fcrkiye kapsam\u0131nda T\u00fcrkiye Haber Portal\u0131 ve uluslararas\u0131 alanda T\u00fcrkiye News Portal ad\u0131na k\u00fclt\u00fcr-sanat alan\u0131nda programlar yapan Eyl\u00fcl A\u015fk\u0131n, yeni b\u00f6l\u00fcm \u00e7ekimlerini Roma\u2019da bulunan Giardino degli Ananci park\u0131nda Hollandal\u0131 m\u00fczisyen Marnix Alexander DuCrook, sahne ad\u0131yla El Holandaluz ile yapt\u0131. Pink Floyd dinleyen ebeveynleri sayesinde m\u00fczikle tan\u0131\u015ft\u0131\u011f\u0131n\u0131 dile getiren Holandaluz, 4 ya\u015f\u0131nda aile evinde \u00e7alan The Division [&hellip;]<\/p>\n","protected":false},"author":1,"featured_media":3789,"comment_status":"open","ping_status":"open","sticky":false,"template":"","format":"standard","meta":{"footnotes":""},"categories":[7,3],"tags":[],"class_list":["post-3786","post","type-post","status-publish","format-standard","has-post-thumbnail","hentry","category-muzik","category-son-haberler"],"_links":{"self":[{"href":"https:\/\/famelifemagazin.com\/index.php?rest_route=\/wp\/v2\/posts\/3786","targetHints":{"allow":["GET"]}}],"collection":[{"href":"https:\/\/famelifemagazin.com\/index.php?rest_route=\/wp\/v2\/posts"}],"about":[{"href":"https:\/\/famelifemagazin.com\/index.php?rest_route=\/wp\/v2\/types\/post"}],"author":[{"embeddable":true,"href":"https:\/\/famelifemagazin.com\/index.php?rest_route=\/wp\/v2\/users\/1"}],"replies":[{"embeddable":true,"href":"https:\/\/famelifemagazin.com\/index.php?rest_route=%2Fwp%2Fv2%2Fcomments&post=3786"}],"version-history":[{"count":2,"href":"https:\/\/famelifemagazin.com\/index.php?rest_route=\/wp\/v2\/posts\/3786\/revisions"}],"predecessor-version":[{"id":3791,"href":"https:\/\/famelifemagazin.com\/index.php?rest_route=\/wp\/v2\/posts\/3786\/revisions\/3791"}],"wp:featuredmedia":[{"embeddable":true,"href":"https:\/\/famelifemagazin.com\/index.php?rest_route=\/wp\/v2\/media\/3789"}],"wp:attachment":[{"href":"https:\/\/famelifemagazin.com\/index.php?rest_route=%2Fwp%2Fv2%2Fmedia&parent=3786"}],"wp:term":[{"taxonomy":"category","embeddable":true,"href":"https:\/\/famelifemagazin.com\/index.php?rest_route=%2Fwp%2Fv2%2Fcategories&post=3786"},{"taxonomy":"post_tag","embeddable":true,"href":"https:\/\/famelifemagazin.com\/index.php?rest_route=%2Fwp%2Fv2%2Ftags&post=3786"}],"curies":[{"name":"wp","href":"https:\/\/api.w.org\/{rel}","templated":true}]}}