{"id":3701,"date":"2024-11-05T08:25:34","date_gmt":"2024-11-05T08:25:34","guid":{"rendered":"https:\/\/famelifemagazin.com\/?p=3701"},"modified":"2024-11-05T08:25:34","modified_gmt":"2024-11-05T08:25:34","slug":"metin-sen-ve-eski-ortaklarindan-yeni-proje-sinyalleri","status":"publish","type":"post","link":"https:\/\/famelifemagazin.com\/?p=3701","title":{"rendered":"MET\u0130N \u015eEN VE ESK\u0130 ORTAKLARINDAN YEN\u0130 PROJE S\u0130NYALLER\u0130&#8230;"},"content":{"rendered":"\n<p><strong>ESK\u0130 ORTAKLAR AVRUPA&#8217;DA OTEL Z\u0130NC\u0130R\u0130 KURACAKLAR<\/strong>&#8230;<\/p>\n\n\n\n<p><strong>\u00dcnl\u00fc i\u015f insan\u0131 Metin \u015een, ge\u00e7ti\u011fimiz hafta Amerika Birle\u015fik Devletleri&#8217;nin New York kentinde \u00f6nemli bir bulu\u015fmaya imza att\u0131. \u015een, ge\u00e7ti\u011fimiz y\u0131l T\u00fcrkiye\u2019deki Serafina restoran zincirinin hisselerini bir yat\u0131r\u0131mc\u0131ya devretmi\u015fti. <\/strong><\/p>\n\n\n\n<p>Bu devir i\u015fleminin ard\u0131ndan, eski ortaklar\u0131 olan Serafina\u2019n\u0131n kurucular\u0131 Fabio Granato ve Vittorio Assaf ile bir s\u00fcre bir araya gelmeyen \u00a0Metin \u015een, bu ziyaretle birlikte gelecekteki olas\u0131 projelere dair yeni sinyaller verdi.<\/p>\n\n\n\n<p>New York&#8217;ta ger\u00e7ekle\u015fen bu bulu\u015fmada Metin \u015een ve eski ortaklar\u0131n\u0131n, \u00f6zellikle New York ve Avrupa&#8217;da otel ve restoran yat\u0131r\u0131mlar\u0131 \u00fczerinde g\u00f6r\u00fc\u015fmeler yapt\u0131. Serafina markas\u0131n\u0131 d\u00fcnyaya a\u00e7mak isteyen ekip, bu yat\u0131r\u0131mlarla uluslararas\u0131 pazarda g\u00fc\u00e7l\u00fc bir yer edinmeyi hedefliyor.<\/p>\n","protected":false},"excerpt":{"rendered":"<p>ESK\u0130 ORTAKLAR AVRUPA&#8217;DA OTEL Z\u0130NC\u0130R\u0130 KURACAKLAR&#8230; \u00dcnl\u00fc i\u015f insan\u0131 Metin \u015een, ge\u00e7ti\u011fimiz hafta Amerika Birle\u015fik Devletleri&#8217;nin New York kentinde \u00f6nemli bir bulu\u015fmaya imza att\u0131. \u015een, ge\u00e7ti\u011fimiz y\u0131l T\u00fcrkiye\u2019deki Serafina restoran zincirinin hisselerini bir yat\u0131r\u0131mc\u0131ya devretmi\u015fti. Bu devir i\u015fleminin ard\u0131ndan, eski ortaklar\u0131 olan Serafina\u2019n\u0131n kurucular\u0131 Fabio Granato ve Vittorio Assaf ile bir s\u00fcre bir araya gelmeyen [&hellip;]<\/p>\n","protected":false},"author":1,"featured_media":3702,"comment_status":"open","ping_status":"open","sticky":false,"template":"","format":"standard","meta":{"footnotes":""},"categories":[3,12],"tags":[],"class_list":["post-3701","post","type-post","status-publish","format-standard","has-post-thumbnail","hentry","category-son-haberler","category-turizm"],"_links":{"self":[{"href":"https:\/\/famelifemagazin.com\/index.php?rest_route=\/wp\/v2\/posts\/3701","targetHints":{"allow":["GET"]}}],"collection":[{"href":"https:\/\/famelifemagazin.com\/index.php?rest_route=\/wp\/v2\/posts"}],"about":[{"href":"https:\/\/famelifemagazin.com\/index.php?rest_route=\/wp\/v2\/types\/post"}],"author":[{"embeddable":true,"href":"https:\/\/famelifemagazin.com\/index.php?rest_route=\/wp\/v2\/users\/1"}],"replies":[{"embeddable":true,"href":"https:\/\/famelifemagazin.com\/index.php?rest_route=%2Fwp%2Fv2%2Fcomments&post=3701"}],"version-history":[{"count":1,"href":"https:\/\/famelifemagazin.com\/index.php?rest_route=\/wp\/v2\/posts\/3701\/revisions"}],"predecessor-version":[{"id":3703,"href":"https:\/\/famelifemagazin.com\/index.php?rest_route=\/wp\/v2\/posts\/3701\/revisions\/3703"}],"wp:featuredmedia":[{"embeddable":true,"href":"https:\/\/famelifemagazin.com\/index.php?rest_route=\/wp\/v2\/media\/3702"}],"wp:attachment":[{"href":"https:\/\/famelifemagazin.com\/index.php?rest_route=%2Fwp%2Fv2%2Fmedia&parent=3701"}],"wp:term":[{"taxonomy":"category","embeddable":true,"href":"https:\/\/famelifemagazin.com\/index.php?rest_route=%2Fwp%2Fv2%2Fcategories&post=3701"},{"taxonomy":"post_tag","embeddable":true,"href":"https:\/\/famelifemagazin.com\/index.php?rest_route=%2Fwp%2Fv2%2Ftags&post=3701"}],"curies":[{"name":"wp","href":"https:\/\/api.w.org\/{rel}","templated":true}]}}