{"id":369,"date":"2023-12-26T11:17:58","date_gmt":"2023-12-26T11:17:58","guid":{"rendered":"https:\/\/famelifemagazin.com\/?p=369"},"modified":"2023-12-26T11:17:59","modified_gmt":"2023-12-26T11:17:59","slug":"evim-sirtimda-geziyorum","status":"publish","type":"post","link":"https:\/\/famelifemagazin.com\/?p=369","title":{"rendered":"Evim s\u0131rt\u0131mda geziyorum.."},"content":{"rendered":"\n<p>\u00dcnl\u00fc isimler yava\u015f yava\u015f \u015fehir hayat\u0131ndan \u00e7ekiliyor. Son olarak manken Tu\u011fba \u00d6zay, \u015fehrin g\u00fcr\u00fclt\u00fcs\u00fcnden ve kalabal\u0131\u011f\u0131ndan s\u0131k\u0131l\u0131nca \u00e7areyi do\u011faya s\u0131\u011f\u0131nmakta buldu.<\/p>\n\n\n\n<p>&#8220;Bende deprem korkusundan ziyade insan korkusu var&#8221; diyen Tu\u011fba \u00d6zay, yeni ya\u015fant\u0131s\u0131yla 2. Sayfa&#8217;da haber oldu.<\/p>\n\n\n\n<h2 class=\"wp-block-heading\"><\/h2>\n\n\n\n<p>Son d\u00f6nemde pop\u00fcler hale gelen karavan hayat\u0131na ge\u00e7en \u00d6zay, konum olarak \u0130stanbul Sancaktepe&#8217;yi se\u00e7ti.<\/p>\n\n\n\n<h2 class=\"wp-block-heading\"><\/h2>\n\n\n\n<figure class=\"wp-block-image\"><img decoding=\"async\" src=\"https:\/\/imgrosetta.mynet.com.tr\/file\/18184370\/640xauto.jpg\" alt=\"\"\/><\/figure>\n\n\n\n<p>Kutu gibi yeni eviyle dikkat \u00e7eken \u00d6zay &#8220;Karavan merak\u0131m hep vard\u0131. Yar\u0131\u015f motorum vard\u0131, onu satt\u0131m karavan\u0131 ald\u0131m. Motosikletimi de\u011ferinin alt\u0131nda satt\u0131m. 150 bin liraya&#8230; \u00dczerine ekleme yapt\u0131m. Bu karavan\u0131 da de\u011ferinin alt\u0131nda bir paraya ald\u0131m. Bu l\u00fcks bir karavan say\u0131l\u0131yormu\u015f&#8230;&#8221; dedi.<\/p>\n\n\n\n<h2 class=\"wp-block-heading\"><\/h2>\n\n\n\n<p>Karavan\u0131 ile 2-3 kez tura \u00e7\u0131kt\u0131\u011f\u0131n\u0131 s\u00f6yleyen Tu\u011fba \u00d6zay, &#8220;Kamplumba\u011fa gibi evim s\u0131rt\u0131mda geziyorum. Kafamdaki hayat bundan sonra o \u015fekilde devam edecek.&#8221; dedi. Tu\u011fba \u00d6zay karavanda du\u015f almad\u0131\u011f\u0131n\u0131 ve tuvalete gitmedi\u011fini de s\u00f6yledi.<\/p>\n\n\n\n<h2 class=\"wp-block-heading\"><\/h2>\n\n\n\n<figure class=\"wp-block-image\"><img decoding=\"async\" src=\"https:\/\/imgrosetta.mynet.com.tr\/file\/18184410\/640xauto.jpg\" alt=\"\"\/><\/figure>\n\n\n\n<p>Tu\u011fba \u00d6zay do\u011fada kitap okuyup, katlan\u0131r bisikletiyle dola\u015farak keyifli zaman ge\u00e7iriyor. Kutu gibi evinde \u00d6zay tuvaleti kullanmad\u0131\u011f\u0131 i\u00e7in bisikletini de burada depoluyor.<\/p>\n\n\n\n<h2 class=\"wp-block-heading\"><\/h2>\n\n\n\n<p>Tu\u011fba \u00d6zay a\u00e7\u0131klamas\u0131n\u0131n devam\u0131nda ise &#8220;Bu biraz l\u00fcks bir karavana giriyormu\u015f \u00e7ok daha b\u00fcy\u00fckleri de var ama daha sala\u015f, sade olanlar daha uygun fiyatlara da var. \u015eu an \u00e7ok reva\u00e7ta&#8221; dedi.<\/p>\n","protected":false},"excerpt":{"rendered":"<p>\u00dcnl\u00fc isimler yava\u015f yava\u015f \u015fehir hayat\u0131ndan \u00e7ekiliyor. Son olarak manken Tu\u011fba \u00d6zay, \u015fehrin g\u00fcr\u00fclt\u00fcs\u00fcnden ve kalabal\u0131\u011f\u0131ndan s\u0131k\u0131l\u0131nca \u00e7areyi do\u011faya s\u0131\u011f\u0131nmakta buldu. &#8220;Bende deprem korkusundan ziyade insan korkusu var&#8221; diyen Tu\u011fba \u00d6zay, yeni ya\u015fant\u0131s\u0131yla 2. Sayfa&#8217;da haber oldu. Son d\u00f6nemde pop\u00fcler hale gelen karavan hayat\u0131na ge\u00e7en \u00d6zay, konum olarak \u0130stanbul Sancaktepe&#8217;yi se\u00e7ti. Kutu gibi yeni eviyle [&hellip;]<\/p>\n","protected":false},"author":1,"featured_media":370,"comment_status":"open","ping_status":"open","sticky":false,"template":"","format":"standard","meta":{"footnotes":""},"categories":[4,3],"tags":[],"class_list":["post-369","post","type-post","status-publish","format-standard","has-post-thumbnail","hentry","category-magazin","category-son-haberler"],"_links":{"self":[{"href":"https:\/\/famelifemagazin.com\/index.php?rest_route=\/wp\/v2\/posts\/369","targetHints":{"allow":["GET"]}}],"collection":[{"href":"https:\/\/famelifemagazin.com\/index.php?rest_route=\/wp\/v2\/posts"}],"about":[{"href":"https:\/\/famelifemagazin.com\/index.php?rest_route=\/wp\/v2\/types\/post"}],"author":[{"embeddable":true,"href":"https:\/\/famelifemagazin.com\/index.php?rest_route=\/wp\/v2\/users\/1"}],"replies":[{"embeddable":true,"href":"https:\/\/famelifemagazin.com\/index.php?rest_route=%2Fwp%2Fv2%2Fcomments&post=369"}],"version-history":[{"count":1,"href":"https:\/\/famelifemagazin.com\/index.php?rest_route=\/wp\/v2\/posts\/369\/revisions"}],"predecessor-version":[{"id":371,"href":"https:\/\/famelifemagazin.com\/index.php?rest_route=\/wp\/v2\/posts\/369\/revisions\/371"}],"wp:featuredmedia":[{"embeddable":true,"href":"https:\/\/famelifemagazin.com\/index.php?rest_route=\/wp\/v2\/media\/370"}],"wp:attachment":[{"href":"https:\/\/famelifemagazin.com\/index.php?rest_route=%2Fwp%2Fv2%2Fmedia&parent=369"}],"wp:term":[{"taxonomy":"category","embeddable":true,"href":"https:\/\/famelifemagazin.com\/index.php?rest_route=%2Fwp%2Fv2%2Fcategories&post=369"},{"taxonomy":"post_tag","embeddable":true,"href":"https:\/\/famelifemagazin.com\/index.php?rest_route=%2Fwp%2Fv2%2Ftags&post=369"}],"curies":[{"name":"wp","href":"https:\/\/api.w.org\/{rel}","templated":true}]}}