{"id":3619,"date":"2024-10-23T09:58:18","date_gmt":"2024-10-23T09:58:18","guid":{"rendered":"https:\/\/famelifemagazin.com\/?p=3619"},"modified":"2024-10-23T09:58:19","modified_gmt":"2024-10-23T09:58:19","slug":"kudus-fatihi-selahattin-eyyubi-dizisi-genc-balian-efe-arda-dag-kimdir","status":"publish","type":"post","link":"https:\/\/famelifemagazin.com\/?p=3619","title":{"rendered":"Kud\u00fcs Fatihi Selahattin Eyyubi dizisi Gen\u00e7 Balian Efe Arda Da\u011f kimdir?"},"content":{"rendered":"\n<p><br><strong>Kud\u00fcs Fatihi Selahaddin Eyyubi dizisinin 29. B\u00f6l\u00fcm\u00fcnde Ozan Dolunay\u2019\u0131n canland\u0131rd\u0131\u011f\u0131 \u0130belinli Balian karakterinin gen\u00e7lik sahnelerini de gen\u00e7 oyuncu Efe Arda Da\u011f canland\u0131r\u0131yor\u2026<\/strong><\/p>\n\n\n\n<p>Efe Arda Da\u011f, 18 ya\u015f\u0131nda olmas\u0131na ra\u011fmen bir\u00e7ok alanda \u00f6nemli ba\u015far\u0131lara imza atm\u0131\u015f gen\u00e7 bir giri\u015fimci, oyuncu, model ve yazar olarak dikkat \u00e7ekiyor. Bah\u00e7e\u015fehir \u00dcniversitesi&#8217;nde Hukuk e\u011fitimi alan Efe Arda, akademik ba\u015far\u0131s\u0131n\u0131n yan\u0131 s\u0131ra sanatsal ve profesyonel kariyerinde de etkileyici bir performans sergiliyor.<\/p>\n\n\n\n<p>Efe Arda&#8217;n\u0131n oyunculuk kariyeri, \u015fimdiden T\u00fcrkiye&#8217;nin en \u00e7ok izlenen dizileri ve projeleriyle dolu. &#8220;Kurulu\u015f Osman&#8221;, &#8220;Karde\u015flerim&#8221;, &#8220;Terzi&#8221; gibi pop\u00fcler dizilerde ve Halkbank Yuvam reklam\u0131nda yer alarak ad\u0131n\u0131 duyurdu. Bu projelerdeki performans\u0131, yetene\u011fi ve disipliniyle dikkat \u00e7ekti. Ba\u015fkent \u0130leti\u015fim Akademisi&#8217;nden ald\u0131\u011f\u0131 oyunculuk ve diksiyon e\u011fitimleriyle kendini s\u00fcrekli geli\u015ftiren Efe Arda, 17 farkl\u0131 projede yer ald\u0131 ve bu alanda kendini kan\u0131tlad\u0131. \u015eimdide gen\u00e7 oyuncu TRT\u2019de yay\u0131nlanan fenomen dizi \u201cKud\u00fcs Fatihi Selahattin Eyyubi\u201dde boy g\u00f6sterecek.<br><br><strong>Efe Arda Da\u011f kimdir?<\/strong><br><br>18 \u015eubat 2006 Ankara do\u011fumlu gen\u00e7 oyuncu, Kud\u00fcs Fatihi Selahaddin Eyyubi Dizisinde \u0130belinli Balian karakterinin gen\u00e7li\u011fini ba\u015far\u0131l\u0131 bir \u015fekilde canland\u0131rd\u0131 ve dikkatleri \u00fczerine \u00e7ekti.<br><br>Efe Arda Da\u011f, daha \u00f6nce Karde\u015flerim, Kurulu\u015f Osman, Terzi, Yaln\u0131z Kurt ve Ad\u0131 Sevgi gibi bir\u00e7ok dizide g\u00f6rev ald\u0131. Halkbank Yuvam Hesab\u0131 reklam\u0131nda da oyunculu\u011fuyla be\u011feni toplad\u0131. Efe Arda Da\u011f, oyunculuk e\u011fitimini Ba\u015fkent \u0130leti\u015fim Akademisinden alm\u0131\u015ft\u0131r.<br><br><strong>EK B\u0130LG\u0130LER<\/strong><br><br>Bah\u00e7e\u015fehir \u00dcniversitesi\u2019nde Hukuk okuyor.<br><br>Kayserispor\u2019un eski lisansl\u0131 altyap\u0131 futbolcusu, boks ve fitness ile ilgileniyor.<br><br>Boyu 1.87 Kilosu 77<br><br>Gen\u00e7 bir giri\u015fimci. Kurdu\u011fu \u00e7e\u015fitli markalar var.<br><br>Kriptopara ile ilgileniyor.<br><br>YKS s\u0131nav\u0131 hakk\u0131nda rehberlik ama\u00e7l\u0131 bir e-kitap yazd\u0131.<br><br>\u0130leri d\u00fczey \u0130ngilizce biliyor ve yeminli terc\u00fcmanl\u0131k da yap\u0131yor.<\/p>\n\n\n\n<figure class=\"wp-block-gallery has-nested-images columns-default is-cropped wp-block-gallery-1 is-layout-flex wp-block-gallery-is-layout-flex\">\n<figure class=\"wp-block-image size-large\"><img loading=\"lazy\" decoding=\"async\" width=\"1024\" height=\"514\" data-id=\"3620\" src=\"https:\/\/famelifemagazin.com\/wp-content\/uploads\/2024\/10\/efe-arda-dag-dizi-2-1024x514.jpeg\" alt=\"\" class=\"wp-image-3620\" srcset=\"https:\/\/famelifemagazin.com\/wp-content\/uploads\/2024\/10\/efe-arda-dag-dizi-2-1024x514.jpeg 1024w, https:\/\/famelifemagazin.com\/wp-content\/uploads\/2024\/10\/efe-arda-dag-dizi-2-300x150.jpeg 300w, https:\/\/famelifemagazin.com\/wp-content\/uploads\/2024\/10\/efe-arda-dag-dizi-2-768x385.jpeg 768w, https:\/\/famelifemagazin.com\/wp-content\/uploads\/2024\/10\/efe-arda-dag-dizi-2-1536x770.jpeg 1536w, https:\/\/famelifemagazin.com\/wp-content\/uploads\/2024\/10\/efe-arda-dag-dizi-2.jpeg 1601w\" sizes=\"auto, (max-width: 1024px) 100vw, 1024px\" \/><\/figure>\n\n\n\n<figure class=\"wp-block-image size-large\"><img loading=\"lazy\" decoding=\"async\" width=\"699\" height=\"397\" data-id=\"3621\" src=\"https:\/\/famelifemagazin.com\/wp-content\/uploads\/2024\/10\/efe-arda-dag.png\" alt=\"\" class=\"wp-image-3621\" srcset=\"https:\/\/famelifemagazin.com\/wp-content\/uploads\/2024\/10\/efe-arda-dag.png 699w, https:\/\/famelifemagazin.com\/wp-content\/uploads\/2024\/10\/efe-arda-dag-300x170.png 300w\" sizes=\"auto, (max-width: 699px) 100vw, 699px\" \/><\/figure>\n<\/figure>\n\n\n\n<figure class=\"wp-block-gallery has-nested-images columns-default is-cropped wp-block-gallery-2 is-layout-flex wp-block-gallery-is-layout-flex\">\n<figure class=\"wp-block-image size-large\"><img loading=\"lazy\" decoding=\"async\" width=\"684\" height=\"1024\" data-id=\"3623\" src=\"https:\/\/famelifemagazin.com\/wp-content\/uploads\/2024\/10\/efe-arda-dag-2-684x1024.jpeg\" alt=\"\" class=\"wp-image-3623\" srcset=\"https:\/\/famelifemagazin.com\/wp-content\/uploads\/2024\/10\/efe-arda-dag-2-684x1024.jpeg 684w, https:\/\/famelifemagazin.com\/wp-content\/uploads\/2024\/10\/efe-arda-dag-2-200x300.jpeg 200w, https:\/\/famelifemagazin.com\/wp-content\/uploads\/2024\/10\/efe-arda-dag-2-768x1151.jpeg 768w, https:\/\/famelifemagazin.com\/wp-content\/uploads\/2024\/10\/efe-arda-dag-2-1025x1536.jpeg 1025w, https:\/\/famelifemagazin.com\/wp-content\/uploads\/2024\/10\/efe-arda-dag-2.jpeg 1068w\" sizes=\"auto, (max-width: 684px) 100vw, 684px\" \/><\/figure>\n\n\n\n<figure class=\"wp-block-image size-large\"><img loading=\"lazy\" decoding=\"async\" width=\"684\" height=\"1024\" data-id=\"3622\" src=\"https:\/\/famelifemagazin.com\/wp-content\/uploads\/2024\/10\/efe-arda-dag-1-684x1024.jpeg\" alt=\"\" class=\"wp-image-3622\" srcset=\"https:\/\/famelifemagazin.com\/wp-content\/uploads\/2024\/10\/efe-arda-dag-1-684x1024.jpeg 684w, https:\/\/famelifemagazin.com\/wp-content\/uploads\/2024\/10\/efe-arda-dag-1-200x300.jpeg 200w, https:\/\/famelifemagazin.com\/wp-content\/uploads\/2024\/10\/efe-arda-dag-1-768x1151.jpeg 768w, https:\/\/famelifemagazin.com\/wp-content\/uploads\/2024\/10\/efe-arda-dag-1-1025x1536.jpeg 1025w, https:\/\/famelifemagazin.com\/wp-content\/uploads\/2024\/10\/efe-arda-dag-1.jpeg 1068w\" sizes=\"auto, (max-width: 684px) 100vw, 684px\" \/><\/figure>\n<\/figure>\n\n\n\n<figure class=\"wp-block-gallery has-nested-images columns-default is-cropped wp-block-gallery-3 is-layout-flex wp-block-gallery-is-layout-flex\">\n<figure class=\"wp-block-image size-large\"><img loading=\"lazy\" decoding=\"async\" width=\"828\" height=\"463\" data-id=\"3624\" src=\"https:\/\/famelifemagazin.com\/wp-content\/uploads\/2024\/10\/efe-arda-dag-dizi-1.jpeg\" alt=\"\" class=\"wp-image-3624\" srcset=\"https:\/\/famelifemagazin.com\/wp-content\/uploads\/2024\/10\/efe-arda-dag-dizi-1.jpeg 828w, https:\/\/famelifemagazin.com\/wp-content\/uploads\/2024\/10\/efe-arda-dag-dizi-1-300x168.jpeg 300w, https:\/\/famelifemagazin.com\/wp-content\/uploads\/2024\/10\/efe-arda-dag-dizi-1-768x429.jpeg 768w\" sizes=\"auto, (max-width: 828px) 100vw, 828px\" \/><\/figure>\n<\/figure>\n","protected":false},"excerpt":{"rendered":"<p>Kud\u00fcs Fatihi Selahaddin Eyyubi dizisinin 29. B\u00f6l\u00fcm\u00fcnde Ozan Dolunay\u2019\u0131n canland\u0131rd\u0131\u011f\u0131 \u0130belinli Balian karakterinin gen\u00e7lik sahnelerini de gen\u00e7 oyuncu Efe Arda Da\u011f canland\u0131r\u0131yor\u2026 Efe Arda Da\u011f, 18 ya\u015f\u0131nda olmas\u0131na ra\u011fmen bir\u00e7ok alanda \u00f6nemli ba\u015far\u0131lara imza atm\u0131\u015f gen\u00e7 bir giri\u015fimci, oyuncu, model ve yazar olarak dikkat \u00e7ekiyor. Bah\u00e7e\u015fehir \u00dcniversitesi&#8217;nde Hukuk e\u011fitimi alan Efe Arda, akademik ba\u015far\u0131s\u0131n\u0131n yan\u0131 [&hellip;]<\/p>\n","protected":false},"author":1,"featured_media":3624,"comment_status":"open","ping_status":"open","sticky":false,"template":"","format":"standard","meta":{"footnotes":""},"categories":[20,3],"tags":[],"class_list":["post-3619","post","type-post","status-publish","format-standard","has-post-thumbnail","hentry","category-sinema-film-tv-dizi","category-son-haberler"],"_links":{"self":[{"href":"https:\/\/famelifemagazin.com\/index.php?rest_route=\/wp\/v2\/posts\/3619","targetHints":{"allow":["GET"]}}],"collection":[{"href":"https:\/\/famelifemagazin.com\/index.php?rest_route=\/wp\/v2\/posts"}],"about":[{"href":"https:\/\/famelifemagazin.com\/index.php?rest_route=\/wp\/v2\/types\/post"}],"author":[{"embeddable":true,"href":"https:\/\/famelifemagazin.com\/index.php?rest_route=\/wp\/v2\/users\/1"}],"replies":[{"embeddable":true,"href":"https:\/\/famelifemagazin.com\/index.php?rest_route=%2Fwp%2Fv2%2Fcomments&post=3619"}],"version-history":[{"count":1,"href":"https:\/\/famelifemagazin.com\/index.php?rest_route=\/wp\/v2\/posts\/3619\/revisions"}],"predecessor-version":[{"id":3625,"href":"https:\/\/famelifemagazin.com\/index.php?rest_route=\/wp\/v2\/posts\/3619\/revisions\/3625"}],"wp:featuredmedia":[{"embeddable":true,"href":"https:\/\/famelifemagazin.com\/index.php?rest_route=\/wp\/v2\/media\/3624"}],"wp:attachment":[{"href":"https:\/\/famelifemagazin.com\/index.php?rest_route=%2Fwp%2Fv2%2Fmedia&parent=3619"}],"wp:term":[{"taxonomy":"category","embeddable":true,"href":"https:\/\/famelifemagazin.com\/index.php?rest_route=%2Fwp%2Fv2%2Fcategories&post=3619"},{"taxonomy":"post_tag","embeddable":true,"href":"https:\/\/famelifemagazin.com\/index.php?rest_route=%2Fwp%2Fv2%2Ftags&post=3619"}],"curies":[{"name":"wp","href":"https:\/\/api.w.org\/{rel}","templated":true}]}}