{"id":357,"date":"2023-12-25T19:45:47","date_gmt":"2023-12-25T19:45:47","guid":{"rendered":"https:\/\/famelifemagazin.com\/?p=357"},"modified":"2023-12-25T19:45:48","modified_gmt":"2023-12-25T19:45:48","slug":"tecavuz-hapi-sakasi","status":"publish","type":"post","link":"https:\/\/famelifemagazin.com\/?p=357","title":{"rendered":"Tecav\u00fcz hap\u0131 \u015fakas\u0131.."},"content":{"rendered":"\n<h5 class=\"wp-block-heading\">\u0130ngiltere \u0130\u00e7i\u015fleri Bakan\u0131 James Cleverly, halk aras\u0131nda &#8216;tecav\u00fcz hap\u0131&#8217; olarak isimlendirilen sakinle\u015ftirici bir ilac\u0131 e\u015finin her gece i\u00e7kisine katt\u0131\u011f\u0131n\u0131 s\u00f6yleyerek \u015faka yapt\u0131. \u0130\u00e7i\u015fleri Bakan\u0131 James Cleverly&#8217;in \u015fakas\u0131 \u00fclkede b\u00fcy\u00fck tepkiye neden oldu. \u0130stifa seslerinin y\u00fckseldi\u011fi bakan \u015faka yapt\u0131\u011f\u0131n\u0131 yineleyerek s\u00f6z konusu a\u00e7\u0131klamalar\u0131 i\u00e7in \u00f6z\u00fcr diledi.<\/h5>\n\n\n\n<figure class=\"wp-block-image\"><img decoding=\"async\" src=\"https:\/\/imgrosetta.mynet.com.tr\/file\/18178128\/18178128-530x400.jpg\" alt=\"\u0130ngiltere \u0130\u00e7i\u015fleri Bakan\u0131 James Cleverly'in kar\u0131s\u0131 i\u00e7in yapt\u0131\u011f\u0131 'tecav\u00fcz hap\u0131' \u015fakas\u0131 \u00fclkede tepki toplad\u0131! '\u0130stifa sesleri' y\u00fckseldi\"\/><\/figure>\n\n\n\n<p>Ba\u015fbakanl\u0131k Ofisi 10 Numara&#8217;da bas\u0131na kapal\u0131 olarak d\u00fczenlenen resepsiyonda konu\u015fan Cleverly, e\u015finin i\u00e7kisine &#8216;tecav\u00fcz hap\u0131 katt\u0131\u011f\u0131&#8217; y\u00f6n\u00fcnde \u015faka yapt\u0131. \u0130ngiliz tabloid gazetesi Sunday Mirror&#8217;da yer alan habere g\u00f6re, \u0130ngiltere \u0130\u00e7i\u015fleri Bakan\u0131 James Cleverly e\u015finin i\u00e7kisine her gece bir miktar Rohypnol eklemesinin ya\u015fa d\u0131\u015f\u0131 olmad\u0131\u011f\u0131n\u0131 s\u00f6yledi. Uzun evlili\u011fin s\u0131rr\u0131n\u0131n d\u00fczenli olarak hafif bir sakinle\u015ftirici kullanan ve b\u00f6ylece d\u0131\u015far\u0131da daha iyi erkeklerin oldu\u011funu asla fark edemeyen bir e\u015f oldu\u011funu belirterek g\u00fcld\u00fc.<\/p>\n\n\n\n<h2 class=\"wp-block-heading\">TEPK\u0130LER \u00c7I\u011e G\u0130B\u0130 B\u00dcY\u00dcD\u00dc<\/h2>\n\n\n\n<p>\u0130ngiltere \u0130\u00e7i\u015fleri Bakan\u0131 James Cleverly&#8217;in s\u00f6zlerine siyaset d\u00fcnyas\u0131ndan da tepkiler geldi. Muhalefetteki \u0130\u015f\u00e7i Partisi&#8217;nin \u00fcst d\u00fczey \u00fcyeleri a\u00e7\u0131klamay\u0131 korkun\u00e7 olarak nitelendirdi. \u0130\u015f\u00e7i Partili Parlamento \u00fcyesi Yvette Cooper, &#8220;\u0130\u00e7i\u015fleri Bakan\u0131&#8217;n\u0131n bu kadar korkun\u00e7 \u015fakalar yapmas\u0131 ger\u00e7ekten inan\u0131lmaz.Kurbanlar do\u011fal olarak bu i\u011fren\u00e7 su\u00e7u ciddiye almas\u0131 konusunda ona g\u00fcvenip g\u00fcvenemeyeceklerini sorgulayacaklard\u0131r.&#8221; dedi.<\/p>\n\n\n\n<figure class=\"wp-block-image\"><img decoding=\"async\" src=\"https:\/\/imgrosetta.mynet.com.tr\/file\/18178124\/640xauto.jpg\" alt=\"2\"\/><\/figure>\n\n\n\n<p>Kad\u0131n haklar\u0131 grubu Fawcett Society&#8217;nin genel m\u00fcd\u00fcr\u00fc Jemima Olchawski, &#8220;Kad\u0131nlara ve k\u0131z \u00e7ocuklar\u0131na y\u00f6nelik \u015fiddeti ciddiyetle ele alaca\u011f\u0131 konusunda ona nas\u0131l g\u00fcvenebiliriz? Kad\u0131nlar\u0131 g\u00fcvende tutmakla g\u00f6revli kad\u0131nlara ila\u00e7 vermek kadar korkun\u00e7 bir \u015feyin g\u00fcl\u00fcnecek bir konu oldu\u011funu d\u00fc\u015f\u00fcnmesi mide buland\u0131r\u0131c\u0131.&#8221; ifadelerini kulland\u0131.<\/p>\n","protected":false},"excerpt":{"rendered":"<p>\u0130ngiltere \u0130\u00e7i\u015fleri Bakan\u0131 James Cleverly, halk aras\u0131nda &#8216;tecav\u00fcz hap\u0131&#8217; olarak isimlendirilen sakinle\u015ftirici bir ilac\u0131 e\u015finin her gece i\u00e7kisine katt\u0131\u011f\u0131n\u0131 s\u00f6yleyerek \u015faka yapt\u0131. \u0130\u00e7i\u015fleri Bakan\u0131 James Cleverly&#8217;in \u015fakas\u0131 \u00fclkede b\u00fcy\u00fck tepkiye neden oldu. \u0130stifa seslerinin y\u00fckseldi\u011fi bakan \u015faka yapt\u0131\u011f\u0131n\u0131 yineleyerek s\u00f6z konusu a\u00e7\u0131klamalar\u0131 i\u00e7in \u00f6z\u00fcr diledi. Ba\u015fbakanl\u0131k Ofisi 10 Numara&#8217;da bas\u0131na kapal\u0131 olarak d\u00fczenlenen resepsiyonda konu\u015fan [&hellip;]<\/p>\n","protected":false},"author":1,"featured_media":358,"comment_status":"open","ping_status":"open","sticky":false,"template":"","format":"standard","meta":{"footnotes":""},"categories":[4,3],"tags":[],"class_list":["post-357","post","type-post","status-publish","format-standard","has-post-thumbnail","hentry","category-magazin","category-son-haberler"],"_links":{"self":[{"href":"https:\/\/famelifemagazin.com\/index.php?rest_route=\/wp\/v2\/posts\/357","targetHints":{"allow":["GET"]}}],"collection":[{"href":"https:\/\/famelifemagazin.com\/index.php?rest_route=\/wp\/v2\/posts"}],"about":[{"href":"https:\/\/famelifemagazin.com\/index.php?rest_route=\/wp\/v2\/types\/post"}],"author":[{"embeddable":true,"href":"https:\/\/famelifemagazin.com\/index.php?rest_route=\/wp\/v2\/users\/1"}],"replies":[{"embeddable":true,"href":"https:\/\/famelifemagazin.com\/index.php?rest_route=%2Fwp%2Fv2%2Fcomments&post=357"}],"version-history":[{"count":1,"href":"https:\/\/famelifemagazin.com\/index.php?rest_route=\/wp\/v2\/posts\/357\/revisions"}],"predecessor-version":[{"id":359,"href":"https:\/\/famelifemagazin.com\/index.php?rest_route=\/wp\/v2\/posts\/357\/revisions\/359"}],"wp:featuredmedia":[{"embeddable":true,"href":"https:\/\/famelifemagazin.com\/index.php?rest_route=\/wp\/v2\/media\/358"}],"wp:attachment":[{"href":"https:\/\/famelifemagazin.com\/index.php?rest_route=%2Fwp%2Fv2%2Fmedia&parent=357"}],"wp:term":[{"taxonomy":"category","embeddable":true,"href":"https:\/\/famelifemagazin.com\/index.php?rest_route=%2Fwp%2Fv2%2Fcategories&post=357"},{"taxonomy":"post_tag","embeddable":true,"href":"https:\/\/famelifemagazin.com\/index.php?rest_route=%2Fwp%2Fv2%2Ftags&post=357"}],"curies":[{"name":"wp","href":"https:\/\/api.w.org\/{rel}","templated":true}]}}