{"id":3487,"date":"2024-10-11T14:37:17","date_gmt":"2024-10-11T14:37:17","guid":{"rendered":"https:\/\/famelifemagazin.com\/?p=3487"},"modified":"2024-10-11T14:37:18","modified_gmt":"2024-10-11T14:37:18","slug":"elif-buse-dogandan-yeni-sarki-ask-guzel-sey-sanmisim","status":"publish","type":"post","link":"https:\/\/famelifemagazin.com\/?p=3487","title":{"rendered":"Elif Buse Do\u011fan\u2019dan yeni \u015fark\u0131: \u201cA\u015fk G\u00fczel \u015eey Sanm\u0131\u015f\u0131m&#8221;"},"content":{"rendered":"\n<p><strong>M\u00fczik d\u00fcnyas\u0131nda son zamanlarda ad\u0131ndan s\u0131k\u00e7a s\u00f6z ettiren ve \u00fcretimlerine h\u0131z kesmeden devam eden Elif Buse Do\u011fan, 11 Ekim&#8217;de dinleyicilerini yeni \u015fark\u0131s\u0131 &#8220;A\u015fk G\u00fczel \u015eey Sanm\u0131\u015f\u0131m&#8221; ile bulu\u015fturuyor.<\/strong><\/p>\n\n\n\n<p><strong>S\u00f6z ve m\u00fczi\u011fi O\u011fuzhan Ko\u00e7 ve \u00c7a\u011fr\u0131 Telk\u0131v\u0131ran imzas\u0131 ta\u015f\u0131yan \u015fark\u0131, Elif Buse Do\u011fan\u2019\u0131n g\u00fc\u00e7l\u00fc yorumuyla dinleyicilere ula\u015f\u0131yor. D\u00fczenlemesini \u00c7a\u011fr\u0131 Telk\u0131v\u0131ran\u2019\u0131n yapt\u0131\u011f\u0131 \u015fark\u0131n\u0131n klibinde ise y\u00f6netmen koltu\u011funda Kaan Yorulmaz oturuyor.<\/strong><\/p>\n\n\n\n<p>&#8220;A\u015fk G\u00fczel \u015eey Sanm\u0131\u015f\u0131m\u201d, a\u015fk\u0131n hem yan\u0131lg\u0131lar\u0131n\u0131 hem de ac\u0131lar\u0131n\u0131 ele al\u0131rken, derin s\u00f6zleri ve m\u00fczi\u011fiyle dinleyicilere kendinden bir par\u00e7a bulma imkan\u0131 sunuyor. Elif Buse Do\u011fan\u2019\u0131n g\u00fc\u00e7l\u00fc yorumuyla m\u00fczikseverlerle bulu\u015fmaya haz\u0131rlanan \u015fark\u0131, 11 Ekim Cuma g\u00fcn\u00fcnden itibaren EBD M\u00fczik etiketiyle t\u00fcm dijital platformlarda yay\u0131nda!<\/p>\n\n\n\n<p>A\u015fk G\u00fczel \u015eey Sanm\u0131\u015f\u0131m<\/p>\n\n\n\n<p>S\u00f6zler<\/p>\n\n\n\n<p>A\u015fk g\u00fczel \u015fey sanm\u0131\u015f\u0131m<\/p>\n\n\n\n<p>Ba\u015fka kalpleri yuvam san\u0131p icinde yanm\u0131\u015f\u0131m<\/p>\n\n\n\n<p>Hayallere dalm\u0131\u015f\u0131m<\/p>\n\n\n\n<p>Yollara vurup kendimi hep kendime varm\u0131\u015f\u0131m<\/p>\n\n\n\n<p>A\u011flam\u0131\u015ft\u0131m her g\u00fcn yoklu\u011funda<\/p>\n\n\n\n<p>Ama yast\u0131\u011f\u0131m kuru bugun sonunda<\/p>\n\n\n\n<p>Ben yanm\u0131\u015f\u0131m sana \u00f6yle dolmu\u015fum<\/p>\n\n\n\n<p>Ziyan olmu\u015fum gecelerde<\/p>\n\n\n\n<p>Bi ben kalm\u0131\u015f\u0131m<\/p>\n\n\n\n<p>Zaten yokmu\u015fum<\/p>\n\n\n\n<p>Akl\u0131ndan ge\u00e7en hecelerde<\/p>\n\n\n\n<p>Ben yanm\u0131\u015f\u0131m sana \u00f6yle dolmu\u015fum<\/p>\n\n\n\n<p>Ziyan olmu\u015fum gecelerde<\/p>\n\n\n\n<p>Bi ben kalm\u0131\u015f\u0131m<\/p>\n\n\n\n<p>Zaten yokmu\u015fum<\/p>\n\n\n\n<p>Kaybolmu\u015fum ara \u015fimdi nerde<\/p>\n\n\n\n<p>A\u011flam\u0131\u015ft\u0131m her g\u00fcn yoklu\u011funda<\/p>\n\n\n\n<p>Ama yast\u0131\u011f\u0131m kuru bugun sonunda<\/p>\n\n\n\n<p>Ben yanm\u0131\u015f\u0131m sana \u00f6yle dolmu\u015fum<\/p>\n\n\n\n<p>Ziyan olmu\u015fum gecelerde<\/p>\n\n\n\n<p>Bi ben kalm\u0131\u015f\u0131m<\/p>\n\n\n\n<p>Zaten yokmu\u015fum<\/p>\n\n\n\n<p>Akl\u0131ndan ge\u00e7en hecelerde<\/p>\n\n\n\n<p>Ben yanm\u0131\u015f\u0131m sana \u00f6yle dolmu\u015fum<\/p>\n\n\n\n<p>Ziyan olmu\u015fum gecelerde<\/p>\n\n\n\n<p>Bi ben kalm\u0131\u015f\u0131m<\/p>\n\n\n\n<p>Zaten yokmu\u015fum<\/p>\n\n\n\n<p>Kaybolmu\u015fum ara \u015fimdi nerde<\/p>\n\n\n\n<p>A\u015fk g\u00fczel \u015fey sanm\u0131\u015f\u0131m\u2026<\/p>\n\n\n\n<p>K\u00fcnye :<\/p>\n\n\n\n<p>S\u00f6z-M\u00fczik: O\u011fuzhan Ko\u00e7, \u00c7a\u011fr\u0131 Telk\u0131v\u0131ran<\/p>\n\n\n\n<p>D\u00fczenleme: \u00c7a\u011fr\u0131 Telk\u0131v\u0131ran<\/p>\n\n\n\n<p>Klarnet: Mehmet S\u00fczenler<\/p>\n\n\n\n<p>Yayl\u0131lar: \u0130stanbul Strings<\/p>\n\n\n\n<p>Gitar: Salih Sakarya<\/p>\n\n\n\n<p>Mix-Master: \u00d6zg\u00fcr Yurto\u011flu<\/p>\n\n\n\n<p>Klip Y\u00f6netmeni: Kaan Yorulmaz<\/p>\n","protected":false},"excerpt":{"rendered":"<p>M\u00fczik d\u00fcnyas\u0131nda son zamanlarda ad\u0131ndan s\u0131k\u00e7a s\u00f6z ettiren ve \u00fcretimlerine h\u0131z kesmeden devam eden Elif Buse Do\u011fan, 11 Ekim&#8217;de dinleyicilerini yeni \u015fark\u0131s\u0131 &#8220;A\u015fk G\u00fczel \u015eey Sanm\u0131\u015f\u0131m&#8221; ile bulu\u015fturuyor. S\u00f6z ve m\u00fczi\u011fi O\u011fuzhan Ko\u00e7 ve \u00c7a\u011fr\u0131 Telk\u0131v\u0131ran imzas\u0131 ta\u015f\u0131yan \u015fark\u0131, Elif Buse Do\u011fan\u2019\u0131n g\u00fc\u00e7l\u00fc yorumuyla dinleyicilere ula\u015f\u0131yor. D\u00fczenlemesini \u00c7a\u011fr\u0131 Telk\u0131v\u0131ran\u2019\u0131n yapt\u0131\u011f\u0131 \u015fark\u0131n\u0131n klibinde ise y\u00f6netmen koltu\u011funda [&hellip;]<\/p>\n","protected":false},"author":1,"featured_media":3488,"comment_status":"open","ping_status":"open","sticky":false,"template":"","format":"standard","meta":{"footnotes":""},"categories":[7,3],"tags":[],"class_list":["post-3487","post","type-post","status-publish","format-standard","has-post-thumbnail","hentry","category-muzik","category-son-haberler"],"_links":{"self":[{"href":"https:\/\/famelifemagazin.com\/index.php?rest_route=\/wp\/v2\/posts\/3487","targetHints":{"allow":["GET"]}}],"collection":[{"href":"https:\/\/famelifemagazin.com\/index.php?rest_route=\/wp\/v2\/posts"}],"about":[{"href":"https:\/\/famelifemagazin.com\/index.php?rest_route=\/wp\/v2\/types\/post"}],"author":[{"embeddable":true,"href":"https:\/\/famelifemagazin.com\/index.php?rest_route=\/wp\/v2\/users\/1"}],"replies":[{"embeddable":true,"href":"https:\/\/famelifemagazin.com\/index.php?rest_route=%2Fwp%2Fv2%2Fcomments&post=3487"}],"version-history":[{"count":1,"href":"https:\/\/famelifemagazin.com\/index.php?rest_route=\/wp\/v2\/posts\/3487\/revisions"}],"predecessor-version":[{"id":3489,"href":"https:\/\/famelifemagazin.com\/index.php?rest_route=\/wp\/v2\/posts\/3487\/revisions\/3489"}],"wp:featuredmedia":[{"embeddable":true,"href":"https:\/\/famelifemagazin.com\/index.php?rest_route=\/wp\/v2\/media\/3488"}],"wp:attachment":[{"href":"https:\/\/famelifemagazin.com\/index.php?rest_route=%2Fwp%2Fv2%2Fmedia&parent=3487"}],"wp:term":[{"taxonomy":"category","embeddable":true,"href":"https:\/\/famelifemagazin.com\/index.php?rest_route=%2Fwp%2Fv2%2Fcategories&post=3487"},{"taxonomy":"post_tag","embeddable":true,"href":"https:\/\/famelifemagazin.com\/index.php?rest_route=%2Fwp%2Fv2%2Ftags&post=3487"}],"curies":[{"name":"wp","href":"https:\/\/api.w.org\/{rel}","templated":true}]}}