{"id":3354,"date":"2024-10-07T09:11:08","date_gmt":"2024-10-07T09:11:08","guid":{"rendered":"https:\/\/famelifemagazin.com\/?p=3354"},"modified":"2024-10-07T09:11:09","modified_gmt":"2024-10-07T09:11:09","slug":"saglikli-bir-toplum-saglikli-bireylerden-geciyor","status":"publish","type":"post","link":"https:\/\/famelifemagazin.com\/?p=3354","title":{"rendered":"\u201cSa\u011fl\u0131kl\u0131 Bir Toplum Sa\u011fl\u0131kl\u0131 Bireylerden Ge\u00e7iyor\u201d"},"content":{"rendered":"\n<p><strong>Hikayelerle Hayat Terapisi Raflardaki Yerini Ald\u0131<\/strong><\/p>\n\n\n\n<p><strong>G\u00fcn\u00fcm\u00fcz\u00fcn karma\u015f\u0131k ve h\u0131zl\u0131 ya\u015fam temposu, artan psikolojik sorunlarla birlikte y\u0131k\u0131c\u0131 duygular\u0131n da y\u00fckseli\u015fine neden oluyor. Bu durum, hem bireyleri hem de toplumu derinden etkiliyor. Bu kapsamda Dr. H\u00fclya \u0130skendero\u011flu Bahat&#8217;\u0131n kaleme ald\u0131\u011f\u0131 &#8216;Hikayelerle Hayat Terapisi&#8217; kitab\u0131, okuyuculara umut dolu bir bak\u0131\u015f a\u00e7\u0131s\u0131 sunuyor. Ceres Yay\u0131nlar\u0131 etiketiyle raflarda yerini alan kitap, ger\u00e7ek hayat hikayelerinin g\u00fcc\u00fcyle okurlar\u0131n i\u00e7 d\u00fcnyalar\u0131na dokunuyor. \u0130\u00e7ten ve samimi bir dille yaz\u0131lm\u0131\u015f bu hikayeler, okuyucular\u0131 hem kendi i\u00e7sel yolculuklar\u0131na \u00e7\u0131kar\u0131yor hem de \u015fifal\u0131 bir terapi s\u00fcrecine davet ediyor.<\/strong><\/p>\n\n\n\n<p>T\u00fcrk toplumunun k\u00f6kl\u00fc k\u00fclt\u00fcrel miras\u0131nda, bilgi ve deneyim payla\u015f\u0131m\u0131na dayal\u0131 s\u0131cak ili\u015fkiler her zaman \u00f6nemli bir yer tutmu\u015ftur. Ancak g\u00fcn\u00fcm\u00fczde bireyler aras\u0131ndaki mesafe giderek artarken bu durum toplumsal psikolojiyi de olumsuz etkilemektedir.&nbsp;Sanal ileti\u015fimin yayg\u0131nla\u015fmas\u0131yla birlikte, insanlar ger\u00e7ek hayattaki ili\u015fkilerden uzakla\u015fmakta ve yaln\u0131zl\u0131k duygular\u0131 artmaktad\u0131r.<\/p>\n\n\n\n<p>Oysaki, aile ve arkada\u015flarla kurulan s\u0131cak ba\u011flar, psikolojik sa\u011fl\u0131\u011f\u0131m\u0131z i\u00e7in hayati \u00f6neme sahiptir. Farkl\u0131 deneyimlere sahip insanlar\u0131n hikayeleri, bizlere \u015fifa olabilecek \u00f6nemli dersler sunabilir.<\/p>\n\n\n\n<p>Dr. H\u00fclya \u0130skendero\u011flu Bahat\u2019\u0131n \u201cHikayelerle Hayat Terapisi\u201d kitab\u0131, bu noktada okuyuculara \u00f6nemli bir rehberlik sunuyor. Ceres yay\u0131nlar\u0131 etiketiyle raflardaki yerini alan kitapta yer alan ger\u00e7ek ya\u015fam hikayeleri, farkl\u0131 k\u00fclt\u00fcrlerden ve kesimlerden bir\u00e7ok insan\u0131n deneyimlerini okuyuculara yans\u0131t\u0131yor.<\/p>\n\n\n\n<p>Kitaptaki hikayeler ayn\u0131 zamanda konulara farkl\u0131 a\u00e7\u0131lardan yakla\u015farak, okurlar\u0131n kendi i\u00e7 d\u00fcnyalar\u0131n\u0131 ke\u015ffetmelerine ve daha sa\u011fl\u0131kl\u0131 ili\u015fkiler kurmalar\u0131na yard\u0131mc\u0131 oluyor. Bu hikayeler, okuyuculara empati kurmay\u0131, ba\u015fkalar\u0131n\u0131n ya\u015fad\u0131klar\u0131n\u0131 anlamaya \u00e7al\u0131\u015fmay\u0131 ve kendi hayatlar\u0131na dair yeni perspektifler kazanmay\u0131 \u00f6\u011fretiyor. Kitapta yazar\u0131n uzun y\u0131llara dayanan deneyimlerimden s\u00fcz\u00fclen terapi tekniklerine de yer veriliyor.<\/p>\n\n\n\n<p><strong>\u201cSadece Bir Kitap De\u011fil Bir \u0130\u00e7sel Yolculuk\u201d<\/strong><\/p>\n\n\n\n<p>Hikayelerle Hayat Terapisi&#8217;ni sadece bir kitap olarak de\u011fil, ayn\u0131 zamanda bir i\u00e7sel yolculuk olarak g\u00f6ren Dr. H\u00fclya \u0130skendero\u011flu Bahat, \u201cKitaptaki her hik\u00e2ye, karanl\u0131kta yolunu kaybetmi\u015flere \u0131\u015f\u0131k tutan bir fener gibidir. \u00c7\u00fcnk\u00fc her birinde bir \u015fifa ve umut tohumlar\u0131 sakl\u0131d\u0131r. \u0130nsanlar\u0131n ortak zorluklar\u0131n\u0131 ve bu zorluklar\u0131n \u00fcstesinden gelme yollar\u0131n\u0131 anlatmak istedim. Zira her hik\u00e2yede farkl\u0131 bir umut kayna\u011f\u0131 vard\u0131r. Ki\u015fileri kendi i\u00e7 d\u00fcnyalar\u0131n\u0131 ke\u015ffetmeye davet ediyorum. Dijital \u00e7a\u011f\u0131n getirdi\u011fi yaln\u0131zl\u0131k ve yabanc\u0131la\u015fma, toplum sa\u011fl\u0131\u011f\u0131m\u0131z\u0131 tehdit ediyor.<\/p>\n\n\n\n<p>Bu kitap, insanlar\u0131 yeniden birbirine ba\u011flaman\u0131n ve sa\u011fl\u0131kl\u0131 ili\u015fkiler kurman\u0131n \u00f6nemini vurguluyor. Ya\u015fad\u0131\u011f\u0131m\u0131z deneyim ve duygular\u0131 kelimelerle ifade etmek, hem kendimize hem de ba\u015fkalar\u0131na yol g\u00f6sterici olabiliyor. Sa\u011fl\u0131kl\u0131 ili\u015fkiler, mutlu bir ya\u015fam\u0131n temel ta\u015flar\u0131d\u0131r. \u0130nsanlar aras\u0131ndaki ba\u011flar\u0131 g\u00fc\u00e7lendirmek, toplumumuz i\u00e7in b\u00fcy\u00fck \u00f6nem ta\u015f\u0131yor. Kitaptaki her karakter, asl\u0131nda hepimizin i\u00e7indeki bir par\u00e7ay\u0131 temsil ediyor. Onlar\u0131n hikayeleriyle empati kurarak, kendi hayat\u0131m\u0131za dair yeni perspektifler kazanabiliriz\u201d dedi.<\/p>\n\n\n\n<p><strong>\u201cHayat\u0131n Zorluklar\u0131na I\u015f\u0131k Tutan Hikayeler\u201d<\/strong><\/p>\n\n\n\n<p>Bu kitab\u0131 da &#8216;sa\u011fl\u0131kl\u0131 birey, sa\u011fl\u0131kl\u0131 toplum&#8217; d\u00fc\u015f\u00fcncesiyle, bir umut \u0131\u015f\u0131\u011f\u0131 olmas\u0131 amac\u0131yla kaleme ald\u0131\u011f\u0131n\u0131 belirten Yazar, s\u00f6zlerine \u015f\u00f6yle devam etti: \u201cNe yaz\u0131k ki, dijital \u00e7a\u011f\u0131n getirdi\u011fi yaln\u0131zla\u015fma, insanlar\u0131 birbirinden uzakla\u015ft\u0131r\u0131yor. Oysa farkl\u0131 deneyimleri payla\u015fmak, empati kurmak ve birbirinden \u00f6\u011frenmek hem bireysel hem de toplumsal sa\u011fl\u0131\u011f\u0131m\u0131z i\u00e7in vazge\u00e7ilmezdir. Hikayelerimde, farkl\u0131 tedavi y\u00f6ntemlerini ve tekniklerini kullanarak, okurlara sorunlar\u0131yla ba\u015fa \u00e7\u0131kma konusunda yol g\u00f6stermeye \u00e7al\u0131\u015ft\u0131m.<\/p>\n\n\n\n<p>\u00d6rne\u011fin, &#8216;R\u00fcya&#8217;n\u0131n R\u00fcyas\u0131&#8217;nda, Dr. Vedat Ayd\u0131n&#8217;\u0131n &#8216;Varl\u0131k Ba\u011flar\u0131 Kuram\u0131&#8217;n\u0131 \u00f6rnek alarak, bir karakterin travma sonras\u0131 iyile\u015fme s\u00fcrecini ele ald\u0131m. Bu kuram, ki\u015filerin olumsuz d\u00fc\u015f\u00fcnce ve davran\u0131\u015f kal\u0131plar\u0131n\u0131 de\u011fi\u015ftirerek daha sa\u011fl\u0131kl\u0131 bir ya\u015fam s\u00fcrmelerine yard\u0131mc\u0131 oluyor. Her hikayem, farkl\u0131 bir mesaj i\u00e7eriyor.\u00a0Hikayelerimde \u00e7e\u015fitli psikolojik sorunlara, ki\u015filik bozukluklar\u0131na, n\u00f6roz ve psikozlara de\u011findim. Bu vesileyle okurlara umut a\u015f\u0131lamay\u0131 ve sorunlar\u0131n etkili y\u00f6ntemlerle \u00fcstesinden gelinebilece\u011fini g\u00f6stermek istiyorum. Ruhsal ve bedensel sa\u011fl\u0131\u011f\u0131m\u0131z\u0131n birlikteli\u011fi, mutlu ve huzurlu bir ya\u015fam\u0131n temelini olu\u015fturur. Hikayelerimle, insanlar\u0131n hayatlar\u0131na dokunarak, onlara umut ve ilham kayna\u011f\u0131 olmay\u0131 hedefliyorum.&#8221;<\/p>\n\n\n\n<figure class=\"wp-block-gallery has-nested-images columns-default is-cropped wp-block-gallery-1 is-layout-flex wp-block-gallery-is-layout-flex\">\n<figure class=\"wp-block-image size-large\"><img loading=\"lazy\" decoding=\"async\" width=\"683\" height=\"1024\" data-id=\"3358\" src=\"https:\/\/famelifemagazin.com\/wp-content\/uploads\/2024\/10\/228361-6_132039516-1-683x1024.jpg\" alt=\"\" class=\"wp-image-3358\" srcset=\"https:\/\/famelifemagazin.com\/wp-content\/uploads\/2024\/10\/228361-6_132039516-1-683x1024.jpg 683w, https:\/\/famelifemagazin.com\/wp-content\/uploads\/2024\/10\/228361-6_132039516-1-200x300.jpg 200w, https:\/\/famelifemagazin.com\/wp-content\/uploads\/2024\/10\/228361-6_132039516-1-768x1152.jpg 768w, https:\/\/famelifemagazin.com\/wp-content\/uploads\/2024\/10\/228361-6_132039516-1-1024x1536.jpg 1024w, https:\/\/famelifemagazin.com\/wp-content\/uploads\/2024\/10\/228361-6_132039516-1-1365x2048.jpg 1365w, https:\/\/famelifemagazin.com\/wp-content\/uploads\/2024\/10\/228361-6_132039516-1-scaled.jpg 1707w\" sizes=\"auto, (max-width: 683px) 100vw, 683px\" \/><\/figure>\n\n\n\n<figure class=\"wp-block-image size-large\"><img loading=\"lazy\" decoding=\"async\" width=\"683\" height=\"1024\" data-id=\"3356\" src=\"https:\/\/famelifemagazin.com\/wp-content\/uploads\/2024\/10\/228361-8_132127412-683x1024.jpg\" alt=\"\" class=\"wp-image-3356\" srcset=\"https:\/\/famelifemagazin.com\/wp-content\/uploads\/2024\/10\/228361-8_132127412-683x1024.jpg 683w, https:\/\/famelifemagazin.com\/wp-content\/uploads\/2024\/10\/228361-8_132127412-200x300.jpg 200w, https:\/\/famelifemagazin.com\/wp-content\/uploads\/2024\/10\/228361-8_132127412-768x1152.jpg 768w, https:\/\/famelifemagazin.com\/wp-content\/uploads\/2024\/10\/228361-8_132127412-1024x1536.jpg 1024w, https:\/\/famelifemagazin.com\/wp-content\/uploads\/2024\/10\/228361-8_132127412-1365x2048.jpg 1365w, https:\/\/famelifemagazin.com\/wp-content\/uploads\/2024\/10\/228361-8_132127412-scaled.jpg 1707w\" sizes=\"auto, (max-width: 683px) 100vw, 683px\" \/><\/figure>\n<\/figure>\n","protected":false},"excerpt":{"rendered":"<p>Hikayelerle Hayat Terapisi Raflardaki Yerini Ald\u0131 G\u00fcn\u00fcm\u00fcz\u00fcn karma\u015f\u0131k ve h\u0131zl\u0131 ya\u015fam temposu, artan psikolojik sorunlarla birlikte y\u0131k\u0131c\u0131 duygular\u0131n da y\u00fckseli\u015fine neden oluyor. Bu durum, hem bireyleri hem de toplumu derinden etkiliyor. Bu kapsamda Dr. H\u00fclya \u0130skendero\u011flu Bahat&#8217;\u0131n kaleme ald\u0131\u011f\u0131 &#8216;Hikayelerle Hayat Terapisi&#8217; kitab\u0131, okuyuculara umut dolu bir bak\u0131\u015f a\u00e7\u0131s\u0131 sunuyor. Ceres Yay\u0131nlar\u0131 etiketiyle raflarda yerini [&hellip;]<\/p>\n","protected":false},"author":1,"featured_media":3357,"comment_status":"open","ping_status":"open","sticky":false,"template":"","format":"standard","meta":{"footnotes":""},"categories":[19,3],"tags":[],"class_list":["post-3354","post","type-post","status-publish","format-standard","has-post-thumbnail","hentry","category-kitap","category-son-haberler"],"_links":{"self":[{"href":"https:\/\/famelifemagazin.com\/index.php?rest_route=\/wp\/v2\/posts\/3354","targetHints":{"allow":["GET"]}}],"collection":[{"href":"https:\/\/famelifemagazin.com\/index.php?rest_route=\/wp\/v2\/posts"}],"about":[{"href":"https:\/\/famelifemagazin.com\/index.php?rest_route=\/wp\/v2\/types\/post"}],"author":[{"embeddable":true,"href":"https:\/\/famelifemagazin.com\/index.php?rest_route=\/wp\/v2\/users\/1"}],"replies":[{"embeddable":true,"href":"https:\/\/famelifemagazin.com\/index.php?rest_route=%2Fwp%2Fv2%2Fcomments&post=3354"}],"version-history":[{"count":1,"href":"https:\/\/famelifemagazin.com\/index.php?rest_route=\/wp\/v2\/posts\/3354\/revisions"}],"predecessor-version":[{"id":3359,"href":"https:\/\/famelifemagazin.com\/index.php?rest_route=\/wp\/v2\/posts\/3354\/revisions\/3359"}],"wp:featuredmedia":[{"embeddable":true,"href":"https:\/\/famelifemagazin.com\/index.php?rest_route=\/wp\/v2\/media\/3357"}],"wp:attachment":[{"href":"https:\/\/famelifemagazin.com\/index.php?rest_route=%2Fwp%2Fv2%2Fmedia&parent=3354"}],"wp:term":[{"taxonomy":"category","embeddable":true,"href":"https:\/\/famelifemagazin.com\/index.php?rest_route=%2Fwp%2Fv2%2Fcategories&post=3354"},{"taxonomy":"post_tag","embeddable":true,"href":"https:\/\/famelifemagazin.com\/index.php?rest_route=%2Fwp%2Fv2%2Ftags&post=3354"}],"curies":[{"name":"wp","href":"https:\/\/api.w.org\/{rel}","templated":true}]}}