{"id":321,"date":"2023-12-18T10:02:17","date_gmt":"2023-12-18T10:02:17","guid":{"rendered":"https:\/\/famelifemagazin.com\/?p=321"},"modified":"2023-12-18T10:02:18","modified_gmt":"2023-12-18T10:02:18","slug":"donunce-olay-oldu","status":"publish","type":"post","link":"https:\/\/famelifemagazin.com\/?p=321","title":{"rendered":"D\u00f6n\u00fcnce olay oldu.."},"content":{"rendered":"\n<h1 class=\"wp-block-heading\"><\/h1>\n\n\n\n<h5 class=\"wp-block-heading\">Cesur tarz\u0131 ve sosyal medya payla\u015f\u0131mlar\u0131yla g\u00fcndemden d\u00fc\u015fmeyen Rita Ora iddial\u0131 pozlar\u0131na bir yenisini daha ekledi. Bikinili pozlar\u0131n\u0131 pe\u015f pe\u015fe payla\u015fan \u00fcnl\u00fc ismin son g\u00f6nderisi k\u0131sa s\u00fcrede binlerce be\u011feni ve yorum ald\u0131.<\/h5>\n\n\n\n<figure class=\"wp-block-image\"><img decoding=\"async\" src=\"https:\/\/imgrosetta.mynet.com.tr\/file\/18145019\/7b2270726f63657373223a7b2274797065223a22666f637573222c22636f6f7264696e61746573223a7b2278223a22302e3039222c2279223a22302e3236227d7d7d\/18145019-530x400.png\" alt=\"Rita Ora bikinili pozlar\u0131yla kendine hayran b\u0131rakt\u0131! Arkas\u0131n\u0131 d\u00f6n\u00fcnce olay oldu\"\/><\/figure>\n\n\n\n<p>\u0130ngiliz \u015fark\u0131c\u0131 Rita Ora hem \u015fark\u0131lar\u0131yla hem de \u00f6zel hayat\u0131yla ad\u0131ndan s\u00f6z ettiriyor. Fit g\u00f6r\u00fcn\u00fcm\u00fc ve cesur tarz\u0131yla dikkat \u00e7eken \u00fcnl\u00fc \u015fark\u0131c\u0131 bu defa son pozlar\u0131yla sosyal medyay\u0131 sallad\u0131.<\/p>\n\n\n\n<figure class=\"wp-block-image\"><img decoding=\"async\" src=\"https:\/\/imgrosetta.mynet.com.tr\/file\/18145018\/640xauto.jpg\" alt=\"Rita Ora 1\"\/><\/figure>\n\n\n\n<p>Siyah minik bikinisiyle poz veren \u00fcnl\u00fc isim arkas\u0131n\u0131 d\u00f6n\u00fcnce de olay oldu. Rita Ora&#8217;n\u0131n cesur pozlar\u0131na sosyal medyada; &#8216;Tek kelimeyle enfes&#8217;, &#8216;En g\u00fczeli, par\u0131ldaman\u0131 izlemeye bay\u0131l\u0131yorum&#8217;, &#8216;\u015eimdiye kadar ki en g\u00fczeli&#8217; gibi yorumlar yap\u0131ld\u0131.<\/p>\n\n\n\n<figure class=\"wp-block-image\"><img decoding=\"async\" src=\"https:\/\/imgrosetta.mynet.com.tr\/file\/18145017\/640xauto.jpg\" alt=\"Rita Ora 2\"\/><\/figure>\n\n\n\n<p>G\u00fczel \u015fark\u0131c\u0131n\u0131n Instagram&#8217;da 16 milyondan fazla takip\u00e7isi bulunuyor.<\/p>\n\n\n\n<figure class=\"wp-block-image\"><img decoding=\"async\" src=\"https:\/\/imgrosetta.mynet.com.tr\/file\/18145004\/640xauto.jpg\" alt=\"Rita Ora 3\"\/><\/figure>\n\n\n\n<p>Kosova&#8217;n\u0131n Pri\u015ftine \u015fehrinde d\u00fcnyaya gelen Rita Ora, 26 Kas\u0131m 1990 y\u0131l\u0131nda do\u011fdu. Babas\u0131 Besnik Sahat\u00e7iu, annesi ise Vera Sahat\u00e7iu&#8217;dur.<\/p>\n\n\n\n<figure class=\"wp-block-image\"><img decoding=\"async\" src=\"https:\/\/imgrosetta.mynet.com.tr\/file\/18145003\/640xauto.jpg\" alt=\"Rita Ora 4\"\/><\/figure>\n\n\n\n<p>Arnavut olan Rita Ora, do\u011fduktan bir y\u0131l sonra \u0130ngiltere&#8217;ye ta\u015f\u0131nd\u0131. 32 ya\u015f\u0131nda olan \u015fark\u0131c\u0131n\u0131n Elana ve Don ad\u0131nda iki karde\u015fi vard\u0131r.<\/p>\n\n\n\n<figure class=\"wp-block-image\"><img decoding=\"async\" src=\"https:\/\/imgrosetta.mynet.com.tr\/file\/18145002\/640xauto.jpg\" alt=\"Rita Ora 5\"\/><\/figure>\n","protected":false},"excerpt":{"rendered":"<p>Cesur tarz\u0131 ve sosyal medya payla\u015f\u0131mlar\u0131yla g\u00fcndemden d\u00fc\u015fmeyen Rita Ora iddial\u0131 pozlar\u0131na bir yenisini daha ekledi. Bikinili pozlar\u0131n\u0131 pe\u015f pe\u015fe payla\u015fan \u00fcnl\u00fc ismin son g\u00f6nderisi k\u0131sa s\u00fcrede binlerce be\u011feni ve yorum ald\u0131. \u0130ngiliz \u015fark\u0131c\u0131 Rita Ora hem \u015fark\u0131lar\u0131yla hem de \u00f6zel hayat\u0131yla ad\u0131ndan s\u00f6z ettiriyor. Fit g\u00f6r\u00fcn\u00fcm\u00fc ve cesur tarz\u0131yla dikkat \u00e7eken \u00fcnl\u00fc \u015fark\u0131c\u0131 bu [&hellip;]<\/p>\n","protected":false},"author":1,"featured_media":322,"comment_status":"open","ping_status":"open","sticky":false,"template":"","format":"standard","meta":{"footnotes":""},"categories":[5,4,3],"tags":[],"class_list":["post-321","post","type-post","status-publish","format-standard","has-post-thumbnail","hentry","category-guzellik-estetik","category-magazin","category-son-haberler"],"_links":{"self":[{"href":"https:\/\/famelifemagazin.com\/index.php?rest_route=\/wp\/v2\/posts\/321","targetHints":{"allow":["GET"]}}],"collection":[{"href":"https:\/\/famelifemagazin.com\/index.php?rest_route=\/wp\/v2\/posts"}],"about":[{"href":"https:\/\/famelifemagazin.com\/index.php?rest_route=\/wp\/v2\/types\/post"}],"author":[{"embeddable":true,"href":"https:\/\/famelifemagazin.com\/index.php?rest_route=\/wp\/v2\/users\/1"}],"replies":[{"embeddable":true,"href":"https:\/\/famelifemagazin.com\/index.php?rest_route=%2Fwp%2Fv2%2Fcomments&post=321"}],"version-history":[{"count":1,"href":"https:\/\/famelifemagazin.com\/index.php?rest_route=\/wp\/v2\/posts\/321\/revisions"}],"predecessor-version":[{"id":323,"href":"https:\/\/famelifemagazin.com\/index.php?rest_route=\/wp\/v2\/posts\/321\/revisions\/323"}],"wp:featuredmedia":[{"embeddable":true,"href":"https:\/\/famelifemagazin.com\/index.php?rest_route=\/wp\/v2\/media\/322"}],"wp:attachment":[{"href":"https:\/\/famelifemagazin.com\/index.php?rest_route=%2Fwp%2Fv2%2Fmedia&parent=321"}],"wp:term":[{"taxonomy":"category","embeddable":true,"href":"https:\/\/famelifemagazin.com\/index.php?rest_route=%2Fwp%2Fv2%2Fcategories&post=321"},{"taxonomy":"post_tag","embeddable":true,"href":"https:\/\/famelifemagazin.com\/index.php?rest_route=%2Fwp%2Fv2%2Ftags&post=321"}],"curies":[{"name":"wp","href":"https:\/\/api.w.org\/{rel}","templated":true}]}}