{"id":313,"date":"2023-12-17T13:26:29","date_gmt":"2023-12-17T13:26:29","guid":{"rendered":"https:\/\/famelifemagazin.com\/?p=313"},"modified":"2023-12-17T13:26:30","modified_gmt":"2023-12-17T13:26:30","slug":"cennetten-bir-kare-guzellik","status":"publish","type":"post","link":"https:\/\/famelifemagazin.com\/?p=313","title":{"rendered":"Cennetten bir kare g\u00fczellik.."},"content":{"rendered":"\n<p>Yer G\u00f6k A\u015fk, Kara Para A\u015fk, Oyunbozan, Deli&nbsp;<a href=\"https:\/\/www.mynet.com\/haberler\/gonul\">G\u00f6n\u00fcl<\/a>, Yasak Elma, Ka\u011f\u0131t Ev ve \u00c7ember gibi bir\u00e7ok ba\u015far\u0131l\u0131 projede yer alan \u00fcnl\u00fc&nbsp;<a href=\"https:\/\/www.mynet.com\/haberler\/oyuncu\">oyuncu<\/a>&nbsp;Tuvana T\u00fcrkay \u015fimdilerde Kud\u00fcs Fatihi Selahaddin Eyyubi dizisinde hayat verdi\u011fi &#8216;Victoria&#8217; karakteriyle ad\u0131ndan s\u00f6z ettiriyor.<\/p>\n\n\n\n<p><a href=\"https:\/\/www.fiatprofessional.com\/tr\/doblo-combi\/yeni-doblo\" target=\"_blank\" rel=\"noreferrer noopener\"><\/a><\/p>\n\n\n\n<p>Ba\u015far\u0131l\u0131 oyunculu\u011fu ve g\u00fczelli\u011fiyle dikkat \u00e7eken Tuvana T\u00fcrkay zaman zaman sosyal medya \u00fczerindeki payla\u015f\u0131mlar\u0131yla da g\u00fcndem oluyor. Her payla\u015f\u0131m\u0131 binlerce be\u011feni ve yorum alan \u00fcnl\u00fc isim son olarak derin dekolteli elbisesiyle poz verdi.<\/p>\n\n\n\n<figure class=\"wp-block-image\"><img decoding=\"async\" src=\"https:\/\/imgrosetta.mynet.com.tr\/file\/18140939\/640xauto.jpg\" alt=\"Tuvana T\u00fcrkay 1\"\/><\/figure>\n\n\n\n<p>G\u00f6\u011f\u00fcs ve g\u00f6bek dekoltesiyle dikkat \u00e7eken Tuvana T\u00fcrkay&#8217;\u0131n cesur tarz\u0131na; &#8216;\u00c7ok g\u00fczelsin&#8217;, &#8216;Harika g\u00f6r\u00fcn\u00fcyorsun&#8217;, &#8216;G\u00fczel k\u0131z\u0131m yan\u0131yor&#8217;, &#8216;Cennetten bir kare g\u00fczellik&#8217;, &#8216;G\u00fczellikte e\u015fitiniz yok&#8217; gibi yorumlar yap\u0131ld\u0131.<\/p>\n\n\n\n<figure class=\"wp-block-image\"><img decoding=\"async\" src=\"https:\/\/imgrosetta.mynet.com.tr\/file\/18140938\/640xauto.jpg\" alt=\"Tuvana T\u00fcrkay 2\"\/><\/figure>\n\n\n\n<p>3 Ekim 1990 tarihinde \u0130stanbul&#8217;da do\u011fan Tuvana T\u00fcrkay, \u00f6nce \u0130stanbul G\u00fcne\u015f Kolejini bitirdikten sonra e\u011fitimine Beykent \u00dcniversitesi Radyo Televizyon Sinema B\u00f6l\u00fcm\u00fcnde devam etti.<\/p>\n\n\n\n<figure class=\"wp-block-embed\"><div class=\"wp-block-embed__wrapper\">\nhttps:\/\/ef8e720818b8742ba3154c74dc4c2fd6.safeframe.googlesyndication.com\/safeframe\/1-0-40\/html\/container.html\n<\/div><\/figure>\n\n\n\n<figure class=\"wp-block-image\"><img decoding=\"async\" src=\"https:\/\/imgrosetta.mynet.com.tr\/file\/18140937\/640xauto.jpg\" alt=\"Tuvana T\u00fcrkay 3\"\/><\/figure>\n\n\n\n<p>2009-2010 y\u0131llar\u0131 aras\u0131nda TRT 1&#8217;de yay\u0131mlanan Ayr\u0131l\u0131k adl\u0131 dizide &#8220;Kevok&#8221; karakterini, 2011-2012 y\u0131llar\u0131nda ise Yer G\u00f6k A\u015fk dizisinde &#8220;Bade Palal\u0131&#8221; karakterini canland\u0131rd\u0131.<\/p>\n\n\n\n<figure class=\"wp-block-image\"><img decoding=\"async\" src=\"https:\/\/imgrosetta.mynet.com.tr\/file\/18140936\/640xauto.jpg\" alt=\"Tuvana T\u00fcrkay 4\"\/><\/figure>\n\n\n\n<p>2014-2015 y\u0131llar\u0131 aras\u0131nda yay\u0131mlanan Kara Para A\u015fk dizisinde &#8220;Bahar \u00c7\u0131nar&#8221; karakterine hayat verdi.<\/p>\n\n\n\n<figure class=\"wp-block-image\"><img decoding=\"async\" src=\"https:\/\/imgrosetta.mynet.com.tr\/file\/18140910\/640xauto.jpg\" alt=\"Tuvana T\u00fcrkay 6\"\/><\/figure>\n\n\n\n<figure class=\"wp-block-image\"><img decoding=\"async\" src=\"https:\/\/imgrosetta.mynet.com.tr\/file\/18140908\/640xauto.jpg\" alt=\"Tuvana T\u00fcrkay 8\"\/><\/figure>\n","protected":false},"excerpt":{"rendered":"<p>Yer G\u00f6k A\u015fk, Kara Para A\u015fk, Oyunbozan, Deli&nbsp;G\u00f6n\u00fcl, Yasak Elma, Ka\u011f\u0131t Ev ve \u00c7ember gibi bir\u00e7ok ba\u015far\u0131l\u0131 projede yer alan \u00fcnl\u00fc&nbsp;oyuncu&nbsp;Tuvana T\u00fcrkay \u015fimdilerde Kud\u00fcs Fatihi Selahaddin Eyyubi dizisinde hayat verdi\u011fi &#8216;Victoria&#8217; karakteriyle ad\u0131ndan s\u00f6z ettiriyor. Ba\u015far\u0131l\u0131 oyunculu\u011fu ve g\u00fczelli\u011fiyle dikkat \u00e7eken Tuvana T\u00fcrkay zaman zaman sosyal medya \u00fczerindeki payla\u015f\u0131mlar\u0131yla da g\u00fcndem oluyor. Her payla\u015f\u0131m\u0131 binlerce [&hellip;]<\/p>\n","protected":false},"author":1,"featured_media":314,"comment_status":"open","ping_status":"open","sticky":false,"template":"","format":"standard","meta":{"footnotes":""},"categories":[5,10,4,3],"tags":[],"class_list":["post-313","post","type-post","status-publish","format-standard","has-post-thumbnail","hentry","category-guzellik-estetik","category-kultur-sanat-sergi","category-magazin","category-son-haberler"],"_links":{"self":[{"href":"https:\/\/famelifemagazin.com\/index.php?rest_route=\/wp\/v2\/posts\/313","targetHints":{"allow":["GET"]}}],"collection":[{"href":"https:\/\/famelifemagazin.com\/index.php?rest_route=\/wp\/v2\/posts"}],"about":[{"href":"https:\/\/famelifemagazin.com\/index.php?rest_route=\/wp\/v2\/types\/post"}],"author":[{"embeddable":true,"href":"https:\/\/famelifemagazin.com\/index.php?rest_route=\/wp\/v2\/users\/1"}],"replies":[{"embeddable":true,"href":"https:\/\/famelifemagazin.com\/index.php?rest_route=%2Fwp%2Fv2%2Fcomments&post=313"}],"version-history":[{"count":1,"href":"https:\/\/famelifemagazin.com\/index.php?rest_route=\/wp\/v2\/posts\/313\/revisions"}],"predecessor-version":[{"id":315,"href":"https:\/\/famelifemagazin.com\/index.php?rest_route=\/wp\/v2\/posts\/313\/revisions\/315"}],"wp:featuredmedia":[{"embeddable":true,"href":"https:\/\/famelifemagazin.com\/index.php?rest_route=\/wp\/v2\/media\/314"}],"wp:attachment":[{"href":"https:\/\/famelifemagazin.com\/index.php?rest_route=%2Fwp%2Fv2%2Fmedia&parent=313"}],"wp:term":[{"taxonomy":"category","embeddable":true,"href":"https:\/\/famelifemagazin.com\/index.php?rest_route=%2Fwp%2Fv2%2Fcategories&post=313"},{"taxonomy":"post_tag","embeddable":true,"href":"https:\/\/famelifemagazin.com\/index.php?rest_route=%2Fwp%2Fv2%2Ftags&post=313"}],"curies":[{"name":"wp","href":"https:\/\/api.w.org\/{rel}","templated":true}]}}