{"id":2992,"date":"2024-07-03T14:01:42","date_gmt":"2024-07-03T14:01:42","guid":{"rendered":"https:\/\/famelifemagazin.com\/?p=2992"},"modified":"2024-07-03T14:01:42","modified_gmt":"2024-07-03T14:01:42","slug":"esinden-surpriz-dogum-gunu-pastasi","status":"publish","type":"post","link":"https:\/\/famelifemagazin.com\/?p=2992","title":{"rendered":"E\u015e\u0130NDEN S\u00dcRPR\u0130Z DO\u011eUM G\u00dcN\u00dc PASTASI&#8230;"},"content":{"rendered":"\n<p><strong>Aras Kargo&#8217;nun sahibi Bar\u0131\u015f Baran Aras, E\u015fi Elif \u0130nci Aras&#8217;\u0131n s\u00fcrpriz pastas\u0131yla Bodrum&#8217;da do\u011fum g\u00fcn\u00fcn\u00fc kutlad\u0131. T\u00fcrkiye&#8217;nin \u00f6nde gelen lojistik firmalar\u0131ndan Aras Kargo&#8217;nun sahibi Bar\u0131\u015f Baran Aras, e\u015fi Elif \u0130nci Aras&#8217;\u0131n s\u00fcrpriz do\u011fum g\u00fcn\u00fc pastas\u0131yla Bodrum&#8217;da unutulmaz bir kutlama ger\u00e7ekle\u015ftirdi.<\/strong><\/p>\n\n\n\n<p>Bar\u0131\u015f Baran Aras, do\u011fum g\u00fcn\u00fc kutlamas\u0131 s\u0131ras\u0131nda duygular\u0131n\u0131 \u015fu s\u00f6zlerle ifade etti: &#8220;E\u015fim Elif&#8217;in haz\u0131rlad\u0131\u011f\u0131 bu s\u00fcrpriz beni \u00e7ok mutlu etti. Bodrum&#8217;un g\u00fczellikleri e\u015fli\u011finde ailem ve dostlar\u0131mla bu \u00f6zel g\u00fcn\u00fc kutlamak b\u00fcy\u00fck bir zevkti.&#8221;<\/p>\n\n\n\n<p>Yal\u0131kavak Marina\u2019da demirli s\u00fcper yatlar\u0131n\u0131n i\u00e7inde \u00fcflenen pasta sonras\u0131 Bar\u0131\u015f Baran Aras hat\u0131ra pozu \u00e7ekerek bu g\u00fczel anlar\u0131 \u00f6l\u00fcms\u00fczle\u015ftirerek sosyal medyas\u0131nda payla\u015ft\u0131.<\/p>\n\n\n\n<figure class=\"wp-block-gallery has-nested-images columns-default is-cropped wp-block-gallery-1 is-layout-flex wp-block-gallery-is-layout-flex\">\n<figure class=\"wp-block-image size-large\"><img loading=\"lazy\" decoding=\"async\" width=\"685\" height=\"1024\" data-id=\"2993\" src=\"https:\/\/famelifemagazin.com\/wp-content\/uploads\/2024\/07\/Baris-Baran-Elif-Inci-Aras-685x1024.jpg\" alt=\"\" class=\"wp-image-2993\" srcset=\"https:\/\/famelifemagazin.com\/wp-content\/uploads\/2024\/07\/Baris-Baran-Elif-Inci-Aras-685x1024.jpg 685w, https:\/\/famelifemagazin.com\/wp-content\/uploads\/2024\/07\/Baris-Baran-Elif-Inci-Aras-201x300.jpg 201w, https:\/\/famelifemagazin.com\/wp-content\/uploads\/2024\/07\/Baris-Baran-Elif-Inci-Aras-768x1148.jpg 768w, https:\/\/famelifemagazin.com\/wp-content\/uploads\/2024\/07\/Baris-Baran-Elif-Inci-Aras-1028x1536.jpg 1028w, https:\/\/famelifemagazin.com\/wp-content\/uploads\/2024\/07\/Baris-Baran-Elif-Inci-Aras.jpg 1070w\" sizes=\"auto, (max-width: 685px) 100vw, 685px\" \/><\/figure>\n\n\n\n<figure class=\"wp-block-image size-large\"><img loading=\"lazy\" decoding=\"async\" width=\"2045\" height=\"2560\" data-id=\"2994\" src=\"https:\/\/famelifemagazin.com\/wp-content\/uploads\/2024\/07\/Elif-Inci-Baris-Baran-Aras-4-scaled.jpg\" alt=\"\" class=\"wp-image-2994\" srcset=\"https:\/\/famelifemagazin.com\/wp-content\/uploads\/2024\/07\/Elif-Inci-Baris-Baran-Aras-4-scaled.jpg 2045w, https:\/\/famelifemagazin.com\/wp-content\/uploads\/2024\/07\/Elif-Inci-Baris-Baran-Aras-4-240x300.jpg 240w\" sizes=\"auto, (max-width: 2045px) 100vw, 2045px\" \/><\/figure>\n\n\n\n<figure class=\"wp-block-image size-large\"><img loading=\"lazy\" decoding=\"async\" width=\"813\" height=\"1024\" data-id=\"2995\" src=\"https:\/\/famelifemagazin.com\/wp-content\/uploads\/2024\/07\/Elif-Inci-Baris-Baran-Aras-2-813x1024.jpg\" alt=\"\" class=\"wp-image-2995\" srcset=\"https:\/\/famelifemagazin.com\/wp-content\/uploads\/2024\/07\/Elif-Inci-Baris-Baran-Aras-2-813x1024.jpg 813w, https:\/\/famelifemagazin.com\/wp-content\/uploads\/2024\/07\/Elif-Inci-Baris-Baran-Aras-2-238x300.jpg 238w, https:\/\/famelifemagazin.com\/wp-content\/uploads\/2024\/07\/Elif-Inci-Baris-Baran-Aras-2-768x968.jpg 768w, https:\/\/famelifemagazin.com\/wp-content\/uploads\/2024\/07\/Elif-Inci-Baris-Baran-Aras-2-1219x1536.jpg 1219w, https:\/\/famelifemagazin.com\/wp-content\/uploads\/2024\/07\/Elif-Inci-Baris-Baran-Aras-2-1625x2048.jpg 1625w, https:\/\/famelifemagazin.com\/wp-content\/uploads\/2024\/07\/Elif-Inci-Baris-Baran-Aras-2-scaled.jpg 2032w\" sizes=\"auto, (max-width: 813px) 100vw, 813px\" \/><\/figure>\n\n\n\n<figure class=\"wp-block-image size-large\"><img loading=\"lazy\" decoding=\"async\" width=\"614\" height=\"1024\" data-id=\"2996\" src=\"https:\/\/famelifemagazin.com\/wp-content\/uploads\/2024\/07\/Elif-Inci-Baris-Baran-Aras-6-614x1024.jpg\" alt=\"\" class=\"wp-image-2996\" srcset=\"https:\/\/famelifemagazin.com\/wp-content\/uploads\/2024\/07\/Elif-Inci-Baris-Baran-Aras-6-614x1024.jpg 614w, https:\/\/famelifemagazin.com\/wp-content\/uploads\/2024\/07\/Elif-Inci-Baris-Baran-Aras-6-180x300.jpg 180w, https:\/\/famelifemagazin.com\/wp-content\/uploads\/2024\/07\/Elif-Inci-Baris-Baran-Aras-6-scaled.jpg 1535w\" sizes=\"auto, (max-width: 614px) 100vw, 614px\" \/><\/figure>\n\n\n\n<figure class=\"wp-block-image size-large\"><img loading=\"lazy\" decoding=\"async\" width=\"813\" height=\"1024\" data-id=\"2995\" src=\"https:\/\/famelifemagazin.com\/wp-content\/uploads\/2024\/07\/Elif-Inci-Baris-Baran-Aras-2-813x1024.jpg\" alt=\"\" class=\"wp-image-2995\" srcset=\"https:\/\/famelifemagazin.com\/wp-content\/uploads\/2024\/07\/Elif-Inci-Baris-Baran-Aras-2-813x1024.jpg 813w, https:\/\/famelifemagazin.com\/wp-content\/uploads\/2024\/07\/Elif-Inci-Baris-Baran-Aras-2-238x300.jpg 238w, https:\/\/famelifemagazin.com\/wp-content\/uploads\/2024\/07\/Elif-Inci-Baris-Baran-Aras-2-768x968.jpg 768w, https:\/\/famelifemagazin.com\/wp-content\/uploads\/2024\/07\/Elif-Inci-Baris-Baran-Aras-2-1219x1536.jpg 1219w, https:\/\/famelifemagazin.com\/wp-content\/uploads\/2024\/07\/Elif-Inci-Baris-Baran-Aras-2-1625x2048.jpg 1625w, https:\/\/famelifemagazin.com\/wp-content\/uploads\/2024\/07\/Elif-Inci-Baris-Baran-Aras-2-scaled.jpg 2032w\" sizes=\"auto, (max-width: 813px) 100vw, 813px\" \/><\/figure>\n\n\n\n<figure class=\"wp-block-image size-large\"><img loading=\"lazy\" decoding=\"async\" width=\"827\" height=\"1024\" data-id=\"2998\" src=\"https:\/\/famelifemagazin.com\/wp-content\/uploads\/2024\/07\/Elif-Inci-Baris-Baran-Aras-3-827x1024.jpg\" alt=\"\" class=\"wp-image-2998\" srcset=\"https:\/\/famelifemagazin.com\/wp-content\/uploads\/2024\/07\/Elif-Inci-Baris-Baran-Aras-3-827x1024.jpg 827w, https:\/\/famelifemagazin.com\/wp-content\/uploads\/2024\/07\/Elif-Inci-Baris-Baran-Aras-3-242x300.jpg 242w, https:\/\/famelifemagazin.com\/wp-content\/uploads\/2024\/07\/Elif-Inci-Baris-Baran-Aras-3-768x951.jpg 768w, https:\/\/famelifemagazin.com\/wp-content\/uploads\/2024\/07\/Elif-Inci-Baris-Baran-Aras-3-1241x1536.jpg 1241w, https:\/\/famelifemagazin.com\/wp-content\/uploads\/2024\/07\/Elif-Inci-Baris-Baran-Aras-3-1654x2048.jpg 1654w\" sizes=\"auto, (max-width: 827px) 100vw, 827px\" \/><\/figure>\n<\/figure>\n\n\n<div class=\"wp-block-image\">\n<figure class=\"aligncenter size-large\"><img loading=\"lazy\" decoding=\"async\" width=\"571\" height=\"1024\" src=\"https:\/\/famelifemagazin.com\/wp-content\/uploads\/2024\/07\/Baris-Baran-Aras-571x1024.jpg\" alt=\"\" class=\"wp-image-2999\" srcset=\"https:\/\/famelifemagazin.com\/wp-content\/uploads\/2024\/07\/Baris-Baran-Aras-571x1024.jpg 571w, https:\/\/famelifemagazin.com\/wp-content\/uploads\/2024\/07\/Baris-Baran-Aras-167x300.jpg 167w, https:\/\/famelifemagazin.com\/wp-content\/uploads\/2024\/07\/Baris-Baran-Aras-768x1378.jpg 768w, https:\/\/famelifemagazin.com\/wp-content\/uploads\/2024\/07\/Baris-Baran-Aras-856x1536.jpg 856w, https:\/\/famelifemagazin.com\/wp-content\/uploads\/2024\/07\/Baris-Baran-Aras-1141x2048.jpg 1141w, https:\/\/famelifemagazin.com\/wp-content\/uploads\/2024\/07\/Baris-Baran-Aras-scaled.jpg 1427w\" sizes=\"auto, (max-width: 571px) 100vw, 571px\" \/><\/figure>\n<\/div>","protected":false},"excerpt":{"rendered":"<p>Aras Kargo&#8217;nun sahibi Bar\u0131\u015f Baran Aras, E\u015fi Elif \u0130nci Aras&#8217;\u0131n s\u00fcrpriz pastas\u0131yla Bodrum&#8217;da do\u011fum g\u00fcn\u00fcn\u00fc kutlad\u0131. T\u00fcrkiye&#8217;nin \u00f6nde gelen lojistik firmalar\u0131ndan Aras Kargo&#8217;nun sahibi Bar\u0131\u015f Baran Aras, e\u015fi Elif \u0130nci Aras&#8217;\u0131n s\u00fcrpriz do\u011fum g\u00fcn\u00fc pastas\u0131yla Bodrum&#8217;da unutulmaz bir kutlama ger\u00e7ekle\u015ftirdi. Bar\u0131\u015f Baran Aras, do\u011fum g\u00fcn\u00fc kutlamas\u0131 s\u0131ras\u0131nda duygular\u0131n\u0131 \u015fu s\u00f6zlerle ifade etti: &#8220;E\u015fim Elif&#8217;in haz\u0131rlad\u0131\u011f\u0131 [&hellip;]<\/p>\n","protected":false},"author":1,"featured_media":2999,"comment_status":"open","ping_status":"open","sticky":false,"template":"","format":"standard","meta":{"footnotes":""},"categories":[4,3],"tags":[],"class_list":["post-2992","post","type-post","status-publish","format-standard","has-post-thumbnail","hentry","category-magazin","category-son-haberler"],"_links":{"self":[{"href":"https:\/\/famelifemagazin.com\/index.php?rest_route=\/wp\/v2\/posts\/2992","targetHints":{"allow":["GET"]}}],"collection":[{"href":"https:\/\/famelifemagazin.com\/index.php?rest_route=\/wp\/v2\/posts"}],"about":[{"href":"https:\/\/famelifemagazin.com\/index.php?rest_route=\/wp\/v2\/types\/post"}],"author":[{"embeddable":true,"href":"https:\/\/famelifemagazin.com\/index.php?rest_route=\/wp\/v2\/users\/1"}],"replies":[{"embeddable":true,"href":"https:\/\/famelifemagazin.com\/index.php?rest_route=%2Fwp%2Fv2%2Fcomments&post=2992"}],"version-history":[{"count":1,"href":"https:\/\/famelifemagazin.com\/index.php?rest_route=\/wp\/v2\/posts\/2992\/revisions"}],"predecessor-version":[{"id":3000,"href":"https:\/\/famelifemagazin.com\/index.php?rest_route=\/wp\/v2\/posts\/2992\/revisions\/3000"}],"wp:featuredmedia":[{"embeddable":true,"href":"https:\/\/famelifemagazin.com\/index.php?rest_route=\/wp\/v2\/media\/2999"}],"wp:attachment":[{"href":"https:\/\/famelifemagazin.com\/index.php?rest_route=%2Fwp%2Fv2%2Fmedia&parent=2992"}],"wp:term":[{"taxonomy":"category","embeddable":true,"href":"https:\/\/famelifemagazin.com\/index.php?rest_route=%2Fwp%2Fv2%2Fcategories&post=2992"},{"taxonomy":"post_tag","embeddable":true,"href":"https:\/\/famelifemagazin.com\/index.php?rest_route=%2Fwp%2Fv2%2Ftags&post=2992"}],"curies":[{"name":"wp","href":"https:\/\/api.w.org\/{rel}","templated":true}]}}