{"id":2776,"date":"2024-06-12T06:41:44","date_gmt":"2024-06-12T06:41:44","guid":{"rendered":"https:\/\/famelifemagazin.com\/?p=2776"},"modified":"2024-06-12T06:41:45","modified_gmt":"2024-06-12T06:41:45","slug":"egiaddan-yaza-merhaba","status":"publish","type":"post","link":"https:\/\/famelifemagazin.com\/?p=2776","title":{"rendered":"EG\u0130AD\u2019dan Yaza Merhaba&#8230;"},"content":{"rendered":"\n<p><em><strong>EG\u0130AD Sosyal \u0130li\u015fkiler Komisyonu taraf\u0131ndan d\u00fczenlenen &#8220;EG\u0130AD Yaza Merhaba&#8221; etkinli\u011fi 7 Haziran\u2019da Dalyan Yenge\u00e7 Restoran\u2019da 100\u2019\u00fcn \u00fczerinde \u00fcyenin kat\u0131l\u0131m\u0131yla ger\u00e7ekle\u015fti. Co\u015fkuyla ger\u00e7ekle\u015fen organizasyonda yaz mevsimi ne\u015fe ve heyecanla kar\u015f\u0131land\u0131. <\/strong><\/em><\/p>\n\n\n\n<p><em>Etkinlik, \u00fcyeler aras\u0131nda sosyal ba\u011flar\u0131n g\u00fc\u00e7lendirilmesine ve yeni tan\u0131\u015f\u0131kl\u0131klar\u0131n kurulmas\u0131na da olanak sa\u011flad\u0131. Yemek e\u015fli\u011finde ge\u00e7en bu \u00f6zel gecede, EG\u0130AD \u00fcyeleri yaz\u0131n geli\u015fini co\u015fkuyla kutlayarak, birlik ve beraberliklerini peki\u015ftirdiler. Bu t\u00fcr etkinlikler sayesinde dernek \u00fcyeleri aras\u0131nda dayan\u0131\u015fma ve ileti\u015fimin artt\u0131r\u0131ld\u0131\u011f\u0131 belirtilerek, i\u015f d\u00fcnyas\u0131nda g\u00fc\u00e7l\u00fc ili\u015fkilerin kurulmas\u0131na katk\u0131da bulundu\u011fu belirtildi.<\/em><\/p>\n\n\n\n<p><strong>Resim Altlar\u0131:<\/strong><\/p>\n\n\n\n<ul class=\"wp-block-list\">\n<li>0-Toplu Foto<\/li>\n\n\n\n<li>1-Mehmet Karaku\u015f, Sel\u00e7uk Yaz\u0131c\u0131o\u011flu, Meryem Yaz\u0131c\u0131o\u011flu, Tolga Borazan<\/li>\n\n\n\n<li>2-Ezgi Kolcu, Ali Kolcu<\/li>\n\n\n\n<li>3-Tolga Borazan, Mehmet Karaku\u015f, Ali Kolcu, Mehmet Delig\u00f6z, Sezgin \u00d6zbey, Sel\u00e7uk Yaz\u0131c\u0131o\u011flu<\/li>\n\n\n\n<li>4-Sezgin \u00d6zbey, Buse \u00d6zbey<\/li>\n\n\n\n<li>5-Yusufcan \u00d6zdo\u011fan, Tu\u011f\u00e7e \u00d6zdo\u011fan<\/li>\n\n\n\n<li>6-Huriye Erdiliball\u0131, \u0130lker Erdiliball\u0131<\/li>\n\n\n\n<li>7-Emre Ba\u015faran, Buket Ba\u015faran<\/li>\n\n\n\n<li>8-Ebru D\u00f6n, Demir Cem Keskin<\/li>\n\n\n\n<li>9-Ebru D\u00f6n, Melisa \u0130tme\u00e7<\/li>\n\n\n\n<li>10-Naz Ya\u011fc\u0131, Deren Acay, Berna \u00c7oban, \u0130layda Serter, \u0130pek Apayd\u0131n, Elif Cengiz<\/li>\n\n\n\n<li>11-\u0130lker Erdiliball\u0131, Erman Umdu<\/li>\n\n\n\n<li>12-Berna \u00c7oban, Cihan Dinler<\/li>\n\n\n\n<li>13-\u0130layda Serter, Mehmet Delig\u00f6z, \u0130pek Apayd\u0131n<\/li>\n\n\n\n<li>14-Beliz Cengiz, \u0130pek Akman, Karya Oklay, Berfu Oklay<\/li>\n\n\n\n<li>15-A\u00e7elya Ba\u00e7 U\u00e7ar, Burtan U\u00e7ar<\/li>\n\n\n\n<li>16-Burak G\u00fcng\u00f6r, Vildan G\u00fcng\u00f6r<\/li>\n\n\n\n<li>17-Alp \u00c7andarl\u0131, P\u0131r\u0131l \u00c7andarl\u0131<\/li>\n\n\n\n<li>18-Ece \u0130ris Akkapulu, Mert D\u00fczakarca,, Ceren \u00c7ak\u0131r<\/li>\n\n\n\n<li>19-Nail \u00d6zkarde\u015f, \u0130pek \u00d6zkarde\u015f<\/li>\n\n\n\n<li>20-Arda Y\u0131lmaz, Ya\u011fmur Y\u0131lmaz<\/li>\n\n\n\n<li>21-Ya\u011fmur Yarol, Canan Y\u00f6r\u00fck<\/li>\n\n\n\n<li>22-Kadircan Y\u00f6r\u00fck, Canan Y\u00f6r\u00fck<\/li>\n\n\n\n<li>23-Ya\u011f\u0131z Serter, \u0130layda Serter, Ay\u015fin Serter<\/li>\n\n\n\n<li>24-Rasih \u00d6zt\u00fcrk, Melisa \u0130tme\u00e7, Ebru D\u00f6n, Demir Cem Keskin, Mirkan Din\u00e7o\u011ful, Selin Din\u00e7o\u011ful<\/li>\n<\/ul>\n\n\n\n<figure class=\"wp-block-gallery has-nested-images columns-default is-cropped wp-block-gallery-1 is-layout-flex wp-block-gallery-is-layout-flex\">\n<figure class=\"wp-block-image size-large\"><img loading=\"lazy\" decoding=\"async\" width=\"640\" height=\"425\" data-id=\"2777\" src=\"https:\/\/famelifemagazin.com\/wp-content\/uploads\/2024\/06\/1-Soldan-Mehmet-KarakusSelcuk-Yazicioglu-Meryem-YaziciogluTolga-Borazan_122350417-Copy.jpg\" alt=\"\" class=\"wp-image-2777\" srcset=\"https:\/\/famelifemagazin.com\/wp-content\/uploads\/2024\/06\/1-Soldan-Mehmet-KarakusSelcuk-Yazicioglu-Meryem-YaziciogluTolga-Borazan_122350417-Copy.jpg 640w, https:\/\/famelifemagazin.com\/wp-content\/uploads\/2024\/06\/1-Soldan-Mehmet-KarakusSelcuk-Yazicioglu-Meryem-YaziciogluTolga-Borazan_122350417-Copy-300x199.jpg 300w\" sizes=\"auto, (max-width: 640px) 100vw, 640px\" \/><\/figure>\n\n\n\n<figure class=\"wp-block-image size-large\"><img loading=\"lazy\" decoding=\"async\" width=\"640\" height=\"425\" data-id=\"2778\" src=\"https:\/\/famelifemagazin.com\/wp-content\/uploads\/2024\/06\/3-Tolga-BorazanMehmet-Karakus-Ali-KolcuMehmet-Deligoz-Sezgin-OzbeySelcuk-Yazicioglu_122350871-Copy.jpg\" alt=\"\" class=\"wp-image-2778\" srcset=\"https:\/\/famelifemagazin.com\/wp-content\/uploads\/2024\/06\/3-Tolga-BorazanMehmet-Karakus-Ali-KolcuMehmet-Deligoz-Sezgin-OzbeySelcuk-Yazicioglu_122350871-Copy.jpg 640w, https:\/\/famelifemagazin.com\/wp-content\/uploads\/2024\/06\/3-Tolga-BorazanMehmet-Karakus-Ali-KolcuMehmet-Deligoz-Sezgin-OzbeySelcuk-Yazicioglu_122350871-Copy-300x199.jpg 300w\" sizes=\"auto, (max-width: 640px) 100vw, 640px\" \/><\/figure>\n\n\n\n<figure class=\"wp-block-image size-large\"><img loading=\"lazy\" decoding=\"async\" width=\"640\" height=\"425\" data-id=\"2781\" src=\"https:\/\/famelifemagazin.com\/wp-content\/uploads\/2024\/06\/10-Naz-Yagci-Deren-Acay-Berna-Coban-Ilayda-Serter-Ipek-Apaydin-Elif-Cengiz_122351327-Copy.jpg\" alt=\"\" class=\"wp-image-2781\" srcset=\"https:\/\/famelifemagazin.com\/wp-content\/uploads\/2024\/06\/10-Naz-Yagci-Deren-Acay-Berna-Coban-Ilayda-Serter-Ipek-Apaydin-Elif-Cengiz_122351327-Copy.jpg 640w, https:\/\/famelifemagazin.com\/wp-content\/uploads\/2024\/06\/10-Naz-Yagci-Deren-Acay-Berna-Coban-Ilayda-Serter-Ipek-Apaydin-Elif-Cengiz_122351327-Copy-300x199.jpg 300w\" sizes=\"auto, (max-width: 640px) 100vw, 640px\" \/><\/figure>\n\n\n\n<figure class=\"wp-block-image size-large\"><img loading=\"lazy\" decoding=\"async\" width=\"319\" height=\"480\" data-id=\"2782\" src=\"https:\/\/famelifemagazin.com\/wp-content\/uploads\/2024\/06\/13-Ilayda-Serter-Mehmet-Deligoz-Ipek-Apaydin_122704143-Copy.jpg\" alt=\"\" class=\"wp-image-2782\" srcset=\"https:\/\/famelifemagazin.com\/wp-content\/uploads\/2024\/06\/13-Ilayda-Serter-Mehmet-Deligoz-Ipek-Apaydin_122704143-Copy.jpg 319w, https:\/\/famelifemagazin.com\/wp-content\/uploads\/2024\/06\/13-Ilayda-Serter-Mehmet-Deligoz-Ipek-Apaydin_122704143-Copy-199x300.jpg 199w\" sizes=\"auto, (max-width: 319px) 100vw, 319px\" \/><\/figure>\n\n\n\n<figure class=\"wp-block-image size-large\"><img loading=\"lazy\" decoding=\"async\" width=\"319\" height=\"480\" data-id=\"2779\" src=\"https:\/\/famelifemagazin.com\/wp-content\/uploads\/2024\/06\/14-Beliz-Cengiz-Ipek-Akman-Karya-Oklay-Berfu-Oklay_122704582-Copy.jpg\" alt=\"\" class=\"wp-image-2779\" srcset=\"https:\/\/famelifemagazin.com\/wp-content\/uploads\/2024\/06\/14-Beliz-Cengiz-Ipek-Akman-Karya-Oklay-Berfu-Oklay_122704582-Copy.jpg 319w, https:\/\/famelifemagazin.com\/wp-content\/uploads\/2024\/06\/14-Beliz-Cengiz-Ipek-Akman-Karya-Oklay-Berfu-Oklay_122704582-Copy-199x300.jpg 199w\" sizes=\"auto, (max-width: 319px) 100vw, 319px\" \/><\/figure>\n\n\n\n<figure class=\"wp-block-image size-large\"><img loading=\"lazy\" decoding=\"async\" width=\"319\" height=\"480\" data-id=\"2780\" src=\"https:\/\/famelifemagazin.com\/wp-content\/uploads\/2024\/06\/18-Ece-Iris-Akkapulu-Mert-Duzakarca-Ceren-Cakir_122704959-Copy.jpg\" alt=\"\" class=\"wp-image-2780\" srcset=\"https:\/\/famelifemagazin.com\/wp-content\/uploads\/2024\/06\/18-Ece-Iris-Akkapulu-Mert-Duzakarca-Ceren-Cakir_122704959-Copy.jpg 319w, https:\/\/famelifemagazin.com\/wp-content\/uploads\/2024\/06\/18-Ece-Iris-Akkapulu-Mert-Duzakarca-Ceren-Cakir_122704959-Copy-199x300.jpg 199w\" sizes=\"auto, (max-width: 319px) 100vw, 319px\" \/><\/figure>\n<\/figure>\n\n\n<div class=\"wp-block-image\">\n<figure class=\"aligncenter size-full\"><img loading=\"lazy\" decoding=\"async\" width=\"640\" height=\"425\" src=\"https:\/\/famelifemagazin.com\/wp-content\/uploads\/2024\/06\/24-Rasih-Ozturk-Melisa-Itmec-Ebru-Don-Demir-Cem-Keskin-Mirkan-Dincogul_122351781-Copy.jpg\" alt=\"\" class=\"wp-image-2783\" srcset=\"https:\/\/famelifemagazin.com\/wp-content\/uploads\/2024\/06\/24-Rasih-Ozturk-Melisa-Itmec-Ebru-Don-Demir-Cem-Keskin-Mirkan-Dincogul_122351781-Copy.jpg 640w, https:\/\/famelifemagazin.com\/wp-content\/uploads\/2024\/06\/24-Rasih-Ozturk-Melisa-Itmec-Ebru-Don-Demir-Cem-Keskin-Mirkan-Dincogul_122351781-Copy-300x199.jpg 300w\" sizes=\"auto, (max-width: 640px) 100vw, 640px\" \/><\/figure>\n<\/div>\n\n<div class=\"wp-block-image\">\n<figure class=\"aligncenter size-full\"><img loading=\"lazy\" decoding=\"async\" width=\"319\" height=\"480\" src=\"https:\/\/famelifemagazin.com\/wp-content\/uploads\/2024\/06\/23-Yagiz-Serter-Ilayda-Serter-Aysin-Serter_122705382-Copy.jpg\" alt=\"\" class=\"wp-image-2784\" srcset=\"https:\/\/famelifemagazin.com\/wp-content\/uploads\/2024\/06\/23-Yagiz-Serter-Ilayda-Serter-Aysin-Serter_122705382-Copy.jpg 319w, https:\/\/famelifemagazin.com\/wp-content\/uploads\/2024\/06\/23-Yagiz-Serter-Ilayda-Serter-Aysin-Serter_122705382-Copy-199x300.jpg 199w\" sizes=\"auto, (max-width: 319px) 100vw, 319px\" \/><\/figure>\n<\/div>","protected":false},"excerpt":{"rendered":"<p>EG\u0130AD Sosyal \u0130li\u015fkiler Komisyonu taraf\u0131ndan d\u00fczenlenen &#8220;EG\u0130AD Yaza Merhaba&#8221; etkinli\u011fi 7 Haziran\u2019da Dalyan Yenge\u00e7 Restoran\u2019da 100\u2019\u00fcn \u00fczerinde \u00fcyenin kat\u0131l\u0131m\u0131yla ger\u00e7ekle\u015fti. Co\u015fkuyla ger\u00e7ekle\u015fen organizasyonda yaz mevsimi ne\u015fe ve heyecanla kar\u015f\u0131land\u0131. Etkinlik, \u00fcyeler aras\u0131nda sosyal ba\u011flar\u0131n g\u00fc\u00e7lendirilmesine ve yeni tan\u0131\u015f\u0131kl\u0131klar\u0131n kurulmas\u0131na da olanak sa\u011flad\u0131. Yemek e\u015fli\u011finde ge\u00e7en bu \u00f6zel gecede, EG\u0130AD \u00fcyeleri yaz\u0131n geli\u015fini co\u015fkuyla kutlayarak, birlik [&hellip;]<\/p>\n","protected":false},"author":1,"featured_media":2781,"comment_status":"open","ping_status":"open","sticky":false,"template":"","format":"standard","meta":{"footnotes":""},"categories":[4,3],"tags":[],"class_list":["post-2776","post","type-post","status-publish","format-standard","has-post-thumbnail","hentry","category-magazin","category-son-haberler"],"_links":{"self":[{"href":"https:\/\/famelifemagazin.com\/index.php?rest_route=\/wp\/v2\/posts\/2776","targetHints":{"allow":["GET"]}}],"collection":[{"href":"https:\/\/famelifemagazin.com\/index.php?rest_route=\/wp\/v2\/posts"}],"about":[{"href":"https:\/\/famelifemagazin.com\/index.php?rest_route=\/wp\/v2\/types\/post"}],"author":[{"embeddable":true,"href":"https:\/\/famelifemagazin.com\/index.php?rest_route=\/wp\/v2\/users\/1"}],"replies":[{"embeddable":true,"href":"https:\/\/famelifemagazin.com\/index.php?rest_route=%2Fwp%2Fv2%2Fcomments&post=2776"}],"version-history":[{"count":1,"href":"https:\/\/famelifemagazin.com\/index.php?rest_route=\/wp\/v2\/posts\/2776\/revisions"}],"predecessor-version":[{"id":2785,"href":"https:\/\/famelifemagazin.com\/index.php?rest_route=\/wp\/v2\/posts\/2776\/revisions\/2785"}],"wp:featuredmedia":[{"embeddable":true,"href":"https:\/\/famelifemagazin.com\/index.php?rest_route=\/wp\/v2\/media\/2781"}],"wp:attachment":[{"href":"https:\/\/famelifemagazin.com\/index.php?rest_route=%2Fwp%2Fv2%2Fmedia&parent=2776"}],"wp:term":[{"taxonomy":"category","embeddable":true,"href":"https:\/\/famelifemagazin.com\/index.php?rest_route=%2Fwp%2Fv2%2Fcategories&post=2776"},{"taxonomy":"post_tag","embeddable":true,"href":"https:\/\/famelifemagazin.com\/index.php?rest_route=%2Fwp%2Fv2%2Ftags&post=2776"}],"curies":[{"name":"wp","href":"https:\/\/api.w.org\/{rel}","templated":true}]}}