{"id":2702,"date":"2024-06-07T04:54:46","date_gmt":"2024-06-07T04:54:46","guid":{"rendered":"https:\/\/famelifemagazin.com\/?p=2702"},"modified":"2024-06-07T05:00:19","modified_gmt":"2024-06-07T05:00:19","slug":"orka-holding-avrupa-genel-merkezini-modanin-kalbi-italyada-acti","status":"publish","type":"post","link":"https:\/\/famelifemagazin.com\/?p=2702","title":{"rendered":"Orka Holding, Avrupa Genel Merkezini\u00a0Modan\u0131n Kalbi \u0130talya\u2019da A\u00e7t\u0131&#8230;"},"content":{"rendered":"\n<p><strong>D\u00fcnya modas\u0131nda Damat Tween ve D\u2019S damat\u2019\u0131n ayak sesleri y\u00fckseliyor!<\/strong><\/p>\n\n\n\n<p><strong>Orka Holding, Damat Tween ve D\u2019S damat markalar\u0131yla erkek giyimde d\u00fcnyan\u0131n lider kurulu\u015flar\u0131ndan oldu\u011funu kan\u0131tlayan iki \u00f6nemli yat\u0131r\u0131ma imza att\u0131. Grup, d\u00fcnya modas\u0131n\u0131n kalbi \u0130talya\u2019da Avrupa Genel Merkezi ve global showroom olarak faaliyet g\u00f6sterecek Orka Global\u2019i g\u00f6rkemli bir t\u00f6renle hizmete a\u00e7t\u0131. Grubun e\u015f zamanl\u0131 olarak Bologna\u2019da Avrupa\u2019ya y\u00f6nelik e-ticaretin y\u00f6netilece\u011fi Lojistik Merkezi de faaliyetine ba\u015flad\u0131.<\/strong><\/p>\n\n\n\n<p>Orka Holding Y\u00f6netim Kurulu Ba\u015fkan\u0131 S\u00fcleyman Orak\u00e7\u0131o\u011flu, \u201c\u0130talya s\u0131radan bir \u00fclke de\u011fil, d\u00fcnya modas\u0131n\u0131n kalbi, Avrupa\u2019n\u0131n podyumu. Orka Holding\u2019in d\u00fcnya modas\u0131ndaki g\u00fcc\u00fcn\u00fc katlayan bu yat\u0131r\u0131mlar\u0131m\u0131z, \u00fclke olarak hepimizin gururudur. Orka Global ile \u00f6ncelikle Avrupa pazar\u0131na daha kolay ula\u015faca\u011f\u0131z. Lojistik merkezimiz de Avrupa k\u0131tas\u0131 i\u00e7in e-ticaretimizin kalesi olacak. D\u00fcnyan\u0131n 82 \u00fclkesinde 400\u2019\u00fc a\u015fk\u0131n ma\u011fazam\u0131zla bu y\u0131l 10 milyar TL ciro hedefliyoruz\u201d dedi.<\/p>\n\n\n\n<p>Yar\u0131m as\u0131rl\u0131k k\u00f6kl\u00fc ge\u00e7mi\u015fi ile T\u00fcrkiye\u2019nin moda end\u00fcstrisinde bayrak ta\u015f\u0131y\u0131c\u0131 kurulu\u015flar\u0131ndan Orka Holding, Damat Tween ve D\u2019S damat markalar\u0131yla erkek giyimde d\u00fcnyan\u0131n lider kurulu\u015flar\u0131ndan oldu\u011funu kan\u0131tlayan iki \u00f6nemli ve stratejik yat\u0131r\u0131ma imza att\u0131. Grup, d\u00fcnya modas\u0131n\u0131n kalbi \u0130talya\u2019da Avrupa Genel Merkezi ve global showroom olarak faaliyet g\u00f6sterecek Orka Global\u2019i g\u00f6rkemli bir t\u00f6renle hizmete a\u00e7t\u0131. Grubun e\u015f zamanl\u0131 olarak Bologna\u2019da Avrupa\u2019ya y\u00f6nelik e-ticaretin y\u00f6netilece\u011fi Lojistik Merkezi de faaliyetine ba\u015flad\u0131.<\/p>\n\n\n\n<p>A\u00e7\u0131l\u0131\u015fa ba\u015fta Orka Holding Y\u00f6netim Kurulu Ba\u015fkan\u0131 S\u00fcleyman Orak\u00e7\u0131o\u011flu ve e\u015fi Ahu Orak\u00e7\u0131o\u011flu olmak \u00fczere Orka Holding Y\u00f6netim Kurulu \u00dcyesi ve Pazarlama Grup Ba\u015fkan\u0131 B\u00fc\u015fra Orak\u00e7\u0131o\u011flu Bibero\u011flu, T\u00fcrkiye\u2019nin Roma B\u00fcy\u00fckel\u00e7isi \u00d6mer G\u00fcc\u00fck, T\u00fcrkiye Futbol Federasyonu Ba\u015fkan\u0131 Mehmet B\u00fcy\u00fckek\u015fi, TFF Y\u00f6netim ve \u0130cra Kurulu \u00dcyesi Milli Tak\u0131mlar Sorumlusu Hamit Alt\u0131ntop, Siren Ertan, \u00d6zlem G\u00fcsar, Volkan-Zeynep Demirel, Zehra \u00d6ney, F\u00fcsun-Sinan Kuran ve Serdar B\u00fcy\u00fckkoyuncu gibi diplomasi, i\u015f, spor, sanat, moda ve cemiyet d\u00fcnyas\u0131ndan pek \u00e7ok isim kat\u0131ld\u0131.<\/p>\n\n\n\n<p><strong>\u201c\u0130talya s\u0131radan bir \u00fclke de\u011fil\u201d<\/strong><\/p>\n\n\n\n<p>A\u00e7\u0131l\u0131\u015fta konu\u015fan Orka Holding Y\u00f6netim Kurulu Ba\u015fkan\u0131 S\u00fcleyman Orak\u00e7\u0131o\u011flu \u201c\u0130ki y\u00fcz elli y\u0131ll\u0131k bir ge\u00e7mi\u015fe sahip Villa de Faveri Tron malikanesinin hikayesi as\u0131l \u015fimdi ba\u015fl\u0131yor. Bizler buraya \u00fclkemiz ad\u0131na tarih yazmaya geldik. Bug\u00fcnlerin hayalini y\u0131llar \u00f6ncesinde kurmu\u015ftuk. Kuruldu\u011fumuz y\u0131llarda \u2018Bu topraklardan d\u00fcnya markas\u0131 \u00e7\u0131kmaz\u2019 anlay\u0131\u015f\u0131na inat kararl\u0131l\u0131kla \u00e7al\u0131\u015farak ezber bozduk. Uzun s\u00fcredir mercek alt\u0131na ald\u0131\u011f\u0131m\u0131z \u0130talya, s\u0131radan bir \u00fclke de\u011fil, d\u00fcnya modas\u0131n\u0131n kalbi. Bu \u00fclkede bu yat\u0131r\u0131mlar\u0131 hayata ge\u00e7irmek hi\u00e7 kolay de\u011fil. Bu ayn\u0131 zamanda erkek giyimde \u00fcretim ve tasar\u0131m kalitesinde d\u00fcnyan\u0131n en b\u00fcy\u00fck kurulu\u015flar\u0131ndan biri oldu\u011fumuzun kan\u0131t\u0131. Bu gurur sadece bizim de\u011fil hepimizin, temsil etti\u011fimiz T\u00fcrkiye Cumhuriyetimizin gururudur\u201d dedi.<\/p>\n\n\n\n<p><strong>Avrupa i\u00e7in geleneksel ve e-ticaret altyap\u0131s\u0131 g\u00fc\u00e7lendi<\/strong><\/p>\n\n\n\n<p>\u0130talya\u2019daki yat\u0131r\u0131m i\u00e7in d\u00fcnyan\u0131n d\u00f6rt bir yan\u0131ndan gelen moda perakendesi gruplar\u0131n\u0131n toptan al\u0131m yapt\u0131\u011f\u0131 Bologna\u2019da karar k\u0131ld\u0131klar\u0131n\u0131 vurgulayan Orak\u00e7\u0131o\u011flu \u201cEnd\u00fcstri merkezi Bologna\u2019daki yat\u0131r\u0131mlar\u0131m\u0131zla Avrupa pazar\u0131na daha kolay ula\u015faca\u011f\u0131z. Yakla\u015f\u0131k iki y\u0131l s\u00fcren \u00e7al\u0131\u015fmalar\u0131n sonunda a\u00e7t\u0131\u011f\u0131m\u0131z Orka Global\u2019de yakla\u015f\u0131k 100 ki\u015fiyi istihdam ediyoruz. Burada \u015fu an t\u00fcm d\u00fcnyadan gelen al\u0131m gruplar\u0131 i\u00e7in Damat Tween ve D\u2019S damat markalar\u0131m\u0131z\u0131n 2025 \u0130lkbahar\/Yaz koleksiyonunu sergiliyoruz. Yine Bolonya\u2019da e\u015f zamanl\u0131 a\u00e7\u0131lan 2 bin 500 metrekare b\u00fcy\u00fckl\u00fc\u011f\u00fcndeki Avrupa Lojistik Merkezimizde ilk etapta 50 ki\u015fi \u00e7al\u0131\u015f\u0131yor. Burada Avrupa\u2019ya y\u00f6nelik e-ticaretimizin algoritmas\u0131 i\u00e7in \u00e7ok \u00e7al\u0131\u015ft\u0131k ve t\u00fcm altyap\u0131m\u0131z\u0131 haz\u0131r hale getirdik\u201d dedi.<\/p>\n\n\n\n<p><strong>Avrupa\u2019n\u0131n podyumunda iddial\u0131y\u0131z<\/strong><\/p>\n\n\n\n<p>\u0130talya\u2019n\u0131n Avrupa\u2019n\u0131n podyumu oldu\u011funun alt\u0131n\u0131 \u00e7izen Orak\u00e7\u0131o\u011flu \u201c\u00d6zellikle erkek giyimde d\u00fcnya markalar\u0131n\u0131n oldu\u011fu bir lokasyon. Modan\u0131n kalbine iddial\u0131 bir bi\u00e7imde girdik. Bunu da \u00fcretim, tasar\u0131m ve inovasyon kalitemizle hissettiriyoruz. L\u00fckse demokrasi getirdik. \u0130talyan distrib\u00fct\u00f6rlerden ortalama \u00fc\u00e7-d\u00f6rt \u0130talyan markas\u0131n\u0131n koleksiyonunu Damat Tween ve D\u2019S damat koleksiyonlar\u0131nda bulu\u015fturdu\u011fumuz y\u00f6n\u00fcnde \u00f6vg\u00fcler al\u0131yoruz. Bunlar \u00e7ok \u00f6nemli. Gelece\u011fimizin a\u00e7\u0131k oldu\u011funu ve \u0130talya\u2019da daha da g\u00fc\u00e7l\u00fc olmam\u0131z gerekti\u011fini s\u00f6yl\u00fcyorlar. \u015eimdilik en iyisini yapt\u0131\u011f\u0131m\u0131za inan\u0131yoruz. Buraya son bir bu\u00e7uk y\u0131lda yakla\u015f\u0131k olarak 1,5 milyon Euro yat\u0131r\u0131m yapt\u0131k. \u00d6n\u00fcm\u00fczdeki 4-5 y\u0131l i\u00e7inde ma\u011fazalar hari\u00e7 yakla\u015f\u0131k 5 milyon Euro yat\u0131r\u0131m\u0131m\u0131z daha olacak\u201d diye konu\u015ftu.<\/p>\n\n\n\n<p><strong>\u201cBu y\u0131l 10 milyar TL ciro hedefliyoruz\u201d<\/strong><\/p>\n\n\n\n<p>S\u00fcleyman Orak\u00e7\u0131o\u011flu, grubun genel performans\u0131na ili\u015fkin olarak da \u015fu bilgileri payla\u015ft\u0131: \u201cGe\u00e7en y\u0131l ciroda dolar baz\u0131nda y\u00fczde 35 b\u00fcy\u00fcyerek 6,5 milyar TL\u2019ye ula\u015ft\u0131k. \u0130hracatta 50 milyon dolarl\u0131k hedefimizi ge\u00e7tik. Halen y\u00fczde 45 olan ihracat\u0131n cirodaki oran\u0131, yak\u0131n gelecekte y\u00fczde 55 olabilir. Bu y\u0131l ciro hedefimiz 10 milyar TL. Global b\u00fcy\u00fcmemizi \u0130talya ba\u015fta olmak \u00fczere k\u0131ta Avrupas\u0131, \u0130ngiltere, Afrika, ABD, T\u00fcrk Cumhuriyetleri ve Uzak Do\u011fu odakl\u0131 hayata ge\u00e7irece\u011fiz. Bu ay Bologna\u2019da \u00fc\u00e7\u00fcnc\u00fc ma\u011fazam\u0131z\u0131 a\u00e7\u0131yoruz. Orta Do\u011fu\u2019nun vitrini Dubai ve Rusya gibi stratejik pazarlarda da faaliyetimiz s\u00fcr\u00fcyor. Dubai&#8217;de alt\u0131 ma\u011fazaya ula\u015ft\u0131k. G\u00fcney Amerika ve Hong Kong \u00f6zellikle ilgimizi \u00e7ekiyor. Yine bu y\u0131l en b\u00fcy\u00fck at\u0131l\u0131m\u0131 ihracat taraf\u0131nda MENA B\u00f6lgesinde yapt\u0131k. Azerbeycan, Katar, Kuveyt, Bahreyn, Umman, BAE\u2019ye ihracat\u0131m\u0131z h\u0131zla artarak s\u00fcr\u00fcyor.\u201d<\/p>\n\n\n\n<p><strong>Be\u015f k\u0131tada 400\u2019\u00fcn \u00fczerinde ma\u011fazaya sahip<\/strong><\/p>\n\n\n\n<p>Grubun d\u00fcnya \u00e7ap\u0131nda geldi\u011fi noktaya y\u00f6nelik bilgiler de payla\u015fan Orka Holding Y\u00f6netim Kurulu \u00dcyesi ve Pazarlama Grup Ba\u015fkan\u0131 B\u00fc\u015fra Orak\u00e7\u0131o\u011flu Bibero\u011flu da \u201cS\u00fcrd\u00fcr\u00fclebilirlik, Dijitalle\u015fme, D\u00f6ng\u00fcsel T\u00fcketim, Benzersiz al\u0131\u015fveri\u015f deneyimi konusunda \u00f6nc\u00fc ad\u0131mlarla b\u00fcy\u00fcmeye devam ediyoruz. Damat Tween ve D\u2019S damat markalar\u0131m\u0131zla en etkili oldu\u011fumuz \u00fclkeler aras\u0131ndaki \u0130talya\u2019da 12, \u0130spanya\u2019da 7 ve Romanya\u2019da 10 sat\u0131\u015f noktam\u0131z var. Damat Tween markam\u0131z\u0131n d\u00fcnyaca \u00fcnl\u00fc \u0130spanyol futbol kul\u00fcb\u00fc Atletico Madrid ile ge\u00e7en y\u0131l imzalad\u0131\u011f\u0131 moda partnerli\u011fi anla\u015fmas\u0131yla beraber Avrupa\u2019da sat\u0131\u015flar\u0131m\u0131z artmaya devam ediyor. Be\u015f k\u0131tada 400\u2019\u00fc a\u015fk\u0131n ma\u011fazaya sahibiz\u201d dedi.<\/p>\n\n\n\n<p>T\u00fcrkiye\u2019nin Roma B\u00fcy\u00fckel\u00e7isi \u00d6mer G\u00fcc\u00fck, \u201cOrka Global, kendine has ve \u00f6zel bir yat\u0131r\u0131m. \u0130talya i\u00e7inde \u00e7ok g\u00f6rd\u00fc\u011f\u00fcm\u00fcz bir markan\u0131n b\u00f6yle bir yat\u0131r\u0131m yapmas\u0131 gerek grubun b\u00fcy\u00fcmesi gerekse hepimiz i\u00e7in mutluluk kayna\u011f\u0131\u201d dedi.<\/p>\n\n\n\n<p>TFF Ba\u015fkan\u0131 Mehmet B\u00fcy\u00fckek\u015fi de \u201cSadece yurt i\u00e7inde de\u011fil, yurt d\u0131\u015f\u0131nda marka olmak \u00f6nemli. D\u00fcnyan\u0131n pek \u00e7ok \u00fclkesinde yapt\u0131\u011f\u0131 yat\u0131r\u0131mlarla Orka Holding bunu ba\u015far\u0131yor, gurur duyuyoruz\u201d dedi.<\/p>\n\n\n\n<figure class=\"wp-block-gallery has-nested-images columns-default is-cropped wp-block-gallery-1 is-layout-flex wp-block-gallery-is-layout-flex\">\n<figure class=\"wp-block-image size-large\"><img loading=\"lazy\" decoding=\"async\" width=\"1024\" height=\"683\" data-id=\"2704\" src=\"https:\/\/famelifemagazin.com\/wp-content\/uploads\/2024\/06\/OrkaGlobal7_184006682-1024x683.jpg\" alt=\"\" class=\"wp-image-2704\" srcset=\"https:\/\/famelifemagazin.com\/wp-content\/uploads\/2024\/06\/OrkaGlobal7_184006682-1024x683.jpg 1024w, https:\/\/famelifemagazin.com\/wp-content\/uploads\/2024\/06\/OrkaGlobal7_184006682-300x200.jpg 300w, https:\/\/famelifemagazin.com\/wp-content\/uploads\/2024\/06\/OrkaGlobal7_184006682-768x512.jpg 768w, https:\/\/famelifemagazin.com\/wp-content\/uploads\/2024\/06\/OrkaGlobal7_184006682-1536x1024.jpg 1536w, https:\/\/famelifemagazin.com\/wp-content\/uploads\/2024\/06\/OrkaGlobal7_184006682-2048x1366.jpg 2048w\" sizes=\"auto, (max-width: 1024px) 100vw, 1024px\" \/><\/figure>\n\n\n\n<figure class=\"wp-block-image size-large\"><img loading=\"lazy\" decoding=\"async\" width=\"1024\" height=\"683\" data-id=\"2705\" src=\"https:\/\/famelifemagazin.com\/wp-content\/uploads\/2024\/06\/OrkaGlobalAcilisi_184006461-1-1024x683.jpg\" alt=\"\" class=\"wp-image-2705\" srcset=\"https:\/\/famelifemagazin.com\/wp-content\/uploads\/2024\/06\/OrkaGlobalAcilisi_184006461-1-1024x683.jpg 1024w, https:\/\/famelifemagazin.com\/wp-content\/uploads\/2024\/06\/OrkaGlobalAcilisi_184006461-1-300x200.jpg 300w, https:\/\/famelifemagazin.com\/wp-content\/uploads\/2024\/06\/OrkaGlobalAcilisi_184006461-1-768x512.jpg 768w, https:\/\/famelifemagazin.com\/wp-content\/uploads\/2024\/06\/OrkaGlobalAcilisi_184006461-1-1536x1024.jpg 1536w, https:\/\/famelifemagazin.com\/wp-content\/uploads\/2024\/06\/OrkaGlobalAcilisi_184006461-1-2048x1365.jpg 2048w\" sizes=\"auto, (max-width: 1024px) 100vw, 1024px\" \/><\/figure>\n<\/figure>\n\n\n\n<figure class=\"wp-block-gallery has-nested-images columns-default is-cropped wp-block-gallery-2 is-layout-flex wp-block-gallery-is-layout-flex\">\n<figure class=\"wp-block-image size-large\"><img loading=\"lazy\" decoding=\"async\" width=\"1024\" height=\"576\" data-id=\"2707\" src=\"https:\/\/famelifemagazin.com\/wp-content\/uploads\/2024\/06\/OrkaGlobal_184003376-1024x576.jpg\" alt=\"\" class=\"wp-image-2707\" srcset=\"https:\/\/famelifemagazin.com\/wp-content\/uploads\/2024\/06\/OrkaGlobal_184003376-1024x576.jpg 1024w, https:\/\/famelifemagazin.com\/wp-content\/uploads\/2024\/06\/OrkaGlobal_184003376-300x169.jpg 300w, https:\/\/famelifemagazin.com\/wp-content\/uploads\/2024\/06\/OrkaGlobal_184003376-768x432.jpg 768w, https:\/\/famelifemagazin.com\/wp-content\/uploads\/2024\/06\/OrkaGlobal_184003376-1536x864.jpg 1536w, https:\/\/famelifemagazin.com\/wp-content\/uploads\/2024\/06\/OrkaGlobal_184003376.jpg 2016w\" sizes=\"auto, (max-width: 1024px) 100vw, 1024px\" \/><figcaption class=\"wp-element-caption\">default<\/figcaption><\/figure>\n\n\n\n<figure class=\"wp-block-image size-large\"><img loading=\"lazy\" decoding=\"async\" width=\"1024\" height=\"683\" data-id=\"2706\" src=\"https:\/\/famelifemagazin.com\/wp-content\/uploads\/2024\/06\/BusraOrakcioglu_OmerGucuk_SuleymanOrakcioglu_MehmetBuyukeksi_AhuOrakcioglu_184003204-1024x683.jpg\" alt=\"\" class=\"wp-image-2706\" srcset=\"https:\/\/famelifemagazin.com\/wp-content\/uploads\/2024\/06\/BusraOrakcioglu_OmerGucuk_SuleymanOrakcioglu_MehmetBuyukeksi_AhuOrakcioglu_184003204-1024x683.jpg 1024w, https:\/\/famelifemagazin.com\/wp-content\/uploads\/2024\/06\/BusraOrakcioglu_OmerGucuk_SuleymanOrakcioglu_MehmetBuyukeksi_AhuOrakcioglu_184003204-300x200.jpg 300w, https:\/\/famelifemagazin.com\/wp-content\/uploads\/2024\/06\/BusraOrakcioglu_OmerGucuk_SuleymanOrakcioglu_MehmetBuyukeksi_AhuOrakcioglu_184003204-768x512.jpg 768w, https:\/\/famelifemagazin.com\/wp-content\/uploads\/2024\/06\/BusraOrakcioglu_OmerGucuk_SuleymanOrakcioglu_MehmetBuyukeksi_AhuOrakcioglu_184003204-1536x1024.jpg 1536w, https:\/\/famelifemagazin.com\/wp-content\/uploads\/2024\/06\/BusraOrakcioglu_OmerGucuk_SuleymanOrakcioglu_MehmetBuyukeksi_AhuOrakcioglu_184003204-2048x1366.jpg 2048w\" sizes=\"auto, (max-width: 1024px) 100vw, 1024px\" \/><\/figure>\n<\/figure>\n\n\n\n<figure class=\"wp-block-gallery has-nested-images columns-default is-cropped wp-block-gallery-3 is-layout-flex wp-block-gallery-is-layout-flex\">\n<figure class=\"wp-block-image size-large\"><img loading=\"lazy\" decoding=\"async\" width=\"683\" height=\"1024\" data-id=\"2717\" src=\"https:\/\/famelifemagazin.com\/wp-content\/uploads\/2024\/06\/OrkaGlobal4_184005072-2-683x1024.jpg\" alt=\"\" class=\"wp-image-2717\" srcset=\"https:\/\/famelifemagazin.com\/wp-content\/uploads\/2024\/06\/OrkaGlobal4_184005072-2-683x1024.jpg 683w, https:\/\/famelifemagazin.com\/wp-content\/uploads\/2024\/06\/OrkaGlobal4_184005072-2-200x300.jpg 200w, https:\/\/famelifemagazin.com\/wp-content\/uploads\/2024\/06\/OrkaGlobal4_184005072-2-768x1152.jpg 768w, https:\/\/famelifemagazin.com\/wp-content\/uploads\/2024\/06\/OrkaGlobal4_184005072-2-1024x1536.jpg 1024w, https:\/\/famelifemagazin.com\/wp-content\/uploads\/2024\/06\/OrkaGlobal4_184005072-2-1365x2048.jpg 1365w, https:\/\/famelifemagazin.com\/wp-content\/uploads\/2024\/06\/OrkaGlobal4_184005072-2-scaled.jpg 1707w\" sizes=\"auto, (max-width: 683px) 100vw, 683px\" \/><\/figure>\n\n\n\n<figure class=\"wp-block-image size-large\"><img loading=\"lazy\" decoding=\"async\" width=\"683\" height=\"1024\" data-id=\"2712\" src=\"https:\/\/famelifemagazin.com\/wp-content\/uploads\/2024\/06\/OrkaGlobal3_184004144-683x1024.jpg\" alt=\"\" class=\"wp-image-2712\" srcset=\"https:\/\/famelifemagazin.com\/wp-content\/uploads\/2024\/06\/OrkaGlobal3_184004144-683x1024.jpg 683w, https:\/\/famelifemagazin.com\/wp-content\/uploads\/2024\/06\/OrkaGlobal3_184004144-200x300.jpg 200w, https:\/\/famelifemagazin.com\/wp-content\/uploads\/2024\/06\/OrkaGlobal3_184004144-768x1152.jpg 768w, https:\/\/famelifemagazin.com\/wp-content\/uploads\/2024\/06\/OrkaGlobal3_184004144-1024x1536.jpg 1024w, https:\/\/famelifemagazin.com\/wp-content\/uploads\/2024\/06\/OrkaGlobal3_184004144-1365x2048.jpg 1365w, https:\/\/famelifemagazin.com\/wp-content\/uploads\/2024\/06\/OrkaGlobal3_184004144-scaled.jpg 1707w\" sizes=\"auto, (max-width: 683px) 100vw, 683px\" \/><\/figure>\n<\/figure>\n\n\n\n<figure class=\"wp-block-gallery has-nested-images columns-default is-cropped wp-block-gallery-4 is-layout-flex wp-block-gallery-is-layout-flex\">\n<figure class=\"wp-block-image size-large\"><img loading=\"lazy\" decoding=\"async\" width=\"683\" height=\"1024\" data-id=\"2723\" src=\"https:\/\/famelifemagazin.com\/wp-content\/uploads\/2024\/06\/OrkaGlobal8_184007452-2-683x1024.jpg\" alt=\"\" class=\"wp-image-2723\" srcset=\"https:\/\/famelifemagazin.com\/wp-content\/uploads\/2024\/06\/OrkaGlobal8_184007452-2-683x1024.jpg 683w, https:\/\/famelifemagazin.com\/wp-content\/uploads\/2024\/06\/OrkaGlobal8_184007452-2-200x300.jpg 200w, https:\/\/famelifemagazin.com\/wp-content\/uploads\/2024\/06\/OrkaGlobal8_184007452-2-768x1152.jpg 768w, https:\/\/famelifemagazin.com\/wp-content\/uploads\/2024\/06\/OrkaGlobal8_184007452-2-1024x1536.jpg 1024w, https:\/\/famelifemagazin.com\/wp-content\/uploads\/2024\/06\/OrkaGlobal8_184007452-2-1365x2048.jpg 1365w, https:\/\/famelifemagazin.com\/wp-content\/uploads\/2024\/06\/OrkaGlobal8_184007452-2-scaled.jpg 1707w\" sizes=\"auto, (max-width: 683px) 100vw, 683px\" \/><\/figure>\n\n\n\n<figure class=\"wp-block-image size-large\"><img loading=\"lazy\" decoding=\"async\" width=\"683\" height=\"1024\" data-id=\"2722\" src=\"https:\/\/famelifemagazin.com\/wp-content\/uploads\/2024\/06\/OrkaGlobal5_184006030-2-683x1024.jpg\" alt=\"\" class=\"wp-image-2722\" srcset=\"https:\/\/famelifemagazin.com\/wp-content\/uploads\/2024\/06\/OrkaGlobal5_184006030-2-683x1024.jpg 683w, https:\/\/famelifemagazin.com\/wp-content\/uploads\/2024\/06\/OrkaGlobal5_184006030-2-200x300.jpg 200w, https:\/\/famelifemagazin.com\/wp-content\/uploads\/2024\/06\/OrkaGlobal5_184006030-2-768x1152.jpg 768w, https:\/\/famelifemagazin.com\/wp-content\/uploads\/2024\/06\/OrkaGlobal5_184006030-2-scaled.jpg 1707w\" sizes=\"auto, (max-width: 683px) 100vw, 683px\" \/><\/figure>\n<\/figure>\n","protected":false},"excerpt":{"rendered":"<p>D\u00fcnya modas\u0131nda Damat Tween ve D\u2019S damat\u2019\u0131n ayak sesleri y\u00fckseliyor! Orka Holding, Damat Tween ve D\u2019S damat markalar\u0131yla erkek giyimde d\u00fcnyan\u0131n lider kurulu\u015flar\u0131ndan oldu\u011funu kan\u0131tlayan iki \u00f6nemli yat\u0131r\u0131ma imza att\u0131. Grup, d\u00fcnya modas\u0131n\u0131n kalbi \u0130talya\u2019da Avrupa Genel Merkezi ve global showroom olarak faaliyet g\u00f6sterecek Orka Global\u2019i g\u00f6rkemli bir t\u00f6renle hizmete a\u00e7t\u0131. Grubun e\u015f zamanl\u0131 olarak [&hellip;]<\/p>\n","protected":false},"author":1,"featured_media":2705,"comment_status":"open","ping_status":"open","sticky":false,"template":"","format":"standard","meta":{"footnotes":""},"categories":[9,18,3],"tags":[],"class_list":["post-2702","post","type-post","status-publish","format-standard","has-post-thumbnail","hentry","category-moda-tekstil","category-sirketler-is-hayati","category-son-haberler"],"_links":{"self":[{"href":"https:\/\/famelifemagazin.com\/index.php?rest_route=\/wp\/v2\/posts\/2702","targetHints":{"allow":["GET"]}}],"collection":[{"href":"https:\/\/famelifemagazin.com\/index.php?rest_route=\/wp\/v2\/posts"}],"about":[{"href":"https:\/\/famelifemagazin.com\/index.php?rest_route=\/wp\/v2\/types\/post"}],"author":[{"embeddable":true,"href":"https:\/\/famelifemagazin.com\/index.php?rest_route=\/wp\/v2\/users\/1"}],"replies":[{"embeddable":true,"href":"https:\/\/famelifemagazin.com\/index.php?rest_route=%2Fwp%2Fv2%2Fcomments&post=2702"}],"version-history":[{"count":1,"href":"https:\/\/famelifemagazin.com\/index.php?rest_route=\/wp\/v2\/posts\/2702\/revisions"}],"predecessor-version":[{"id":2724,"href":"https:\/\/famelifemagazin.com\/index.php?rest_route=\/wp\/v2\/posts\/2702\/revisions\/2724"}],"wp:featuredmedia":[{"embeddable":true,"href":"https:\/\/famelifemagazin.com\/index.php?rest_route=\/wp\/v2\/media\/2705"}],"wp:attachment":[{"href":"https:\/\/famelifemagazin.com\/index.php?rest_route=%2Fwp%2Fv2%2Fmedia&parent=2702"}],"wp:term":[{"taxonomy":"category","embeddable":true,"href":"https:\/\/famelifemagazin.com\/index.php?rest_route=%2Fwp%2Fv2%2Fcategories&post=2702"},{"taxonomy":"post_tag","embeddable":true,"href":"https:\/\/famelifemagazin.com\/index.php?rest_route=%2Fwp%2Fv2%2Ftags&post=2702"}],"curies":[{"name":"wp","href":"https:\/\/api.w.org\/{rel}","templated":true}]}}