{"id":2613,"date":"2024-06-01T06:52:16","date_gmt":"2024-06-01T06:52:16","guid":{"rendered":"https:\/\/famelifemagazin.com\/?p=2613"},"modified":"2024-06-01T06:52:17","modified_gmt":"2024-06-01T06:52:17","slug":"uludag-premium-ultra-trail-7nci-kez-kosulacak","status":"publish","type":"post","link":"https:\/\/famelifemagazin.com\/?p=2613","title":{"rendered":"Uluda\u011f Premium Ultra Trail, 7\u2019nci kez ko\u015fulacak&#8230;"},"content":{"rendered":"\n<p><strong>4 Mevsim Uluda\u011f!<\/strong><strong>\u00a0<\/strong><\/p>\n\n\n\n<p><strong>Engin \u00c7etinay: En b\u00fcy\u00fck hedefimiz Uluda\u011f\u2019da turizmin 12 ay aktif hale gelmesi<\/strong>&#8230;\u00a0<\/p>\n\n\n\n<p>Geleneksel hale gelen \u201cUluda\u011f Premium Ultra Trail\u201d, bu sene 12-13-14 Temmuz\u2019da ger\u00e7ekle\u015fecek.<\/p>\n\n\n\n<p><strong>Uluda\u011f Premium isim sponsorlu\u011funda \u201cUluda\u011f\u2019da Ko\u015fmay\u0131 Hayal Et!\u201d slogan\u0131 ile bu sene 7\u2019ncisi d\u00fczenlenecek Ultra Trail, birbirinden \u00f6nemli isimleri 5 ayr\u0131 parkurda a\u011f\u0131rlayacak. Yar\u0131\u015f, Anadolu Sigorta, Asics, Bursa Teleferik, Ceylan Splendor Uluda\u011f, Climbolic, Decathlon ana sponsorlu\u011funda, Almira Hotel, Doca Textile Tech, Garmin, Lifeon Concept, Oksijen ZoneHotel, Power App, Segway-Ninebot, Yank\u0131 Yemek&amp;Catering ve Z\u00fcber Lezzetler co-sponsorlu\u011funda ko\u015fulacak.<\/strong><\/p>\n\n\n\n<p>Marmara\u2019n\u0131n do\u011fal g\u00fczellikleri le \u00e7evrili ve tarihi \u015fehirlerinden biri olan Bursa\u2019da 2 bin 543 metre y\u00fcksekli\u011findeki Uluda\u011f\u2019da ko\u015fucular, parkurlar boyunca muhte\u015fem do\u011fayla b\u00fct\u00fcnle\u015fecek.<\/p>\n\n\n\n<p>Gen\u00e7lik ve Spor Bakanl\u0131\u011f\u0131, Bursa Valili\u011fi, Uluda\u011f Alan Ba\u015fkanl\u0131\u011f\u0131, Bursa Do\u011fa Koruma Milli Parklar Genel M\u00fcd\u00fcrl\u00fc\u011f\u00fc, T\u00fcrkiye Atletizm Federasyonu, ANDA<\/p>\n\n\n\n<p>Arama Kurtarma katk\u0131lar\u0131yla 12-13-14 Temmuz\u2019da ger\u00e7ekle\u015fecek \u2018\u2019Uluda\u011f Premium Ultra Trail\u2018\u2019 patika ko\u015fusunda kat\u0131l\u0131mc\u0131lar unutamayacaklar\u0131 bir yar\u0131\u015f deneyimi ya\u015fayacak. Binlerce sporcunun kat\u0131laca\u011f\u0131 organizasyonda, UPUT100K, UPA66K, UPGE30K, UP16K ve UP6K\u2019l\u0131k do\u011fa harikas\u0131 parkurlarla sporcular, k\u0131yas\u0131ya m\u00fccadeleler ya\u015fayacak. En rekabet\u00e7i da\u011f ultra maratonu olma \u00f6zelli\u011fi de bulunan \u2018\u2019Uluda\u011f Premium Ultra Trail\u2018\u2019, her y\u0131l oldu\u011fu gibi bu y\u0131l da \u00e7\u0131tas\u0131n\u0131 yukar\u0131ya ta\u015f\u0131yarak sporculara unutulmaz bir yar\u0131\u015f deneyimi sunacak.<\/p>\n\n\n\n<p><strong>ENG\u0130N \u00c7ET\u0130NAY: EN B\u00dcY\u00dcK HEDEF\u0130M\u0130Z ULUDA\u011e\u2019DA TUR\u0130ZM\u0130N 12 AY AKT\u0130F HALE GELMES\u0130<\/strong><\/p>\n\n\n\n<p>Mint Organizasyon Kurucu Orta\u011f\u0131 Engin \u00c7etinay, \u201cBu y\u0131l 7\u2019ncisini d\u00fczenleyece\u011fimiz Uluda\u011f Premium Ultra Trail i\u00e7in \u00e7ok heyecanl\u0131y\u0131z. 4 mevsim Uluda\u011f mottosu ile \u00e7\u0131kt\u0131\u011f\u0131m\u0131z bu yolda, beyaz cennet olarak adland\u0131r\u0131lan Uluda\u011f\u2019\u0131n ilkbahar ve yaz aylar\u0131nda da i\u00e7inde ye\u015filin 400 tonunu bar\u0131nd\u0131ran do\u011fas\u0131n\u0131 t\u00fcm d\u00fcnyaya g\u00f6stermek istiyoruz. <\/p>\n\n\n\n<p>Film setini and\u0131ran parkurlar\u0131n en b\u00fcy\u00fck \u00f6zelli\u011fi ise bitki \u00f6rt\u00fcs\u00fcn\u00fcn \u00e7e\u015fitlili\u011fi ve de\u011fi\u015fen arazi yap\u0131s\u0131. En b\u00fcy\u00fck hedefimiz Uluda\u011f\u2019da turizmin 12 ay aktif hale gelmesi ve bunun i\u00e7in de yo\u011fun \u00e7aba sarf ediyoruz.<\/p>\n\n\n\n<p>Uluda\u011f \u00f6zelinde ilkbahar ve yaz aylar\u0131nda farkl\u0131 spor aktiviteleri de d\u00fczenlemeyi planlamaktay\u0131z. Spor bilincinin artmas\u0131, sporun herkese rahat\u00e7a ula\u015f\u0131labilir hale gelmesi i\u00e7in yo\u011fun \u00e7aba sarf ediyoruz. Spor ayn\u0131 zamanda b\u00f6lgedeki herkesi kucaklayan bir olgu. Bu tarz yar\u0131\u015flar sayesinde belli d\u00f6nemde i\u015f yapan b\u00fct\u00fcn esnafa da ayr\u0131 bir katk\u0131 sunmu\u015f oluyoruz. Ge\u00e7ti\u011fimiz senelerde oldu\u011fu gibi bu sene de yo\u011fun bir kat\u0131l\u0131mla ger\u00e7ekle\u015ftirece\u011fimiz Uluda\u011f Premium Ultra Trail sayesinde hem turizmi hareketlendirece\u011fiz hem de yerele dokunmu\u015f olaca\u011f\u0131z\u201d dedi.<\/p>\n\n\n\n<p><strong>B\u0130RB\u0130R\u0130NDEN \u00d6NEML\u0130 PARKURLARI D\u0130KKATLER\u0130 \u00c7EK\u0130YOR<\/strong><\/p>\n\n\n\n<p>\u201cUluda\u011f Premium Ultra Trail\u201d, birbirinden \u00f6nemli ve g\u00fczelliklerle dolu 5 ayr\u0131 parkurda ko\u015fulacak. Uluda\u011f Premium Ultra Trail (UPUT100K), 100 km ve 4 bin 620 metre y\u00fckseklik kazan\u0131m\u0131 ile %60 patika, %30 single track ve %10 asfalt yoldan olu\u015fan patika ko\u015fusu, 13 Temmuz Cumartesi g\u00fcn\u00fc sabah saat 06:00\u2019da start alacak ve 21 saatlik bir bitirme zaman\u0131na sahip olacak.<\/p>\n\n\n\n<p>Uluda\u011f Premium Advanced Trail (UPA66K), 66 km ve 3 bin 600 metre y\u00fckseklik kazan\u0131m\u0131 ile %50 patika, %43 single track ve %7 asfalt yoldan olu\u015fan yar\u0131\u015f, 13 Temmuz Cumartesi g\u00fcn\u00fc saat 06:00\u2019da ba\u015flayacak ve 15 saatlik bir bitirme zaman\u0131na sahip olacak.<\/p>\n\n\n\n<p>Uluda\u011f Premium Epix Trail (UPGE30K) 30 km ve bin 510 metre y\u00fckseklik kazan\u0131m\u0131 ile %65 patika, %30 single track ve %5 asfalt yoldan olu\u015facak. Uluda\u011f b\u00f6lgesinin en g\u00fczel do\u011fa manzaralar\u0131 i\u00e7erisinde ge\u00e7ecek yar\u0131\u015f, 13 Temmuz Cumartesi sabah\u0131 saat 08:00\u2018da start alacak 8 saatlik bitirme zaman\u0131na sahip olacak.<\/p>\n\n\n\n<p>Uluda\u011f Premium Trail (UP16K) 16 km ve 500 metre y\u00fckseklik kazan\u0131m\u0131 ile %20 patika, %70 single track ve %10 asfalt yolda ko\u015fulacak. Yar\u0131\u015f, 13 Temmuz Cumartesi g\u00fcn\u00fc saat 09:00\u2019da start alacak.<\/p>\n\n\n\n<p>Uluda\u011f Premium Trail (UP6K) 6 km ve 210 metre y\u00fckseklik kazan\u0131m\u0131 ile %20 patika, %60 single track ve %20 asfalt yolda ger\u00e7ekle\u015fecek. M\u00fccadele 13 Temmuz Cumartesi g\u00fcn\u00fc saat 10:00\u2019da ba\u015flayacak.<\/p>\n\n\n\n<p><strong>YARI\u015e G\u00dcZARGAHLARI<\/strong><\/p>\n\n\n\n<p>ULUDA\u011e PREMIUM ULTRA TRAIL 100K: Oteller b\u00f6lgesinden ba\u015flayacak olan yar\u0131\u015f s\u0131ras\u0131yla Cennet Tepe, Kirazl\u0131 Yayla, S\u00fcleymaniye, H\u00fcnkar K\u00f6\u015fk\u00fc, Zeyniler K\u00f6y\u00fc, Cumal\u0131k\u0131z\u0131k, K\u00fcrekli \u015eelalesi, Saitabat \u015eelalesi, Ala\u00e7am, Buzul G\u00f6letler b\u00f6lgesinden Uluda\u011f k\u00fc\u00e7\u00fck zirve yapt\u0131ktan sonra tekrar Cennet Tepe \u00fczerinden oteller b\u00f6lgesinde sona erecek.<\/p>\n\n\n\n<p>ULUDA\u011e PREMIUM ADVANCED TRAIL 66K: Oteller b\u00f6lgesinden ba\u015flayacak yar\u0131\u015f s\u0131ras\u0131yla Cennet Tepe, Kirazl\u0131 Yayla, Sar\u0131alan, Tonoz Yayla, Zeyniler K\u00f6y\u00fc, Cumal\u0131k\u0131z\u0131k, K\u00fcrekli \u015eelalesi, Saitabat \u015eelalesi, buzul g\u00f6letler b\u00f6lgesinden Uluda\u011f k\u00fc\u00e7\u00fck zirve yapt\u0131ktan sonra tekrar Cennet Tepe \u00fczerinden oteller b\u00f6lgesinde son bulacak.<\/p>\n\n\n\n<p>ULUDA\u011e PREMIUM EPIX TRAIL 30K: Oteller b\u00f6lgesinden ba\u015flayacak yar\u0131\u015fta, 1. Oteller B\u00f6lgesi \u00fczerinden Cennet Tepe, Kirazl\u0131 Yayla, Sar\u0131alan, Tonoz Yayla, Zeyniler K\u00f6y\u00fc, Kurba\u011fakaya \u00fczerinden Oteller b\u00f6lgesinden fini\u015f ger\u00e7ekle\u015fecek.<\/p>\n\n\n\n<p>ULUDA\u011e PREMIUM TRAIL 16K: Oteller b\u00f6lgesinden ba\u015flayacak yar\u0131\u015f 1. Oteller B\u00f6lgesi \u00fczerinden Sar\u0131alan, Kurba\u011fakaya ve Softabo\u011fan \u015eelalesinden ge\u00e7erek Oteller b\u00f6lgesinde bitecek.<\/p>\n\n\n\n<p>ULUDA\u011e PREMIUM TRAIL 6K: Oteller b\u00f6lgesinden ba\u015flayacak yar\u0131\u015f 1. Oteller B\u00f6lgesi \u00fczerinden Kurba\u011fakaya tekrar oteller b\u00f6lgesine ula\u015farak son bulacak.<\/p>\n\n\n\n<p><strong>KATEGOR\u0130LER<\/strong><\/p>\n\n\n\n<p>Erkek \/ Kad\u0131n Genel Klasman<\/p>\n\n\n\n<p>Erkek \/ Kad\u0131n 40- (14 Temmuz 1984 \u2013 13 Temmuz 2006 do\u011fumlular)<\/p>\n\n\n\n<p>Erkek \/ Kad\u0131n 40+ (14 Temmuz 1974 \u2013 13 Temmuz 1984)<\/p>\n\n\n\n<p>Erkek \/ Kad\u0131n 50+ (14 Temmuz 1964 \u2013 13 Temmuz 1974)<\/p>\n\n\n\n<p>Erkek \/ Kad\u0131n 60+ (13 Temmuz 1964 ve \u00f6ncesi do\u011fumlular)<\/p>\n\n\n\n<figure class=\"wp-block-gallery has-nested-images columns-default is-cropped wp-block-gallery-1 is-layout-flex wp-block-gallery-is-layout-flex\">\n<figure class=\"wp-block-image size-large\"><img loading=\"lazy\" decoding=\"async\" width=\"1024\" height=\"589\" data-id=\"2617\" src=\"https:\/\/famelifemagazin.com\/wp-content\/uploads\/2024\/06\/ULUDAG-4-1024x589.jpg\" alt=\"\" class=\"wp-image-2617\" srcset=\"https:\/\/famelifemagazin.com\/wp-content\/uploads\/2024\/06\/ULUDAG-4-1024x589.jpg 1024w, https:\/\/famelifemagazin.com\/wp-content\/uploads\/2024\/06\/ULUDAG-4-300x173.jpg 300w, https:\/\/famelifemagazin.com\/wp-content\/uploads\/2024\/06\/ULUDAG-4-768x442.jpg 768w, https:\/\/famelifemagazin.com\/wp-content\/uploads\/2024\/06\/ULUDAG-4-1536x884.jpg 1536w, https:\/\/famelifemagazin.com\/wp-content\/uploads\/2024\/06\/ULUDAG-4-2048x1179.jpg 2048w\" sizes=\"auto, (max-width: 1024px) 100vw, 1024px\" \/><\/figure>\n\n\n\n<figure class=\"wp-block-image size-large\"><img loading=\"lazy\" decoding=\"async\" width=\"1024\" height=\"570\" data-id=\"2615\" src=\"https:\/\/famelifemagazin.com\/wp-content\/uploads\/2024\/06\/ULUDAG-3-1024x570.jpg\" alt=\"\" class=\"wp-image-2615\" srcset=\"https:\/\/famelifemagazin.com\/wp-content\/uploads\/2024\/06\/ULUDAG-3-1024x570.jpg 1024w, https:\/\/famelifemagazin.com\/wp-content\/uploads\/2024\/06\/ULUDAG-3-300x167.jpg 300w, https:\/\/famelifemagazin.com\/wp-content\/uploads\/2024\/06\/ULUDAG-3-768x427.jpg 768w, https:\/\/famelifemagazin.com\/wp-content\/uploads\/2024\/06\/ULUDAG-3-1536x855.jpg 1536w, https:\/\/famelifemagazin.com\/wp-content\/uploads\/2024\/06\/ULUDAG-3-2048x1140.jpg 2048w\" sizes=\"auto, (max-width: 1024px) 100vw, 1024px\" \/><\/figure>\n\n\n\n<figure class=\"wp-block-image size-large\"><img loading=\"lazy\" decoding=\"async\" width=\"1024\" height=\"706\" data-id=\"2614\" src=\"https:\/\/famelifemagazin.com\/wp-content\/uploads\/2024\/06\/ULUDAG-2-1024x706.jpg\" alt=\"\" class=\"wp-image-2614\" srcset=\"https:\/\/famelifemagazin.com\/wp-content\/uploads\/2024\/06\/ULUDAG-2-1024x706.jpg 1024w, https:\/\/famelifemagazin.com\/wp-content\/uploads\/2024\/06\/ULUDAG-2-300x207.jpg 300w, https:\/\/famelifemagazin.com\/wp-content\/uploads\/2024\/06\/ULUDAG-2-768x530.jpg 768w, https:\/\/famelifemagazin.com\/wp-content\/uploads\/2024\/06\/ULUDAG-2-1536x1059.jpg 1536w, https:\/\/famelifemagazin.com\/wp-content\/uploads\/2024\/06\/ULUDAG-2-2048x1412.jpg 2048w\" sizes=\"auto, (max-width: 1024px) 100vw, 1024px\" \/><\/figure>\n\n\n\n<figure class=\"wp-block-image size-large\"><img loading=\"lazy\" decoding=\"async\" width=\"1024\" height=\"582\" data-id=\"2616\" src=\"https:\/\/famelifemagazin.com\/wp-content\/uploads\/2024\/06\/ULUDAG-1-1024x582.jpg\" alt=\"\" class=\"wp-image-2616\" srcset=\"https:\/\/famelifemagazin.com\/wp-content\/uploads\/2024\/06\/ULUDAG-1-1024x582.jpg 1024w, https:\/\/famelifemagazin.com\/wp-content\/uploads\/2024\/06\/ULUDAG-1-300x171.jpg 300w, https:\/\/famelifemagazin.com\/wp-content\/uploads\/2024\/06\/ULUDAG-1-768x437.jpg 768w, https:\/\/famelifemagazin.com\/wp-content\/uploads\/2024\/06\/ULUDAG-1-1536x873.jpg 1536w, https:\/\/famelifemagazin.com\/wp-content\/uploads\/2024\/06\/ULUDAG-1-2048x1164.jpg 2048w\" sizes=\"auto, (max-width: 1024px) 100vw, 1024px\" \/><\/figure>\n<\/figure>\n","protected":false},"excerpt":{"rendered":"<p>4 Mevsim Uluda\u011f!\u00a0 Engin \u00c7etinay: En b\u00fcy\u00fck hedefimiz Uluda\u011f\u2019da turizmin 12 ay aktif hale gelmesi&#8230;\u00a0 Geleneksel hale gelen \u201cUluda\u011f Premium Ultra Trail\u201d, bu sene 12-13-14 Temmuz\u2019da ger\u00e7ekle\u015fecek. Uluda\u011f Premium isim sponsorlu\u011funda \u201cUluda\u011f\u2019da Ko\u015fmay\u0131 Hayal Et!\u201d slogan\u0131 ile bu sene 7\u2019ncisi d\u00fczenlenecek Ultra Trail, birbirinden \u00f6nemli isimleri 5 ayr\u0131 parkurda a\u011f\u0131rlayacak. Yar\u0131\u015f, Anadolu Sigorta, Asics, Bursa [&hellip;]<\/p>\n","protected":false},"author":1,"featured_media":2618,"comment_status":"open","ping_status":"open","sticky":false,"template":"","format":"standard","meta":{"footnotes":""},"categories":[3,12],"tags":[],"class_list":["post-2613","post","type-post","status-publish","format-standard","has-post-thumbnail","hentry","category-son-haberler","category-turizm"],"_links":{"self":[{"href":"https:\/\/famelifemagazin.com\/index.php?rest_route=\/wp\/v2\/posts\/2613","targetHints":{"allow":["GET"]}}],"collection":[{"href":"https:\/\/famelifemagazin.com\/index.php?rest_route=\/wp\/v2\/posts"}],"about":[{"href":"https:\/\/famelifemagazin.com\/index.php?rest_route=\/wp\/v2\/types\/post"}],"author":[{"embeddable":true,"href":"https:\/\/famelifemagazin.com\/index.php?rest_route=\/wp\/v2\/users\/1"}],"replies":[{"embeddable":true,"href":"https:\/\/famelifemagazin.com\/index.php?rest_route=%2Fwp%2Fv2%2Fcomments&post=2613"}],"version-history":[{"count":1,"href":"https:\/\/famelifemagazin.com\/index.php?rest_route=\/wp\/v2\/posts\/2613\/revisions"}],"predecessor-version":[{"id":2619,"href":"https:\/\/famelifemagazin.com\/index.php?rest_route=\/wp\/v2\/posts\/2613\/revisions\/2619"}],"wp:featuredmedia":[{"embeddable":true,"href":"https:\/\/famelifemagazin.com\/index.php?rest_route=\/wp\/v2\/media\/2618"}],"wp:attachment":[{"href":"https:\/\/famelifemagazin.com\/index.php?rest_route=%2Fwp%2Fv2%2Fmedia&parent=2613"}],"wp:term":[{"taxonomy":"category","embeddable":true,"href":"https:\/\/famelifemagazin.com\/index.php?rest_route=%2Fwp%2Fv2%2Fcategories&post=2613"},{"taxonomy":"post_tag","embeddable":true,"href":"https:\/\/famelifemagazin.com\/index.php?rest_route=%2Fwp%2Fv2%2Ftags&post=2613"}],"curies":[{"name":"wp","href":"https:\/\/api.w.org\/{rel}","templated":true}]}}