{"id":2596,"date":"2024-05-29T05:48:02","date_gmt":"2024-05-29T05:48:02","guid":{"rendered":"https:\/\/famelifemagazin.com\/?p=2596"},"modified":"2024-05-29T05:48:03","modified_gmt":"2024-05-29T05:48:03","slug":"av-serra-taskopru-ve-beni-linc-eder-misiniz","status":"publish","type":"post","link":"https:\/\/famelifemagazin.com\/?p=2596","title":{"rendered":"Av. Serra Ta\u015fk\u00f6pr\u00fc ve &#8220;Beni L\u0130N\u00c7 eder misiniz?&#8221;"},"content":{"rendered":"\n<p><strong>Av. Serra Ta\u015fk\u00f6pr\u00fc ve &#8220;Beni L\u0130N\u00c7 eder misiniz?&#8221; Avukat Serra Ta\u015fk\u00f6pr\u00fc taraf\u0131ndan kaleme al\u0131nan\u00a0<em>&#8220;Beni L\u0130N\u00c7 eder misiniz?&#8221;<\/em>\u00a0isimli kitab\u0131, G\u00fcnce Yay\u0131nlar\u0131 arac\u0131l\u0131\u011f\u0131yla okurlar\u0131n ilgisine sunuldu.<\/strong><\/p>\n\n\n\n<p>Yazar\u0131n son kitab\u0131; toplumsal kurallar kar\u015f\u0131s\u0131nda farkl\u0131 davran\u0131\u015flara ve d\u00fc\u015f\u00fcncelere sahip bireylere dikkat \u00e7ekmektedir. Her konu ve alandaki devrim niteli\u011finde i\u015fler ve bu i\u015fleri gerek teoride gerek pratikte ortaya koyanlar; ayk\u0131r\u0131l\u0131klar\u0131yla ilk ba\u015fta lin\u00e7 edilirler. Toplumun ezberini bozan bu ayk\u0131r\u0131 insanlar, \u00f6zg\u00fcn d\u00fc\u015f\u00fcnceleriyle ve duygular\u0131yla topluma yenilik\u00e7i bir yakla\u015f\u0131m sunar. <\/p>\n\n\n\n<p>Sosyolojide topluma z\u0131t duru\u015f sergilemek, de\u011fer yarg\u0131lar\u0131n\u0131n ve tabular\u0131n\u0131n \u00f6tesine ge\u00e7mek\u00a0<em>&#8220;Deli&#8221;<\/em>\u00a0cesareti ister. Her devrimci bu a\u00e7\u0131dan\u00a0<em>&#8220;Deli&#8221;<\/em>dir. \u00d6nce onaylanmay\u0131p, damgalama \u015fiddetine maruz kalan her devrimci bir g\u00fcn anla\u015f\u0131laca\u011f\u0131n\u0131 bildi\u011finden s\u00fcr\u00fc zihniyetindeki lince bile kafa tutar ve \u015f\u00f6yle der:\u00a0<strong><em>&#8220;Beni L\u0130N\u00c7 eder misiniz?&#8221;<\/em><\/strong><\/p>\n\n\n\n<p>Bu cesur ve ayk\u0131r\u0131 ruhuyla tan\u0131nan Serra Ta\u015fk\u00f6pr\u00fc, 9 Nisan 1980 \u0130stanbul Kad\u0131k\u00f6y do\u011fumludur. E\u011fitim hayat\u0131na Kad\u0131k\u00f6y\u2019de Saint Joseph Frans\u0131z Lisesi\u2019nde ba\u015flayan Ta\u015fk\u00f6pr\u00fc, Maltepe \u00dcniversitesi Hukuk Fak\u00fcltesi\u2019nden mezun olarak ard\u0131ndan lisans\u00fcst\u00fc e\u011fitimini \u0130stanbul \u00dcniversitesi Cerrahpa\u015fa Adli T\u0131p ve Adli Bilimler Enstit\u00fcs\u00fc&#8217;nde tamamlamak \u00fczere e\u011fitimine devam etmektedir. 2006 y\u0131l\u0131nda \u0130stanbul Barosu\u2019na kaydolan ve aktif avukatl\u0131k yapmaya ba\u015flayan Ta\u015fk\u00f6pr\u00fc, ayn\u0131 zamanda bale, voleybol, boks, tiyatro ve m\u00fczik gibi farkl\u0131 alanlarda da kendini geli\u015ftirmi\u015ftir. Yazar ayr\u0131ca&nbsp;<em>\u201cVizyoner Yakla\u015f\u0131m\u201d<\/em>&nbsp;ve&nbsp;<em>\u201cSerratonin\u201d<\/em>&nbsp;adl\u0131 programlar\u0131 haz\u0131rlay\u0131p bu programlar\u0131n sunuculu\u011funu da yapm\u0131\u015ft\u0131r. H\u00e2len \u0130stanbul \u00dcniversitesi AUZEF\u2019de felsefe \u00f6\u011frencisidir.<\/p>\n\n\n\n<p>Hayvan haklar\u0131 savunuculu\u011fu alan\u0131ndaki \u00e7al\u0131\u015fmalar\u0131yla T\u00fcrkiye Bas\u0131n Birli\u011fi taraf\u0131ndan&nbsp;<em>&#8220;En \u0130yi Avukat&#8221;&nbsp;<\/em>\u00f6d\u00fcl\u00fcne lay\u0131k g\u00f6r\u00fclen Ta\u015fk\u00f6pr\u00fc, \u00e7e\u015fitli gazetelerde k\u00f6\u015fe yazarl\u0131\u011f\u0131 yapm\u0131\u015ft\u0131r. \u0130\u00e7erik \u00dcreticisi ve Yazar olarak da Mimoza Global Medya taraf\u0131ndan \u00f6d\u00fcle lay\u0131k g\u00f6r\u00fclm\u00fc\u015ft\u00fcr.<\/p>\n\n\n\n<p>Serra Ta\u015fk\u00f6pr\u00fc, serbest avukat olarak ba\u015far\u0131l\u0131 \u00e7al\u0131\u015fmalar\u0131n\u0131 s\u00fcrd\u00fcrmekte ve&nbsp;<em>&#8220;Hesaplanm\u0131\u015f Sessiz Manip\u00fclasyon Yoluyla \u0130\u015flenen Su\u00e7lar ve Yasal Boyut&#8221;<\/em>&nbsp;gibi \u00f6nemli konular\u0131 ele alan eserleriyle de dikkat \u00e7ekmektedir. Cesur ve \u00f6zg\u00fcn duru\u015fuyla topluma ilham veren Ta\u015fk\u00f6pr\u00fc, her zaman yeni ve farkl\u0131 d\u00fc\u015f\u00fcncelerle kar\u015f\u0131m\u0131za \u00e7\u0131kmaya devam edecek gibi g\u00f6r\u00fcnmektedir.<\/p>\n\n\n\n<p>Yazar\u0131n; Beni Lin\u00e7 Eder Misiniz? adl\u0131 son eserinin yan\u0131 s\u0131ra Hesaplanm\u0131\u015f Sessiz Manip\u00fclasyon Yoluyla \u0130\u015flenen Su\u00e7lar ve Yasal Boyut, Sessiz \u015eiddet ve Sessiz A\u015fk Terapisi adl\u0131 eserleri bulunmaktad\u0131r.<\/p>\n\n\n\n<figure class=\"wp-block-gallery has-nested-images columns-default is-cropped wp-block-gallery-1 is-layout-flex wp-block-gallery-is-layout-flex\">\n<figure class=\"wp-block-image size-large\"><img loading=\"lazy\" decoding=\"async\" width=\"509\" height=\"800\" data-id=\"2598\" src=\"https:\/\/famelifemagazin.com\/wp-content\/uploads\/2024\/05\/2_161744009.jpg\" alt=\"\" class=\"wp-image-2598\" srcset=\"https:\/\/famelifemagazin.com\/wp-content\/uploads\/2024\/05\/2_161744009.jpg 509w, https:\/\/famelifemagazin.com\/wp-content\/uploads\/2024\/05\/2_161744009-191x300.jpg 191w\" sizes=\"auto, (max-width: 509px) 100vw, 509px\" \/><\/figure>\n\n\n\n<figure class=\"wp-block-image size-large\"><img loading=\"lazy\" decoding=\"async\" width=\"766\" height=\"1024\" data-id=\"2597\" src=\"https:\/\/famelifemagazin.com\/wp-content\/uploads\/2024\/05\/Serra-Taskopru_161744072-766x1024.jpg\" alt=\"\" class=\"wp-image-2597\" srcset=\"https:\/\/famelifemagazin.com\/wp-content\/uploads\/2024\/05\/Serra-Taskopru_161744072-766x1024.jpg 766w, https:\/\/famelifemagazin.com\/wp-content\/uploads\/2024\/05\/Serra-Taskopru_161744072-225x300.jpg 225w, https:\/\/famelifemagazin.com\/wp-content\/uploads\/2024\/05\/Serra-Taskopru_161744072-768x1026.jpg 768w, https:\/\/famelifemagazin.com\/wp-content\/uploads\/2024\/05\/Serra-Taskopru_161744072.jpg 958w\" sizes=\"auto, (max-width: 766px) 100vw, 766px\" \/><\/figure>\n<\/figure>\n","protected":false},"excerpt":{"rendered":"<p>Av. Serra Ta\u015fk\u00f6pr\u00fc ve &#8220;Beni L\u0130N\u00c7 eder misiniz?&#8221; Avukat Serra Ta\u015fk\u00f6pr\u00fc taraf\u0131ndan kaleme al\u0131nan\u00a0&#8220;Beni L\u0130N\u00c7 eder misiniz?&#8221;\u00a0isimli kitab\u0131, G\u00fcnce Yay\u0131nlar\u0131 arac\u0131l\u0131\u011f\u0131yla okurlar\u0131n ilgisine sunuldu. Yazar\u0131n son kitab\u0131; toplumsal kurallar kar\u015f\u0131s\u0131nda farkl\u0131 davran\u0131\u015flara ve d\u00fc\u015f\u00fcncelere sahip bireylere dikkat \u00e7ekmektedir. Her konu ve alandaki devrim niteli\u011finde i\u015fler ve bu i\u015fleri gerek teoride gerek pratikte ortaya koyanlar; ayk\u0131r\u0131l\u0131klar\u0131yla [&hellip;]<\/p>\n","protected":false},"author":1,"featured_media":2599,"comment_status":"open","ping_status":"open","sticky":false,"template":"","format":"standard","meta":{"footnotes":""},"categories":[19,3],"tags":[],"class_list":["post-2596","post","type-post","status-publish","format-standard","has-post-thumbnail","hentry","category-kitap","category-son-haberler"],"_links":{"self":[{"href":"https:\/\/famelifemagazin.com\/index.php?rest_route=\/wp\/v2\/posts\/2596","targetHints":{"allow":["GET"]}}],"collection":[{"href":"https:\/\/famelifemagazin.com\/index.php?rest_route=\/wp\/v2\/posts"}],"about":[{"href":"https:\/\/famelifemagazin.com\/index.php?rest_route=\/wp\/v2\/types\/post"}],"author":[{"embeddable":true,"href":"https:\/\/famelifemagazin.com\/index.php?rest_route=\/wp\/v2\/users\/1"}],"replies":[{"embeddable":true,"href":"https:\/\/famelifemagazin.com\/index.php?rest_route=%2Fwp%2Fv2%2Fcomments&post=2596"}],"version-history":[{"count":1,"href":"https:\/\/famelifemagazin.com\/index.php?rest_route=\/wp\/v2\/posts\/2596\/revisions"}],"predecessor-version":[{"id":2600,"href":"https:\/\/famelifemagazin.com\/index.php?rest_route=\/wp\/v2\/posts\/2596\/revisions\/2600"}],"wp:featuredmedia":[{"embeddable":true,"href":"https:\/\/famelifemagazin.com\/index.php?rest_route=\/wp\/v2\/media\/2599"}],"wp:attachment":[{"href":"https:\/\/famelifemagazin.com\/index.php?rest_route=%2Fwp%2Fv2%2Fmedia&parent=2596"}],"wp:term":[{"taxonomy":"category","embeddable":true,"href":"https:\/\/famelifemagazin.com\/index.php?rest_route=%2Fwp%2Fv2%2Fcategories&post=2596"},{"taxonomy":"post_tag","embeddable":true,"href":"https:\/\/famelifemagazin.com\/index.php?rest_route=%2Fwp%2Fv2%2Ftags&post=2596"}],"curies":[{"name":"wp","href":"https:\/\/api.w.org\/{rel}","templated":true}]}}