{"id":2586,"date":"2024-05-29T05:17:03","date_gmt":"2024-05-29T05:17:03","guid":{"rendered":"https:\/\/famelifemagazin.com\/?p=2586"},"modified":"2024-05-29T05:17:03","modified_gmt":"2024-05-29T05:17:03","slug":"omoda-avrupada-isildiyor","status":"publish","type":"post","link":"https:\/\/famelifemagazin.com\/?p=2586","title":{"rendered":"OMODA Avrupa\u2019da I\u015f\u0131ld\u0131yor!"},"content":{"rendered":"\n<p><strong>\u00c7inli SUV markas\u0131 OMODA, yenilik\u00e7i modelleri ve \u00fcst\u00fcn kalite anlay\u0131\u015f\u0131yla d\u00fcnya pazarlar\u0131nda ad\u0131n\u0131 duyurmaya devam ediyor. Ba\u015fta Avrupa olmak \u00fczere \u00e7ok say\u0131da otomotiv markas\u0131n\u0131n odak noktas\u0131 haline gelen yeni enerji arac\u0131 pazar\u0131na odaklanan OMODA, k\u00fcresel yap\u0131lanmas\u0131na yeni bir canl\u0131l\u0131k katmak \u00fczere Avrupa pazar\u0131nda stratejik at\u0131l\u0131mlar ger\u00e7ekle\u015ftirmeye devam ediyor. <\/strong><\/p>\n\n\n\n<p><strong>Avrupa pazar\u0131 ile b\u00fcy\u00fcmek ve birlikte daha \u00e7evre dostu, daha ak\u0131ll\u0131 ve birbirine ba\u011fl\u0131 bir ula\u015f\u0131m gelece\u011fi yaratmak i\u00e7in haz\u0131rlanan OMODA, k\u00fcresel olarak geni\u015flemesini s\u00fcrd\u00fcr\u00fcrken yerelle\u015ftirilmi\u015f bir sat\u0131\u015f ve servis a\u011f\u0131 sistemi kurarak yerel olarak da b\u00fcy\u00fcmesini s\u00fcrd\u00fcr\u00fcyor.<\/strong><\/p>\n\n\n\n<figure class=\"wp-block-gallery has-nested-images columns-default is-cropped wp-block-gallery-1 is-layout-flex wp-block-gallery-is-layout-flex\">\n<figure class=\"wp-block-image size-large\"><img loading=\"lazy\" decoding=\"async\" width=\"1024\" height=\"576\" data-id=\"2587\" src=\"https:\/\/famelifemagazin.com\/wp-content\/uploads\/2024\/05\/OMODA-5-Kokpit-1024x576.jpg\" alt=\"\" class=\"wp-image-2587\" srcset=\"https:\/\/famelifemagazin.com\/wp-content\/uploads\/2024\/05\/OMODA-5-Kokpit-1024x576.jpg 1024w, https:\/\/famelifemagazin.com\/wp-content\/uploads\/2024\/05\/OMODA-5-Kokpit-300x169.jpg 300w, https:\/\/famelifemagazin.com\/wp-content\/uploads\/2024\/05\/OMODA-5-Kokpit-768x432.jpg 768w, https:\/\/famelifemagazin.com\/wp-content\/uploads\/2024\/05\/OMODA-5-Kokpit-1536x864.jpg 1536w, https:\/\/famelifemagazin.com\/wp-content\/uploads\/2024\/05\/OMODA-5-Kokpit.jpg 2048w\" sizes=\"auto, (max-width: 1024px) 100vw, 1024px\" \/><\/figure>\n\n\n\n<figure class=\"wp-block-image size-large\"><img loading=\"lazy\" decoding=\"async\" width=\"1024\" height=\"576\" data-id=\"2588\" src=\"https:\/\/famelifemagazin.com\/wp-content\/uploads\/2024\/05\/Chery-OMODA-5-EV-1024x576.jpg\" alt=\"\" class=\"wp-image-2588\" srcset=\"https:\/\/famelifemagazin.com\/wp-content\/uploads\/2024\/05\/Chery-OMODA-5-EV-1024x576.jpg 1024w, https:\/\/famelifemagazin.com\/wp-content\/uploads\/2024\/05\/Chery-OMODA-5-EV-300x169.jpg 300w, https:\/\/famelifemagazin.com\/wp-content\/uploads\/2024\/05\/Chery-OMODA-5-EV-768x432.jpg 768w, https:\/\/famelifemagazin.com\/wp-content\/uploads\/2024\/05\/Chery-OMODA-5-EV-1536x864.jpg 1536w, https:\/\/famelifemagazin.com\/wp-content\/uploads\/2024\/05\/Chery-OMODA-5-EV.jpg 2048w\" sizes=\"auto, (max-width: 1024px) 100vw, 1024px\" \/><\/figure>\n<\/figure>\n","protected":false},"excerpt":{"rendered":"<p>\u00c7inli SUV markas\u0131 OMODA, yenilik\u00e7i modelleri ve \u00fcst\u00fcn kalite anlay\u0131\u015f\u0131yla d\u00fcnya pazarlar\u0131nda ad\u0131n\u0131 duyurmaya devam ediyor. Ba\u015fta Avrupa olmak \u00fczere \u00e7ok say\u0131da otomotiv markas\u0131n\u0131n odak noktas\u0131 haline gelen yeni enerji arac\u0131 pazar\u0131na odaklanan OMODA, k\u00fcresel yap\u0131lanmas\u0131na yeni bir canl\u0131l\u0131k katmak \u00fczere Avrupa pazar\u0131nda stratejik at\u0131l\u0131mlar ger\u00e7ekle\u015ftirmeye devam ediyor. Avrupa pazar\u0131 ile b\u00fcy\u00fcmek ve birlikte daha [&hellip;]<\/p>\n","protected":false},"author":1,"featured_media":2589,"comment_status":"open","ping_status":"open","sticky":false,"template":"","format":"standard","meta":{"footnotes":""},"categories":[14,3],"tags":[],"class_list":["post-2586","post","type-post","status-publish","format-standard","has-post-thumbnail","hentry","category-otomotiv","category-son-haberler"],"_links":{"self":[{"href":"https:\/\/famelifemagazin.com\/index.php?rest_route=\/wp\/v2\/posts\/2586","targetHints":{"allow":["GET"]}}],"collection":[{"href":"https:\/\/famelifemagazin.com\/index.php?rest_route=\/wp\/v2\/posts"}],"about":[{"href":"https:\/\/famelifemagazin.com\/index.php?rest_route=\/wp\/v2\/types\/post"}],"author":[{"embeddable":true,"href":"https:\/\/famelifemagazin.com\/index.php?rest_route=\/wp\/v2\/users\/1"}],"replies":[{"embeddable":true,"href":"https:\/\/famelifemagazin.com\/index.php?rest_route=%2Fwp%2Fv2%2Fcomments&post=2586"}],"version-history":[{"count":1,"href":"https:\/\/famelifemagazin.com\/index.php?rest_route=\/wp\/v2\/posts\/2586\/revisions"}],"predecessor-version":[{"id":2590,"href":"https:\/\/famelifemagazin.com\/index.php?rest_route=\/wp\/v2\/posts\/2586\/revisions\/2590"}],"wp:featuredmedia":[{"embeddable":true,"href":"https:\/\/famelifemagazin.com\/index.php?rest_route=\/wp\/v2\/media\/2589"}],"wp:attachment":[{"href":"https:\/\/famelifemagazin.com\/index.php?rest_route=%2Fwp%2Fv2%2Fmedia&parent=2586"}],"wp:term":[{"taxonomy":"category","embeddable":true,"href":"https:\/\/famelifemagazin.com\/index.php?rest_route=%2Fwp%2Fv2%2Fcategories&post=2586"},{"taxonomy":"post_tag","embeddable":true,"href":"https:\/\/famelifemagazin.com\/index.php?rest_route=%2Fwp%2Fv2%2Ftags&post=2586"}],"curies":[{"name":"wp","href":"https:\/\/api.w.org\/{rel}","templated":true}]}}