{"id":2573,"date":"2024-05-27T08:39:16","date_gmt":"2024-05-27T08:39:16","guid":{"rendered":"https:\/\/famelifemagazin.com\/?p=2573"},"modified":"2024-05-27T08:39:16","modified_gmt":"2024-05-27T08:39:16","slug":"unesco-dunya-mirasi-listesindeki-muzik-sarayi-ile-is-birligi-icin-imzalar-atildi","status":"publish","type":"post","link":"https:\/\/famelifemagazin.com\/?p=2573","title":{"rendered":"UNESCO D\u00fcnya Miras\u0131 Listesindeki M\u00fczik Saray\u0131 \u0130le \u0130\u015f Birli\u011fi \u0130\u00e7in \u0130mzalar At\u0131ld\u0131&#8230;"},"content":{"rendered":"\n<p><strong>Limak\u2019tan Palau de la M\u00fasica\u2019ya destek<\/strong>&#8230;<\/p>\n\n\n\n<p><strong>Limak \u015eirketler Grubu, yurt i\u00e7i ve yurt d\u0131\u015f\u0131nda daha geni\u015f kitlelere ula\u015ft\u0131r\u0131lmas\u0131 amac\u0131yla k\u00fclt\u00fcr-sanat faaliyetlerini desteklemeye devam ediyor. Limak, \u0130spanya\u2019n\u0131n Barselona \u015fehrindeki d\u00fcnyaca \u00fcnl\u00fc Palau de la M\u00fasica Catalana\u2019n\u0131n (Katalan M\u00fczik Saray\u0131) resmi destek\u00e7ileri aras\u0131na kat\u0131ld\u0131<\/strong><\/p>\n\n\n\n<p><strong>Limak ile Orfe\u00f3 Catal\u00e0-Palau de la M\u00fasica Catalana Vakf\u0131 aras\u0131nda imzalanan i\u015f birli\u011fi ile kapsay\u0131c\u0131l\u0131\u011f\u0131 ve sosyal entegrasyonu te\u015fvik eden yerel \u00e7al\u0131\u015fmalara da destek sa\u011flanacak. Yedi y\u0131ld\u0131r d\u00fczenlenen konserlerle \u00e7ok sesli m\u00fczi\u011fi sanatseverlerle bulu\u015fturan Limak Filarmoni Orkestras\u0131 bu y\u0131l ilk kez yurt d\u0131\u015f\u0131na \u00e7\u0131karak Palau de la M\u00fasica\u2019da konser verecek<\/strong><\/p>\n\n\n\n<p>Limak \u015eirketler Grubu, yurt i\u00e7inde ve yurt d\u0131\u015f\u0131nda sosyal fayda yat\u0131r\u0131mlar\u0131n\u0131 b\u00fcy\u00fcterek s\u00fcrd\u00fcr\u00fcyor. T\u00fcrkiye\u2019nin yan\u0131 s\u0131ra ekonomik faaliyet g\u00f6sterdi\u011fi co\u011frafyalarda toplumsal fayda \u00e7al\u0131\u015fmalar\u0131 da s\u00fcrd\u00fcren Limak, \u0130spanya\u2019n\u0131n Barselona \u015fehrindeki UNESCO D\u00fcnya Miras\u0131 listesinde yer alan Palau de la M\u00fasica Catalana (Katalan M\u00fczik Saray\u0131) ile i\u015f birli\u011fine imza att\u0131.<\/p>\n\n\n\n<p>\u0130spanya\u2019n\u0131n k\u00fclt\u00fcr ve turizm merkezi \u015fehirlerinden Barselona\u2019da d\u00fczenlenen imza t\u00f6renine Limak \u015eirketler Grubu Y\u00f6netim Kurulu Ba\u015fkan\u0131 Ebru \u00d6zdemir ve Palau de la M\u00fasica Ba\u015fkan\u0131 Joaquim Uriach kat\u0131ld\u0131. \u0130\u015f birli\u011fi kapsam\u0131nda Limak, k\u00fclt\u00fcr miras\u0131 salonun resmi destek\u00e7ileri aras\u0131nda yerini ald\u0131. Limak, Katalan M\u00fczik Saray\u0131\u2019n\u0131n \u00e7ocuklar ve gen\u00e7lerden olu\u015fan kolektif koro \u00e7al\u0131\u015fmalar\u0131yla kapsay\u0131c\u0131l\u0131\u011f\u0131 ve sosyal entegrasyonu te\u015fvik eden bir giri\u015fim olan \u2018Palau Vincles\u2019 program\u0131n\u0131 da destekleyecek.<\/p>\n\n\n\n<p><strong>\u201cFarkl\u0131 k\u00fclt\u00fcrlere sanat\u0131n birle\u015ftirici g\u00fcc\u00fcyle dokunuyoruz\u201d<\/strong><\/p>\n\n\n\n<p>T\u00f6rende konu\u015fan Limak \u015eirketler Grubu Y\u00f6netim Kurulu Ba\u015fkan\u0131 Ebru \u00d6zdemir, grubun T\u00fcrkiye\u2019de oldu\u011fu gibi faaliyet g\u00f6sterdi\u011fi \u00fclkelerde sosyal ve k\u00fclt\u00fcrel yat\u0131r\u0131mlar da ger\u00e7ekle\u015ftirerek toplum hayat\u0131na dokundu\u011funu s\u00f6yledi. \u015eirketlerin ekonomik faaliyetlerinin toplumsal fayda \u00e7al\u0131\u015fmalar\u0131yla desteklenmesi gerekti\u011fini belirten \u00d6zdemir \u015f\u00f6yle konu\u015ftu:<\/p>\n\n\n\n<p>\u201c\u00dclkemizdeki T\u00fcrkiye\u2019nin M\u00fchendis K\u0131zlar\u0131 k\u00fcresel bir sosyal etki hareketine d\u00f6n\u00fc\u015fen, d\u00fcnyan\u0131n d\u00f6rt \u00fclkesinden m\u00fchendislik aday\u0131 k\u0131z \u00f6\u011frencilerin dahil oldu\u011fu, gurur duydu\u011fumuz bir proje haline geldi. Yedi y\u0131l \u00f6nce kurulan ve her y\u0131l \u00fczerine katarak k\u00fclt\u00fcr sanat hayat\u0131na sa\u011flad\u0131\u011f\u0131 fayday\u0131 geli\u015ftiren Limak Filarmoni Orkestras\u0131 binlerce sanatsevere ula\u015ft\u0131. E\u011fitimde oldu\u011fu gibi bu y\u0131l k\u00fclt\u00fcr ve sanata sa\u011flad\u0131\u011f\u0131m\u0131z deste\u011fi yurt d\u0131\u015f\u0131na da ta\u015f\u0131may\u0131 arzu ediyorduk. <\/p>\n\n\n\n<p>Yakla\u015f\u0131k 120 y\u0131ld\u0131r \u00f6nemli bir sanat merkezi olan Palau de la M\u00fasica Catalana\u2019daki f\u0131rsat\u0131 de\u011ferlendirmek istedik. Burada verdi\u011fimiz evrensel mesaj\u0131 ve ortaya \u00e7\u0131kacak toplam fayday\u0131 \u00f6nemsiyoruz. Bu anlaml\u0131 i\u015f birli\u011fiyle ayn\u0131 zamanda Katalan k\u00fclt\u00fcr miras\u0131n\u0131 selaml\u0131yor, tan\u0131t\u0131m\u0131na ve etki alan\u0131n\u0131n geni\u015flemesine katk\u0131da bulunmay\u0131 ama\u00e7l\u0131yoruz. Farkl\u0131 k\u00fclt\u00fcrlere sanat\u0131n ve m\u00fczi\u011fin birle\u015ftirici g\u00fcc\u00fcyle dokunuyoruz. <\/p>\n\n\n\n<p>T\u0131pk\u0131 Spotify Camp Nou&#8217;nun Barselona&#8217;n\u0131n futbol d\u00fcnyas\u0131ndaki gururunu temsil etmesi gibi, Palau de la M\u00fasica Catalana da \u015fehrin m\u00fczi\u011fe, k\u00fclt\u00fcre ve mimari m\u00fckemmelli\u011fe olan ba\u011fl\u0131l\u0131\u011f\u0131n\u0131n bir sembol\u00fc olarak duruyor. Bu simge yap\u0131lar Barselona&#8217;n\u0131n kalbini ve ruhunu tan\u0131mlamaya yard\u0131m ediyor. Limak olarak onlar\u0131n yolculuklar\u0131n\u0131n bir par\u00e7as\u0131 olmaktan gurur duyuyoruz.&#8221;<\/p>\n\n\n\n<p>Palau de la M\u00fasica Ba\u015fkan\u0131 Joaquim Uriach de \u015fehrin iki sembol\u00fc olan Barselona Stad\u0131 ve Katalan M\u00fczik Saray\u0131\u2019na sa\u011flad\u0131\u011f\u0131 destekler i\u00e7in Limak\u2019a te\u015fekk\u00fcr etti. Uriach, \u201cLimak taraf\u0131ndan kentin k\u00fclt\u00fcr\u00fcn\u00fc desteklemek \u00fczere se\u00e7ilmekten onur duyuyor; Palau&#8217;nun hayat\u0131 iyile\u015ftiren k\u00fclt\u00fcrel ve m\u00fczikal faaliyetlerinin herkes i\u00e7in eri\u015filebilir olmas\u0131n\u0131 sa\u011flayan destek\u00e7iler aras\u0131nda bulunmalar\u0131n\u0131 kutluyorum\u201d dedi.<\/p>\n\n\n\n<p><strong>Limak Filarmoni 30 Ekim\u2019de Barselona\u2019da<\/strong><\/p>\n\n\n\n<p>Limak Vakf\u0131 taraf\u0131ndan yedi y\u0131l \u00f6nce \u00e7oksesli m\u00fczi\u011fi geni\u015f kitlelere tan\u0131tmak amac\u0131yla kurulan Limak Filarmoni Orkestras\u0131&nbsp;da bu y\u0131l ilk kez yurt d\u0131\u015f\u0131na \u00e7\u0131karak Palau de la M\u00fasica\u2019da konser verecek. T\u00f6rende haz\u0131r bulunan Limak Filarmoni Orkestras\u0131\u2019n\u0131n kurucusu, T\u00fcrkiye\u2019nin \u00fcnl\u00fc tenoru Murat Karahan da 30 Ekim\u2019de planlanan konser i\u00e7in b\u00fcy\u00fck heyecan duyduklar\u0131n\u0131 s\u00f6yledi.<\/p>\n\n\n\n<p><strong>Katalan M\u00fczik Saray\u0131 hakk\u0131nda<\/strong><\/p>\n\n\n\n<p>Palau de la M\u00fasica Catalana, 4 Aral\u0131k 1997\u2019de UNESCO taraf\u0131ndan D\u00fcnya Miras\u0131 ilan edilen tek konser salonudur. Bug\u00fcn Katalonya&#8217;n\u0131n k\u00fclt\u00fcrel ve sosyal ya\u015fam\u0131nda \u00f6nemli bir bulu\u015fma noktas\u0131 olan m\u00fczik saray\u0131, ayn\u0131 zamanda halk i\u00e7in tarihi anlamda sembolik ve duygusal bir miras olarak g\u00f6r\u00fcl\u00fcyor.<\/p>\n\n\n\n<p>100 y\u0131l\u0131 a\u015fk\u0131n s\u00fcredir Barselona&#8217;n\u0131n ulusal ve uluslararas\u0131 sanat etkinliklerine sahne olan, d\u00fcnya pr\u00f6miyerlerine ev sahipli\u011fi yapan Palau de la M\u00fasica Catalana, \u00fclkedeki senfonik ve koro m\u00fczi\u011finin temel ta\u015f\u0131 olarak g\u00f6r\u00fcl\u00fcyor.<\/p>\n\n\n\n<p>Mimari \u00f6zellikleriyle dikkat \u00e7eken, Katalan k\u00fclt\u00fcr\u00fc ve kimli\u011finin simgesi olan Palau de la M\u00fasica Catalana\u2019da y\u0131l boyunca \u00e7e\u015fitli konserler, opera performanslar\u0131, oda m\u00fczi\u011fi ve \u00e7e\u015fitli k\u00fclt\u00fcrel etkinlikler d\u00fczenleniyor. D\u00fcnya \u00e7ap\u0131nda \u00fcnl\u00fc sanat\u00e7\u0131lar\u0131n ve orkestralar\u0131n konser verdi\u011fi tarihi yap\u0131, yerel halk ve turistler taraf\u0131ndan ilgi g\u00f6r\u00fcyor.<\/p>\n\n\n\n<figure class=\"wp-block-image size-large\"><img loading=\"lazy\" decoding=\"async\" width=\"1024\" height=\"682\" src=\"https:\/\/famelifemagazin.com\/wp-content\/uploads\/2024\/05\/Palau-de-la-Musica_Toplu_Gorsel-1024x682.jpg\" alt=\"\" class=\"wp-image-2574\" srcset=\"https:\/\/famelifemagazin.com\/wp-content\/uploads\/2024\/05\/Palau-de-la-Musica_Toplu_Gorsel-1024x682.jpg 1024w, https:\/\/famelifemagazin.com\/wp-content\/uploads\/2024\/05\/Palau-de-la-Musica_Toplu_Gorsel-300x200.jpg 300w, https:\/\/famelifemagazin.com\/wp-content\/uploads\/2024\/05\/Palau-de-la-Musica_Toplu_Gorsel-768x512.jpg 768w, https:\/\/famelifemagazin.com\/wp-content\/uploads\/2024\/05\/Palau-de-la-Musica_Toplu_Gorsel-1536x1024.jpg 1536w, https:\/\/famelifemagazin.com\/wp-content\/uploads\/2024\/05\/Palau-de-la-Musica_Toplu_Gorsel-2048x1365.jpg 2048w\" sizes=\"auto, (max-width: 1024px) 100vw, 1024px\" \/><\/figure>\n","protected":false},"excerpt":{"rendered":"<p>Limak\u2019tan Palau de la M\u00fasica\u2019ya destek&#8230; Limak \u015eirketler Grubu, yurt i\u00e7i ve yurt d\u0131\u015f\u0131nda daha geni\u015f kitlelere ula\u015ft\u0131r\u0131lmas\u0131 amac\u0131yla k\u00fclt\u00fcr-sanat faaliyetlerini desteklemeye devam ediyor. Limak, \u0130spanya\u2019n\u0131n Barselona \u015fehrindeki d\u00fcnyaca \u00fcnl\u00fc Palau de la M\u00fasica Catalana\u2019n\u0131n (Katalan M\u00fczik Saray\u0131) resmi destek\u00e7ileri aras\u0131na kat\u0131ld\u0131 Limak ile Orfe\u00f3 Catal\u00e0-Palau de la M\u00fasica Catalana Vakf\u0131 aras\u0131nda imzalanan i\u015f birli\u011fi [&hellip;]<\/p>\n","protected":false},"author":1,"featured_media":2575,"comment_status":"open","ping_status":"open","sticky":false,"template":"","format":"standard","meta":{"footnotes":""},"categories":[10,3],"tags":[],"class_list":["post-2573","post","type-post","status-publish","format-standard","has-post-thumbnail","hentry","category-kultur-sanat-sergi","category-son-haberler"],"_links":{"self":[{"href":"https:\/\/famelifemagazin.com\/index.php?rest_route=\/wp\/v2\/posts\/2573","targetHints":{"allow":["GET"]}}],"collection":[{"href":"https:\/\/famelifemagazin.com\/index.php?rest_route=\/wp\/v2\/posts"}],"about":[{"href":"https:\/\/famelifemagazin.com\/index.php?rest_route=\/wp\/v2\/types\/post"}],"author":[{"embeddable":true,"href":"https:\/\/famelifemagazin.com\/index.php?rest_route=\/wp\/v2\/users\/1"}],"replies":[{"embeddable":true,"href":"https:\/\/famelifemagazin.com\/index.php?rest_route=%2Fwp%2Fv2%2Fcomments&post=2573"}],"version-history":[{"count":1,"href":"https:\/\/famelifemagazin.com\/index.php?rest_route=\/wp\/v2\/posts\/2573\/revisions"}],"predecessor-version":[{"id":2576,"href":"https:\/\/famelifemagazin.com\/index.php?rest_route=\/wp\/v2\/posts\/2573\/revisions\/2576"}],"wp:featuredmedia":[{"embeddable":true,"href":"https:\/\/famelifemagazin.com\/index.php?rest_route=\/wp\/v2\/media\/2575"}],"wp:attachment":[{"href":"https:\/\/famelifemagazin.com\/index.php?rest_route=%2Fwp%2Fv2%2Fmedia&parent=2573"}],"wp:term":[{"taxonomy":"category","embeddable":true,"href":"https:\/\/famelifemagazin.com\/index.php?rest_route=%2Fwp%2Fv2%2Fcategories&post=2573"},{"taxonomy":"post_tag","embeddable":true,"href":"https:\/\/famelifemagazin.com\/index.php?rest_route=%2Fwp%2Fv2%2Ftags&post=2573"}],"curies":[{"name":"wp","href":"https:\/\/api.w.org\/{rel}","templated":true}]}}