{"id":2496,"date":"2024-05-23T07:01:17","date_gmt":"2024-05-23T07:01:17","guid":{"rendered":"https:\/\/famelifemagazin.com\/?p=2496"},"modified":"2024-05-23T07:01:18","modified_gmt":"2024-05-23T07:01:18","slug":"sektor-istanbul-turizm-fuari-icin-gun-sayiyor","status":"publish","type":"post","link":"https:\/\/famelifemagazin.com\/?p=2496","title":{"rendered":"Sekt\u00f6r \u0130stanbul Turizm Fuar\u0131 \u0130\u00e7in G\u00fcn Say\u0131yor&#8230;"},"content":{"rendered":"\n<p><strong>TURIZMIN PROFESYONELLER\u0130 ITF\u2019DE BULU\u015eUYOR<\/strong>&#8230;<\/p>\n\n\n\n<p><strong>Turizm sekt\u00f6r\u00fcn\u00fcn t\u00fcm renklerini bulu\u015fturan ITF\u2019ye talep katland\u0131. Ge\u00e7en y\u0131l ilki d\u00fczenlenen fuar\u0131n b\u00fcy\u00fck ses getirdi\u011fini belirten Dream Project Y\u00f6netim Kurulu \u00dcyesi ve CEO\u2019su Volkan Ataman, \u201cSekt\u00f6r\u00fcn yol haritas\u0131 bu fuarda \u00e7izilecek\u201d dedi.<\/strong><\/p>\n\n\n\n<p>\u0130lk kez ge\u00e7en y\u0131l d\u00fczenlenen \u0130stanbul Turizm Fuar\u0131 (ITF), sekt\u00f6r\u00fcn en \u00f6nemli fuarlar\u0131 aras\u0131nda yerini almay\u0131 ba\u015fard\u0131. \u201cTurizm sekt\u00f6r\u00fc t\u00fcm renkleriyle bir araya geliyor\u201d mottosuyla yola \u00e7\u0131kan ITF, sekt\u00f6r oyuncular\u0131n\u0131n en g\u00fc\u00e7l\u00fc bulu\u015fma adresi halini ald\u0131. Ge\u00e7en y\u0131l sa\u011flanan g\u00fc\u00e7l\u00fc i\u015fbirlikleriyle 2024 turizminin yol haritas\u0131n\u0131n da \u00e7izildi\u011fi \u0130stanbul Turizm Fuar\u0131\u2019n\u0131n ikincisi i\u00e7in haz\u0131rl\u0131klar ba\u015flad\u0131. <\/p>\n\n\n\n<p>9-10 Ekim 2024 tarihlerinde d\u00fczenlenecek olan fuara olu\u015fan y\u00fcksek talep ITF\u2019yi yeni adresine ta\u015f\u0131d\u0131. Artan taleple birlikte 10 bin metrekarelik bir alana sahip olan Yenikap\u0131-Avrasya G\u00f6steri ve Sanat Merkezi\u2019nde d\u00fczenlenecek olan fuar, sekt\u00f6r\u00fcn t\u00fcm oyuncular\u0131n\u0131 bulu\u015fturacak. Fuarla e\u015f zamanl\u0131 d\u00fczenlenecek olan \u2018Turizm Zirvesi\u2019nde sekt\u00f6r de\u011ferlendirmesi ve yeni d\u00f6nem vizyonu ele al\u0131n\u0131rken, 9 Ekim ak\u015fam\u0131 Swissotel The Bosphorus \u0130stanbul\u2019da ger\u00e7ekle\u015ftirilecek olan ITF Gala party ile sekt\u00f6r payda\u015flar\u0131 hem yorgunluk atacak hem de network\u00fcn\u00fc geni\u015fletecek.<\/p>\n\n\n\n<p><strong>SEKT\u00d6R\u00dcN YOL HAR\u0130TASI \u00c7\u0130Z\u0130LECEK<\/strong><\/p>\n\n\n\n<p>Swissotel The Bosphorus \u0130stanbul\u2019da da d\u00fczenenlenen bas\u0131n toplant\u0131s\u0131nda yeni i\u015f ortaklar\u0131 bulmak ve mevcut i\u015f ortaklar\u0131 ile i\u015f birli\u011fini art\u0131rmak amac\u0131yla ge\u00e7en y\u0131l ilk kez ITF\u2019yi d\u00fczenlediklerini anlatan Dream Project Y\u00f6netim Kurulu \u00dcyesi ve CEO\u2019su Volkan Ataman, \u201cSadece sekt\u00f6r profesyonellerini a\u011f\u0131rlad\u0131\u011f\u0131m\u0131z fuarda \u00e7ok g\u00fc\u00e7l\u00fc i\u015fbirliklerine imza at\u0131ld\u0131. \u2018Turizm sekt\u00f6r\u00fc t\u00fcm renkleriyle bir araya geliyor\u2019 mottosuyla yola \u00e7\u0131kt\u0131\u011f\u0131m\u0131z ITF ilk y\u0131l\u0131na ra\u011fmen sekt\u00f6rde b\u00fcy\u00fck ses getirdi. <\/p>\n\n\n\n<p>O nedenle ikincisi i\u00e7in \u00e7ok g\u00fc\u00e7l\u00fc bir talep olu\u015ftu. Bu y\u0131l ki fuar\u0131m\u0131z \u00e7ok daha g\u00fczel i\u015fbirliklerine vesile olacak. Sekt\u00f6r\u00fcn yol haritas\u0131 bu fuarda \u00e7izilecek\u201d dedi. \u0130ki g\u00fcn s\u00fcrecek fuarda 15 binin \u00fczerinde profesyonel ziyaret\u00e7inin bir araya gelece\u011fini aktaran Ataman, \u201cUluslararas\u0131 hosted buyer program\u0131m\u0131z ile potansiyel acente ve tur operat\u00f6rleri 3 g\u00fcn \u0130stanbul\u2019da en \u00fcst d\u00fczeyde a\u011f\u0131rlayarak ve destinasyonumuzu tan\u0131tarak kat\u0131l\u0131mc\u0131lar\u0131m\u0131zla bir araya getirece\u011fiz. <\/p>\n\n\n\n<p>Avrupa\u2019n\u0131n en se\u00e7kin ve lider tur operat\u00f6rlerinin \u00fcst d\u00fczey y\u00f6neticilerinin kat\u0131l\u0131m\u0131yla ger\u00e7ekle\u015fecek programda BDT pazar\u0131, Orta ve Kuzey Avrupa, Amerika k\u0131tas\u0131, Asya, Uzakdo\u011fu, Okyanusya, Afrika, G\u00fcney ve Do\u011fu Avrupa pazarlar\u0131ndan T\u00fcrkiye\u2019yi hedefleyen potansiyel tur operat\u00f6rleri, outgoing acenteleri, Luxury travel ve incentive firmalar\u0131 bir araya geliyor. Kat\u0131l\u0131mc\u0131lar\u0131m\u0131z hem hosted buyerlarla hem de profesyonel ziyaret\u00e7ilerle 8 binin \u00fczerinde B2B g\u00f6r\u00fc\u015fmeler yaparak ticari hacimlerine ve tan\u0131t\u0131mlar\u0131na ciddi katk\u0131lar sa\u011flayacak\u201d diye konu\u015ftu.<\/p>\n\n\n\n<p>\u0130stanbul Turizm Fuar\u0131\u2019n\u0131n \u00fclkemizin tan\u0131t\u0131m\u0131na ve k\u00fcresel i\u015f birliklerinin geli\u015ftirilmesine vesile olmas\u0131 temennisinde bulunan T\u00fcrkiye Otelciler Birli\u011fi Ba\u015fkan\u0131 M\u00fcberra Eresin, \u201cT\u00fcrkiye\u2019nin turizm alan\u0131nda en \u00f6nemli fuarlar\u0131ndan biri olma yolundaki \u0130stanbul Turizm Fuar\u0131\u2019n\u0131n gelecekte daha ileriye giderek \u00fclkemizin turizmi ve tan\u0131t\u0131m\u0131n\u0131 \u00f6nemli bir noktaya getirmesini bekliyoruz.\u00a0 \u0130stanbul Turizm Fuar\u0131, d\u00fcnyan\u0131n bir\u00e7ok noktas\u0131ndan turizm profesyonellerini bulu\u015fturman\u0131n yan\u0131 s\u0131ra turizm pazar\u0131n\u0131 canland\u0131rmak \u00fczere yeni \u00fcr\u00fcn ve destinasyonlar\u0131n tan\u0131t\u0131m\u0131n\u0131n yap\u0131ld\u0131\u011f\u0131, sekt\u00f6r\u00fcm\u00fcz a\u00e7\u0131s\u0131ndan \u00f6nemli bir mecra konumdad\u0131r\u201d dedi. <\/p>\n\n\n\n<p>Fuar\u0131n \u00fclkeler aras\u0131 turizm ili\u015fkilerinin de geli\u015fmesine \u00f6nemli katk\u0131lar sunaca\u011f\u0131na inand\u0131klar\u0131n belirten Eresin, Fuar kapsam\u0131nda \u00f6zellikle yurtd\u0131\u015f\u0131ndan \u00fclkemize gelecek profesyonel sat\u0131n almac\u0131lar\u0131n, yani \u2018hosted buyer\u2019lar\u0131n \u00fclkemizde faaliyet g\u00f6steren sekt\u00f6r mensuplar\u0131yla g\u00f6r\u00fc\u015ferek kar\u015f\u0131l\u0131kl\u0131 geli\u015ftirecekleri i\u015f birliklerinin b\u00f6lgeler aras\u0131 kalk\u0131nmaya destek olaca\u011f\u0131 gibi turizm potansiyelimizin geli\u015ftirilmesine, T\u00fcrkiye\u2019nin tan\u0131t\u0131lmas\u0131 ve pazarlanmas\u0131na destek olmas\u0131n\u0131 bekliyoruz\u201d dedi.<\/p>\n\n\n\n<p>Bas\u0131n toplant\u0131s\u0131nda konu\u015fma yapan Akdeniz Turistik Otelciler Ve \u0130\u015fletmeciler Birli\u011fi Ba\u015fkan\u0131 Kaan Ka\u015fif Kavalo\u011flu, \u201cTurizm fuarlar\u0131 aras\u0131nda ge\u00e7en y\u0131l yerini alan \u0130stanbul Turizm Fuar\u0131 ilk kez yap\u0131lm\u0131\u015f olmas\u0131na ra\u011fmen ba\u015far\u0131l\u0131 bir performansla bu y\u0131l yeniden d\u00fczenleniyor.\u00a0\u00a0 T\u00fcm payda\u015flar\u0131m\u0131zla bir araya gelmemize olanak sa\u011flayacak uluslararas\u0131 bir nitelik kazand\u0131. <\/p>\n\n\n\n<p>D\u00fcnyada profesy\u00f6nel fuarlar varl\u0131\u011f\u0131n\u0131 daha g\u00fc\u00e7l\u00fc bir \u015fekilde s\u00fcrd\u00fcr\u00fcyor. T\u00fcketicilerin \u00f6zellikle online\u2019a y\u00f6nelmesiyle, B2B organizasyonlar turizm sekt\u00f6r\u00fc \u00f6zellikle konaklama sekt\u00f6r\u00fc i\u00e7in b\u00fcy\u00fck \u00f6nem ta\u015f\u0131maya ba\u015flad\u0131.\u201d dedi. Kavalo\u011flu, \u201cT\u00fcrkiye turizminin bug\u00fcn geldi\u011fi noktaya bakt\u0131\u011f\u0131m\u0131zda fuar organizasyonlar\u0131n\u0131n turizm hacmimizle paralel bir profesy\u00f6nellikte ve say\u0131da olmas\u0131 gerekiyordu.\u00a0 2023 y\u0131l\u0131nda bu y\u00f6ndeki beklentiyi kar\u015f\u0131layan ITF&#8217;nin, olduk\u00e7a verimli ve profesyonel yap\u0131s\u0131 bu fuar\u0131n sekt\u00f6r temsilcilerinin uluslararas\u0131 bulu\u015fma noktas\u0131 olaca\u011f\u0131na inan\u0131yoruz\u201d diyerek s\u00f6zlerini s\u00fcrd\u00fcrd\u00fc.<\/p>\n\n\n\n<p>Bas\u0131n toplant\u0131s\u0131nda s\u00f6z alan, T\u00fcrsab Y\u00f6netim Kurulu \u00dcyesi Y\u0131ld\u0131r\u0131m Ta\u015f ise \u201cSeyahat acentalar\u0131 ve tur operat\u00f6rlerinden otellere, MICE \u015firketlerinden, Kongre B\u00fcrolar\u0131na, IT ve Teknoloji firmalar\u0131ndan ula\u015ft\u0131rmac\u0131lara kadar turizm sekt\u00f6r\u00fcn\u00fcn t\u00fcm alanlar\u0131n\u0131 kapsayan \u00e7ok geni\u015f yelpazeden kat\u0131l\u0131mc\u0131lar\u0131 bir araya getirecek olan \u0130stanbul Turizm Fuar\u0131\u2019n\u0131n, sekt\u00f6r\u00fcm\u00fcze yeni bir soluk kazand\u0131raca\u011f\u0131na y\u00fcrekten inan\u0131yorum. Bunda \u015f\u00fcphesiz ki uzun y\u0131llardan bu yana turizme \u00e7ok b\u00fcy\u00fck hizmetlerde bulunan de\u011ferli meslekta\u015f\u0131m Say\u0131n Mete Vardar\u2019\u0131n ve Volkan Ataman\u2019\u0131n k\u0131ymetli \u00e7al\u0131\u015fmalar\u0131n\u0131n b\u00fcy\u00fck katk\u0131s\u0131 olacak\u201d dedi. <\/p>\n\n\n\n<p>T\u00dcRSAB olarak fuar\u0131 destekleyeceklerine dikkat \u00e7eken Ta\u015f, \u201cyar\u0131m asr\u0131 a\u015fan deneyim ve T\u00fcrkiye\u2019nin en k\u00f6kl\u00fc turizm meslek \u00f6rg\u00fct\u00fc olman\u0131n getirdi\u011fi sorumlulukla T\u00dcRSAB olarak biz de ge\u00e7mi\u015fte oldu\u011fu gibi bundan sonra da \u00fclkemiz turizminin geli\u015fimine fayda sa\u011flayan, de\u011fer katan t\u00fcm etkinliklere katk\u0131 sunmaya devam edece\u011fiz. Bu \u00e7er\u00e7evede T\u00fcrkiye Seyahat Acentalar\u0131 Birli\u011fi olarak bu y\u0131l ikinci kez ger\u00e7ekle\u015ftirilecek olan \u0130stanbul Turizm Fuar\u0131\u2019na destek vermekten b\u00fcy\u00fck mutluluk duydu\u011fumuzu ifade etmek istiyorum\u201d dedi.<\/p>\n\n\n\n<p><strong>TALEB\u0130N 1.5 KAT ARTMASI BEKLEN\u0130YOR<\/strong><\/p>\n\n\n\n<p>Ge\u00e7en y\u0131l \u0130stanbul Fuar Merkezi\u2019nde 3 bin 712 metrekare alanda d\u00fczenlenen ITF\u2019ye ilk kez d\u00fczenleniyor olmas\u0131na ra\u011fmen 13 bin 500 turizm profesyoneli ziyaret etmi\u015f, 50 \u00fclkeden 250 sat\u0131n al\u0131c\u0131 hosted buyer olarak yer alm\u0131\u015ft\u0131. Ziyaret\u00e7i, stantl\u0131 kat\u0131l\u0131mc\u0131 ve hosted buyerlar\u0131n online randevu sistemi ile ald\u0131klar\u0131 toplant\u0131lar neticesinde fuarda 6 bin 500 B2B g\u00f6r\u00fc\u015fme yap\u0131ld\u0131. Ge\u00e7en y\u0131la g\u00f6re talebin 1.5 kat artmas\u0131 beklenen fuara, yeni firmalar da kat\u0131l\u0131rken ge\u00e7en y\u0131lki kat\u0131l\u0131mc\u0131lar da daha b\u00fcy\u00fck metrekarelerde yer alacak. 15 binin \u00fczerinde turizm profesyonelinin ziyaret edece\u011fi fuarda otel ve acente kontartlar\u0131 yap\u0131l\u0131rken erken rezervasyon kampanyalar\u0131n\u0131n start\u0131 burada verilecek ve &nbsp;yeni sezon anla\u015fmalar\u0131n\u0131n ilk imzas\u0131 da burada at\u0131lacak.<\/p>\n\n\n\n<p><strong>ANAHTAR TESL\u0130M STANTLAR<\/strong><\/p>\n\n\n\n<p>Yeniliklere de imza at\u0131lan ITF\u2019de, sekt\u00f6r temsilcileri, firmalar\u0131n fuar kat\u0131l\u0131mlar\u0131 tek tip konseptte haz\u0131rlanan stantlarda olacak. Stantlarda kat\u0131l\u0131mc\u0131 firmalar\u0131n ihtiyac\u0131 olan t\u00fcm dekor, teknik, toplant\u0131 odalar\u0131, bask\u0131 ve hal\u0131 ile anahtar teslim verilecek. B\u00f6ylece kat\u0131l\u0131mc\u0131lar\u0131n daha ekonomik ve \u015f\u0131k stant ile fuara kat\u0131l\u0131m\u0131 sa\u011flanm\u0131\u015f olacak. Bu sistem ile firmalar aras\u0131ndaki stant rekabeti ortadan kalkarken firmalar\u0131n stant haz\u0131rl\u0131klar\u0131 i\u00e7in harcayacaklar\u0131 zaman ve maliyet faydas\u0131 sa\u011flanm\u0131\u015f olacak. Stantlar&nbsp; 9 metrekareden 400 metrekareye kadar her alan i\u00e7in sunulabilecek.<\/p>\n\n\n\n<p><strong>ULUSLARARASI KONU\u015eMACILAR Z\u0130RVEDE<\/strong><\/p>\n\n\n\n<p>Fuarla e\u015f zamanl\u0131 olarak ger\u00e7ekle\u015ftirilecek \u2018Turizm Zirvesi\u2019 nde\u00a0 bu sene 7 ayr\u0131 konu ba\u015fl\u0131\u011f\u0131nda ulusal ve uluslararas\u0131 bir \u00e7ok \u00f6nemli konu\u015fmac\u0131 yer alacak. Sekt\u00f6rdeki sorunlar,\u00a0turizmin yeni trendleri, d\u00fcnya turizm g\u00fcndemi gibi konular masaya yat\u0131r\u0131laca\u011f\u0131 zirve sahnesiyle de \u00e7ok konu\u015fulacak. 9 Ekim ak\u015fam\u0131 Swissotel The Bosphorus \u0130stanbul\u2019da ger\u00e7ekle\u015ftirilecek ITF Gala party ile kat\u0131l\u0131mc\u0131 ve hosted buyerlarlar e\u011flenirken networklerine de devam ediyor olacak.<\/p>\n\n\n\n<figure class=\"wp-block-image size-large\"><img loading=\"lazy\" decoding=\"async\" width=\"1024\" height=\"654\" src=\"https:\/\/famelifemagazin.com\/wp-content\/uploads\/2024\/05\/Volkan-bey-1024x654.jpg\" alt=\"\" class=\"wp-image-2497\" srcset=\"https:\/\/famelifemagazin.com\/wp-content\/uploads\/2024\/05\/Volkan-bey-1024x654.jpg 1024w, https:\/\/famelifemagazin.com\/wp-content\/uploads\/2024\/05\/Volkan-bey-300x192.jpg 300w, https:\/\/famelifemagazin.com\/wp-content\/uploads\/2024\/05\/Volkan-bey-768x491.jpg 768w, https:\/\/famelifemagazin.com\/wp-content\/uploads\/2024\/05\/Volkan-bey.jpg 1407w\" sizes=\"auto, (max-width: 1024px) 100vw, 1024px\" \/><\/figure>\n","protected":false},"excerpt":{"rendered":"<p>TURIZMIN PROFESYONELLER\u0130 ITF\u2019DE BULU\u015eUYOR&#8230; Turizm sekt\u00f6r\u00fcn\u00fcn t\u00fcm renklerini bulu\u015fturan ITF\u2019ye talep katland\u0131. Ge\u00e7en y\u0131l ilki d\u00fczenlenen fuar\u0131n b\u00fcy\u00fck ses getirdi\u011fini belirten Dream Project Y\u00f6netim Kurulu \u00dcyesi ve CEO\u2019su Volkan Ataman, \u201cSekt\u00f6r\u00fcn yol haritas\u0131 bu fuarda \u00e7izilecek\u201d dedi. \u0130lk kez ge\u00e7en y\u0131l d\u00fczenlenen \u0130stanbul Turizm Fuar\u0131 (ITF), sekt\u00f6r\u00fcn en \u00f6nemli fuarlar\u0131 aras\u0131nda yerini almay\u0131 ba\u015fard\u0131. \u201cTurizm [&hellip;]<\/p>\n","protected":false},"author":1,"featured_media":2498,"comment_status":"open","ping_status":"open","sticky":false,"template":"","format":"standard","meta":{"footnotes":""},"categories":[13,3],"tags":[],"class_list":["post-2496","post","type-post","status-publish","format-standard","has-post-thumbnail","hentry","category-fuar-etkinlik-kongre","category-son-haberler"],"_links":{"self":[{"href":"https:\/\/famelifemagazin.com\/index.php?rest_route=\/wp\/v2\/posts\/2496","targetHints":{"allow":["GET"]}}],"collection":[{"href":"https:\/\/famelifemagazin.com\/index.php?rest_route=\/wp\/v2\/posts"}],"about":[{"href":"https:\/\/famelifemagazin.com\/index.php?rest_route=\/wp\/v2\/types\/post"}],"author":[{"embeddable":true,"href":"https:\/\/famelifemagazin.com\/index.php?rest_route=\/wp\/v2\/users\/1"}],"replies":[{"embeddable":true,"href":"https:\/\/famelifemagazin.com\/index.php?rest_route=%2Fwp%2Fv2%2Fcomments&post=2496"}],"version-history":[{"count":1,"href":"https:\/\/famelifemagazin.com\/index.php?rest_route=\/wp\/v2\/posts\/2496\/revisions"}],"predecessor-version":[{"id":2499,"href":"https:\/\/famelifemagazin.com\/index.php?rest_route=\/wp\/v2\/posts\/2496\/revisions\/2499"}],"wp:featuredmedia":[{"embeddable":true,"href":"https:\/\/famelifemagazin.com\/index.php?rest_route=\/wp\/v2\/media\/2498"}],"wp:attachment":[{"href":"https:\/\/famelifemagazin.com\/index.php?rest_route=%2Fwp%2Fv2%2Fmedia&parent=2496"}],"wp:term":[{"taxonomy":"category","embeddable":true,"href":"https:\/\/famelifemagazin.com\/index.php?rest_route=%2Fwp%2Fv2%2Fcategories&post=2496"},{"taxonomy":"post_tag","embeddable":true,"href":"https:\/\/famelifemagazin.com\/index.php?rest_route=%2Fwp%2Fv2%2Ftags&post=2496"}],"curies":[{"name":"wp","href":"https:\/\/api.w.org\/{rel}","templated":true}]}}