{"id":2484,"date":"2024-05-18T09:23:59","date_gmt":"2024-05-18T09:23:59","guid":{"rendered":"https:\/\/famelifemagazin.com\/?p=2484"},"modified":"2024-05-18T09:26:14","modified_gmt":"2024-05-18T09:26:14","slug":"yarginin-yildizi-pinar-deniz-cannesa-damga-vurdu","status":"publish","type":"post","link":"https:\/\/famelifemagazin.com\/?p=2484","title":{"rendered":"Yarg\u0131&#8217;n\u0131n y\u0131ld\u0131z\u0131 P\u0131nar Deniz Cannes&#8217;a damga vurdu!"},"content":{"rendered":"\n<p><strong>Her giydi\u011fi olay oldu! Yarg\u0131&#8217;n\u0131n y\u0131ld\u0131z\u0131 P\u0131nar Deniz Cannes&#8217;a damga vurdu! <\/strong><\/p>\n\n\n\n<p><strong>Bu y\u0131l 77\u2019ncisi d\u00fczenlenen Uluslararas\u0131 Cannes Film Festivali\u2019ne T\u00fcrk oyuncular adeta \u00e7\u0131karma yapt\u0131. Birbirinden iddial\u0131 k\u0131yafetleri ile k\u0131rm\u0131z\u0131 hal\u0131da boy g\u00f6steren isimlerden biri de Yarg\u0131 dizisinde hayat verdi\u011fi &#8216;Ceylin&#8217; karakteri ile b\u00fcy\u00fck be\u011feni toplayan\u00a0P\u0131nar Deniz\u00a0oldu. Deniz, maviler i\u00e7indeki kombini ile takip\u00e7ilerinden tam not ald\u0131.<\/strong><a href=\"https:\/\/www.mynet.com\/profil\/oznur-yasli-ikier-52513\" target=\"_blank\" rel=\"noreferrer noopener\"><\/a><\/p>\n\n\n\n<p><a href=\"mailto:?subject=Her%20giydi%C4%9Fi%20olay%20oldu!%20Yarg%C4%B1%27n%C4%B1n%20y%C4%B1ld%C4%B1z%C4%B1%20P%C4%B1nar%20Deniz%20Cannes%27a%20damga%20vurdu!%20haberi%20ile%20ilgili&amp;body=Her%20giydi%C4%9Fi%20olay%20oldu!%20Yarg%C4%B1%27n%C4%B1n%20y%C4%B1ld%C4%B1z%C4%B1%20P%C4%B1nar%20Deniz%20Cannes%27a%20damga%20vurdu!%0A%0A%20Bu%20y%C4%B1l%2077%E2%80%99ncisi%20d%C3%BCzenlenen%20Uluslararas%C4%B1%20Cannes%20Film%20Festivali%E2%80%99ne%20T%C3%BCrk%20oyuncular%20adeta%20%C3%A7%C4%B1karma%20yapt%C4%B1.%20Birbirinden%20iddial%C4%B1%20k%C4%B1yafetleri%20ile%20k%C4%B1rm%C4%B1z%C4%B1%20hal%C4%B1da%20boy%20g%C3%B6steren%20isimlerden%20biri%20de%20Yarg%C4%B1%20dizisinde%20hayat%20verdi%C4%9Fi%20%27Ceylin%27%20karakteri%20ile%20b%C3%BCy%C3%BCk%20be%C4%9Feni%20toplayan%20P%C4%B1nar%20Deniz%20oldu.%20Deniz,%20maviler%20i%C3%A7indeki%20kombini%20ile%20takip%C3%A7ilerinden%20tam%20not%20ald%C4%B1.%20%0A%0A%20https:\/\/www.mynet.com\/her-giydigi-olay-oldu-yargi-nin-yildizi-pinar-deniz-cannes-a-damga-vurdu-503327-mymagazin\"><\/a><\/p>\n\n\n\n<figure class=\"wp-block-image\"><img decoding=\"async\" src=\"https:\/\/imgrosetta.mynet.com.tr\/file\/18803480\/7b2270726f63657373223a7b2274797065223a22666f637573222c22636f6f7264696e61746573223a7b2278223a22302e3132222c2279223a22302e3631227d7d7d\/18803480-728xauto.png\" alt=\"Her giydi\u011fi olay oldu! Yarg\u0131'n\u0131n y\u0131ld\u0131z\u0131 P\u0131nar Deniz Cannes'a damga vurdu!\"\/><\/figure>\n\n\n\n<p>Kanal D\u2019nin sevilen dizisi Yarg\u0131\u2019da hayat verdi\u011fi &#8216;Ceylin Erguvan&#8217; karakteri ile b\u00fcy\u00fck be\u011feni toplayan P\u0131nar Deniz, bu y\u0131l 77\u2019ncisi d\u00fczenlenen Cannes Film Festivali\u2019nin onur konu\u011fu oldu.<\/p>\n\n\n\n<p>Festivalde birbirinden iddial\u0131 k\u0131yafetler giyen P\u0131nar Deniz son kombini ile yine dikkat \u00e7ekti.<\/p>\n\n\n<div class=\"wp-block-image\">\n<figure class=\"aligncenter\"><img decoding=\"async\" src=\"https:\/\/imgrosetta.mynet.com.tr\/file\/18803478\/640xauto.jpg\" alt=\"p\u0131nar deniz 1\"\/><\/figure>\n<\/div>\n\n\n<p>Son olarak mavi payetli bir kombin yapan P\u0131nar Deniz bu tarz\u0131 ile deniz k\u0131z\u0131na benzetildi. Deniz&#8217;in pe\u015f pe\u015fe payla\u015ft\u0131\u011f\u0131 karelerine binlerce be\u011feni ve yorum ya\u011fd\u0131.<\/p>\n\n\n<div class=\"wp-block-image\">\n<figure class=\"aligncenter\"><img decoding=\"async\" src=\"https:\/\/imgrosetta.mynet.com.tr\/file\/18803476\/640xauto.jpg\" alt=\"p\u0131nar deniz 2\"\/><\/figure>\n<\/div>\n\n\n<h3 class=\"wp-block-heading\">YORUM YA\u011eDI<\/h3>\n\n\n\n<p>\u00dcnl\u00fc isme sosyal medyada; &#8216;\u00c7ok g\u00fczel g\u00f6r\u00fcn\u00fcyorsun&#8217;, &#8216;\u0130\u015fte bu. Harika olmu\u015fsun&#8217;, &#8216;Di\u011fer kombinlerinden \u00e7ok g\u00fczel&#8217;, &#8216;Resmen deniz k\u0131z\u0131&#8217; gibi yorumlar yap\u0131ld\u0131.<\/p>\n\n\n<div class=\"wp-block-image\">\n<figure class=\"aligncenter\"><img decoding=\"async\" src=\"https:\/\/imgrosetta.mynet.com.tr\/file\/18803475\/640xauto.jpg\" alt=\"p\u0131nar deniz 3\"\/><\/figure>\n<\/div>\n\n\n<p><a href=\"https:\/\/www.mynet.com\/kizilcik-serbeti-nin-gorkem-i-ozge-ozacar-cannes-tarziyla-olay-oldu-bakan-bir-daha-bakti-503324-mymagazin\" target=\"_blank\" rel=\"noreferrer noopener\"><\/a><\/p>\n","protected":false},"excerpt":{"rendered":"<p>Her giydi\u011fi olay oldu! Yarg\u0131&#8217;n\u0131n y\u0131ld\u0131z\u0131 P\u0131nar Deniz Cannes&#8217;a damga vurdu! Bu y\u0131l 77\u2019ncisi d\u00fczenlenen Uluslararas\u0131 Cannes Film Festivali\u2019ne T\u00fcrk oyuncular adeta \u00e7\u0131karma yapt\u0131. Birbirinden iddial\u0131 k\u0131yafetleri ile k\u0131rm\u0131z\u0131 hal\u0131da boy g\u00f6steren isimlerden biri de Yarg\u0131 dizisinde hayat verdi\u011fi &#8216;Ceylin&#8217; karakteri ile b\u00fcy\u00fck be\u011feni toplayan\u00a0P\u0131nar Deniz\u00a0oldu. Deniz, maviler i\u00e7indeki kombini ile takip\u00e7ilerinden tam not ald\u0131. [&hellip;]<\/p>\n","protected":false},"author":1,"featured_media":2486,"comment_status":"open","ping_status":"open","sticky":false,"template":"","format":"standard","meta":{"footnotes":""},"categories":[4,3],"tags":[],"class_list":["post-2484","post","type-post","status-publish","format-standard","has-post-thumbnail","hentry","category-magazin","category-son-haberler"],"_links":{"self":[{"href":"https:\/\/famelifemagazin.com\/index.php?rest_route=\/wp\/v2\/posts\/2484","targetHints":{"allow":["GET"]}}],"collection":[{"href":"https:\/\/famelifemagazin.com\/index.php?rest_route=\/wp\/v2\/posts"}],"about":[{"href":"https:\/\/famelifemagazin.com\/index.php?rest_route=\/wp\/v2\/types\/post"}],"author":[{"embeddable":true,"href":"https:\/\/famelifemagazin.com\/index.php?rest_route=\/wp\/v2\/users\/1"}],"replies":[{"embeddable":true,"href":"https:\/\/famelifemagazin.com\/index.php?rest_route=%2Fwp%2Fv2%2Fcomments&post=2484"}],"version-history":[{"count":1,"href":"https:\/\/famelifemagazin.com\/index.php?rest_route=\/wp\/v2\/posts\/2484\/revisions"}],"predecessor-version":[{"id":2485,"href":"https:\/\/famelifemagazin.com\/index.php?rest_route=\/wp\/v2\/posts\/2484\/revisions\/2485"}],"wp:featuredmedia":[{"embeddable":true,"href":"https:\/\/famelifemagazin.com\/index.php?rest_route=\/wp\/v2\/media\/2486"}],"wp:attachment":[{"href":"https:\/\/famelifemagazin.com\/index.php?rest_route=%2Fwp%2Fv2%2Fmedia&parent=2484"}],"wp:term":[{"taxonomy":"category","embeddable":true,"href":"https:\/\/famelifemagazin.com\/index.php?rest_route=%2Fwp%2Fv2%2Fcategories&post=2484"},{"taxonomy":"post_tag","embeddable":true,"href":"https:\/\/famelifemagazin.com\/index.php?rest_route=%2Fwp%2Fv2%2Ftags&post=2484"}],"curies":[{"name":"wp","href":"https:\/\/api.w.org\/{rel}","templated":true}]}}