{"id":2473,"date":"2024-05-17T12:05:05","date_gmt":"2024-05-17T12:05:05","guid":{"rendered":"https:\/\/famelifemagazin.com\/?p=2473"},"modified":"2024-05-17T12:10:57","modified_gmt":"2024-05-17T12:10:57","slug":"2473","status":"publish","type":"post","link":"https:\/\/famelifemagazin.com\/?p=2473","title":{"rendered":"Yeti\u015fkinler Artistik Buz Pateni Yar\u0131\u015fmas\u0131\u2019na Kat\u0131lan Milli Sporcular\u0131m\u0131z Naz Ar\u0131c\u0131 ve Elif S\u0131rma&#8230;"},"content":{"rendered":"\n<h5 class=\"wp-block-heading\">Uluslararas\u0131 Yeti\u015fkinler Artistik Buz Pateni Yar\u0131\u015fmas\u0131\u2019nda milli sporcular\u0131m\u0131z Naz Ar\u0131c\u0131 ve Elif S\u0131rma \u00d6zel\u2019e g\u00fcm\u00fc\u015f madalya! Almanya&#8217;da d\u00fczenlenen 2024 Uluslararas\u0131 Yeti\u015fkinler Artistik Buz Pateni Yar\u0131\u015fmas\u0131\u2019na kat\u0131lan milli sporcular\u0131m\u0131z Naz Ar\u0131c\u0131 ve Elif S\u0131rma \u00d6zel g\u00fcm\u00fc\u015f madalyayla yurda d\u00f6nd\u00fc.<\/h5>\n\n\n\n<p>Uluslararas\u0131 Buz Pateni Federasyonu taraf\u0131ndan Almanya\u2019da d\u00fczenlenen 2024 Uluslararas\u0131 Yeti\u015fkinler Artistik Buz Pateni Yar\u0131\u015fmas\u0131\u2019nda T\u00fcrk sporcular iki g\u00fcm\u00fc\u015f madalya kazand\u0131.<\/p>\n\n\n\n<p>Almanya\u2019da 12-17 May\u0131s tarihleri aras\u0131nda d\u00fczenlenen 2024 Uluslararas\u0131 Yeti\u015fkinler Artistik Buz Pateni Yar\u0131\u015fmas\u0131\u2019nda Timu\u00e7in \u00d6zb\u00fck\u00fcc\u00fc antren\u00f6rl\u00fc\u011f\u00fcnde T\u00fcrkiye\u2019yi temsil eden Masterlar K\u0131\u015f Oyunlar\u0131 D\u00fcnya \u015eampiyonu Naz Ar\u0131c\u0131, Alt\u0131n Kad\u0131nlar kategorisinde; Masterlar K\u0131\u015f Oyunlar\u0131 D\u00fcnya \u00fc\u00e7\u00fcnc\u00fcs\u00fc Elif S\u0131rma \u00d6zel ise Bronz Kad\u0131nlar kategorisinde g\u00fcm\u00fc\u015f madalya kazand\u0131.<\/p>\n\n\n\n<p>Yar\u0131\u015fmada Alt\u0131n kad\u0131nlar kategorisinde birincili\u011fi \u0130ngiltere\u2019den Emily Walker, ikincili\u011fi T\u00fcrkiye\u2019den Naz Ar\u0131c\u0131 ve \u00fc\u00e7\u00fcnc\u00fcl\u00fc\u011f\u00fc Bel\u00e7ika\u2019dan Darya Manoylo kazand\u0131. Bronz Kad\u0131nlar kategorisinde ise birincili\u011fi \u0130ngiltere\u2019den Samantha Edwards, ikincili\u011fi T\u00fcrkiye\u2019den Elif S\u0131rma \u00d6zel, \u00fc\u00e7\u00fcnc\u00fcl\u00fc\u011f\u00fc de Almanya\u2019dan Monika Lustincova elde etti.<\/p>\n\n\n\n<figure class=\"wp-block-gallery has-nested-images columns-default is-cropped wp-block-gallery-1 is-layout-flex wp-block-gallery-is-layout-flex\">\n<figure class=\"wp-block-image size-large\"><img loading=\"lazy\" decoding=\"async\" width=\"768\" height=\"1024\" data-id=\"2475\" src=\"https:\/\/famelifemagazin.com\/wp-content\/uploads\/2024\/05\/a1_115742852-768x1024.jpg\" alt=\"\" class=\"wp-image-2475\" srcset=\"https:\/\/famelifemagazin.com\/wp-content\/uploads\/2024\/05\/a1_115742852-768x1024.jpg 768w, https:\/\/famelifemagazin.com\/wp-content\/uploads\/2024\/05\/a1_115742852-225x300.jpg 225w, https:\/\/famelifemagazin.com\/wp-content\/uploads\/2024\/05\/a1_115742852-1152x1536.jpg 1152w, https:\/\/famelifemagazin.com\/wp-content\/uploads\/2024\/05\/a1_115742852-1536x2048.jpg 1536w, https:\/\/famelifemagazin.com\/wp-content\/uploads\/2024\/05\/a1_115742852-scaled.jpg 1920w\" sizes=\"auto, (max-width: 768px) 100vw, 768px\" \/><\/figure>\n\n\n\n<figure class=\"wp-block-image size-large\"><img loading=\"lazy\" decoding=\"async\" width=\"768\" height=\"1024\" data-id=\"2474\" src=\"https:\/\/famelifemagazin.com\/wp-content\/uploads\/2024\/05\/a2_115742286-768x1024.jpg\" alt=\"\" class=\"wp-image-2474\" srcset=\"https:\/\/famelifemagazin.com\/wp-content\/uploads\/2024\/05\/a2_115742286-768x1024.jpg 768w, https:\/\/famelifemagazin.com\/wp-content\/uploads\/2024\/05\/a2_115742286-225x300.jpg 225w, https:\/\/famelifemagazin.com\/wp-content\/uploads\/2024\/05\/a2_115742286-1152x1536.jpg 1152w, https:\/\/famelifemagazin.com\/wp-content\/uploads\/2024\/05\/a2_115742286-1536x2048.jpg 1536w, https:\/\/famelifemagazin.com\/wp-content\/uploads\/2024\/05\/a2_115742286-scaled.jpg 1920w\" sizes=\"auto, (max-width: 768px) 100vw, 768px\" \/><\/figure>\n<\/figure>\n","protected":false},"excerpt":{"rendered":"<p>Uluslararas\u0131 Yeti\u015fkinler Artistik Buz Pateni Yar\u0131\u015fmas\u0131\u2019nda milli sporcular\u0131m\u0131z Naz Ar\u0131c\u0131 ve Elif S\u0131rma \u00d6zel\u2019e g\u00fcm\u00fc\u015f madalya! Almanya&#8217;da d\u00fczenlenen 2024 Uluslararas\u0131 Yeti\u015fkinler Artistik Buz Pateni Yar\u0131\u015fmas\u0131\u2019na kat\u0131lan milli sporcular\u0131m\u0131z Naz Ar\u0131c\u0131 ve Elif S\u0131rma \u00d6zel g\u00fcm\u00fc\u015f madalyayla yurda d\u00f6nd\u00fc. Uluslararas\u0131 Buz Pateni Federasyonu taraf\u0131ndan Almanya\u2019da d\u00fczenlenen 2024 Uluslararas\u0131 Yeti\u015fkinler Artistik Buz Pateni Yar\u0131\u015fmas\u0131\u2019nda T\u00fcrk sporcular iki [&hellip;]<\/p>\n","protected":false},"author":1,"featured_media":2476,"comment_status":"open","ping_status":"open","sticky":false,"template":"","format":"standard","meta":{"footnotes":""},"categories":[3,22],"tags":[],"class_list":["post-2473","post","type-post","status-publish","format-standard","has-post-thumbnail","hentry","category-son-haberler","category-spor"],"_links":{"self":[{"href":"https:\/\/famelifemagazin.com\/index.php?rest_route=\/wp\/v2\/posts\/2473","targetHints":{"allow":["GET"]}}],"collection":[{"href":"https:\/\/famelifemagazin.com\/index.php?rest_route=\/wp\/v2\/posts"}],"about":[{"href":"https:\/\/famelifemagazin.com\/index.php?rest_route=\/wp\/v2\/types\/post"}],"author":[{"embeddable":true,"href":"https:\/\/famelifemagazin.com\/index.php?rest_route=\/wp\/v2\/users\/1"}],"replies":[{"embeddable":true,"href":"https:\/\/famelifemagazin.com\/index.php?rest_route=%2Fwp%2Fv2%2Fcomments&post=2473"}],"version-history":[{"count":2,"href":"https:\/\/famelifemagazin.com\/index.php?rest_route=\/wp\/v2\/posts\/2473\/revisions"}],"predecessor-version":[{"id":2483,"href":"https:\/\/famelifemagazin.com\/index.php?rest_route=\/wp\/v2\/posts\/2473\/revisions\/2483"}],"wp:featuredmedia":[{"embeddable":true,"href":"https:\/\/famelifemagazin.com\/index.php?rest_route=\/wp\/v2\/media\/2476"}],"wp:attachment":[{"href":"https:\/\/famelifemagazin.com\/index.php?rest_route=%2Fwp%2Fv2%2Fmedia&parent=2473"}],"wp:term":[{"taxonomy":"category","embeddable":true,"href":"https:\/\/famelifemagazin.com\/index.php?rest_route=%2Fwp%2Fv2%2Fcategories&post=2473"},{"taxonomy":"post_tag","embeddable":true,"href":"https:\/\/famelifemagazin.com\/index.php?rest_route=%2Fwp%2Fv2%2Ftags&post=2473"}],"curies":[{"name":"wp","href":"https:\/\/api.w.org\/{rel}","templated":true}]}}