{"id":2468,"date":"2024-05-17T11:59:19","date_gmt":"2024-05-17T11:59:19","guid":{"rendered":"https:\/\/famelifemagazin.com\/?p=2468"},"modified":"2024-05-17T12:01:22","modified_gmt":"2024-05-17T12:01:22","slug":"turknetten-19-mayisa-ozel-film-isigim-ataturk","status":"publish","type":"post","link":"https:\/\/famelifemagazin.com\/?p=2468","title":{"rendered":"TurkNet\u2019ten 19 May\u0131s\u2019a \u00d6zel Film: \u2018I\u015f\u0131\u011f\u0131m Atat\u00fcrk\u2019"},"content":{"rendered":"\n<p><strong>T\u00fcrkiye&#8217;nin yeni nesil internet servis sa\u011flay\u0131c\u0131s\u0131 TurkNet, 19 May\u0131s Atat\u00fcrk\u2019\u00fc Anma, Gen\u00e7lik ve Spor Bayram\u0131&#8217;n\u0131, ba\u015far\u0131 \u00f6yk\u00fcs\u00fc yaratm\u0131\u015f gen\u00e7lere yer verdi\u011fi ve \u2018Atat\u00fcrk bug\u00fcn hayatta olsayd\u0131 bize ne s\u00f6ylerdi\u2019 sorusuna yapay zeka teknolojisi ile yan\u0131t arad\u0131\u011f\u0131 \u2018I\u015f\u0131\u011f\u0131m Atat\u00fcrk\u2019 filmiyle kutluyor.<\/strong><\/p>\n\n\n\n<p>D\u00fcnya standartlar\u0131nda h\u0131zl\u0131 interneti herkes i\u00e7in eri\u015filebilir k\u0131lmay\u0131 hedefleyen TurkNet, 19 May\u0131s Atat\u00fcrk\u2019\u00fc Anma, Gen\u00e7lik ve Spor Bayram\u0131 \u2019na \u00f6zel, ger\u00e7ek hikayeler ve onlar\u0131n ger\u00e7ek sahiplerinin rol ald\u0131\u011f\u0131 bir film haz\u0131rlad\u0131.<\/p>\n\n\n\n<p>Kaju \u0130stanbul taraf\u0131ndan \u00e7ekilen \u2018I\u015f\u0131\u011f\u0131m Atat\u00fcrk\u2019 filminin senaryosu ve fikrinin tamam\u0131 TurkNet \u00e7al\u0131\u015fanlar\u0131na ait. 19 May\u0131s&#8217;a adanm\u0131\u015f olan filmin en \u00f6nemli \u00f6zelli\u011fi ise Atat\u00fcrk\u2019\u00fcn gen\u00e7li\u011fe miras b\u0131rakt\u0131\u011f\u0131 eserler ile son y\u0131llarda gen\u00e7ler \u00fczerinde yap\u0131lan ara\u015ft\u0131rmalar \u0131\u015f\u0131\u011f\u0131nda \u2018Atat\u00fcrk bug\u00fcn hayatta olsayd\u0131 gen\u00e7lere ne s\u00f6ylerdi?\u2019 sorusuna yapay zeka ara\u00e7lar\u0131 e\u011fitilerek yan\u0131t aram\u0131\u015f olmas\u0131.<\/p>\n\n\n\n<p>G\u00fcl Sa\u011f\u0131r Ayd\u0131n: \u2018Gen\u00e7ler harekete ge\u00e7mek i\u00e7in sab\u0131rs\u0131zlan\u0131rken TurkNet de onlara ihtiyac\u0131 olan h\u0131z\u0131 sunuyor\u2019<\/p>\n\n\n\n<p>TurkNet\u2019in B\u00fcy\u00fcmeden Sorumlu Genel M\u00fcd\u00fcr Yard\u0131mc\u0131s\u0131 (CGO) G\u00fcl Sa\u011f\u0131r Ayd\u0131n projenin \u00e7\u0131k\u0131\u015f noktas\u0131n\u0131 \u015fu s\u00f6zleri ile anlatt\u0131: \u2018Gen\u00e7lerin \u00f6zg\u00fcrl\u00fck, f\u0131rsat e\u015fitli\u011fi ve istihdam gibi konulardaki endi\u015feleri, yap\u0131lan t\u00fcm ara\u015ft\u0131rmalarda s\u0131k\u00e7a ortaya konuluyor. Ancak ayn\u0131 ara\u015ft\u0131rmalar, gen\u00e7lerin d\u00fcnyan\u0131n daha iyi bir yer haline gelece\u011fine olan inan\u00e7lar\u0131n\u0131n yeti\u015fkin bireylere k\u0131yasla %50 daha fazla oldu\u011funu ve artan krizlere kar\u015f\u0131 harekete ge\u00e7mek i\u00e7in sab\u0131rs\u0131zland\u0131klar\u0131n\u0131 g\u00f6steriyor. Filmde TurkNet\u2019in, gen\u00e7lere ke\u015ffetme, \u00f6\u011frenme ve kendilerini ifade etme g\u00fcc\u00fc veren g\u00fcvenli ve h\u0131zl\u0131 internet ba\u011flant\u0131s\u0131 sa\u011flama konusundaki kararl\u0131l\u0131\u011f\u0131n\u0131 vurgulamak istedik ve destekleyici-geli\u015ftirici bir toplulu\u011fun rol\u00fcn\u00fc sembolize eden bir senaryo \u00fczerinde \u00e7al\u0131\u015ft\u0131k.\u2019<\/p>\n\n\n\n<p>\u2018Gen\u00e7leri #I\u015f\u0131\u011f\u0131mAtat\u00fcrk hashtag\u2019i ile hikayelerini payla\u015fmaya davet ediyoruz\u2019<\/p>\n\n\n\n<p>\u2018Gen\u00e7lere imkan verildi\u011finde tutku ve motivasyonla neler ba\u015farabileceklerini g\u00f6steren bu projede, Atat\u00fcrk\u2019\u00fcn ilkelerine ve ink\u0131laplar\u0131na rehber olarak bakman\u0131n \u00f6nemini hat\u0131rlat\u0131yoruz\u2019 diyen Ayd\u0131n film hakk\u0131nda ise \u015fu bilgileri verdi: \u2018Filmde TurkNet\u2019in her daim gen\u00e7lerin yan\u0131nda olma misyonu \u00e7er\u00e7evesinde destek verdi\u011fi gen\u00e7ler rol ald\u0131 ve hikayeleriyle hayallerini ger\u00e7ekle\u015ftirmek isteyen herkese ilham oldu. Projedeki amac\u0131m\u0131z, ba\u015far\u0131n\u0131n uzak ve \u00e7ok zor kazan\u0131lan bir hedef olmad\u0131\u011f\u0131n\u0131, her birimizin k\u00fc\u00e7\u00fck ya da b\u00fcy\u00fck hayalinin k\u0131ymetli ve ula\u015f\u0131labilir oldu\u011funu vurgulamak. Bu sebeple t\u00fcm gen\u00e7leri #I\u015f\u0131\u011f\u0131mAtat\u00fcrk hashtag\u2019i ile onlara adanm\u0131\u015f bu \u00f6zel g\u00fcnde ba\u015far\u0131 ve hayallerini payla\u015fmaya davet ediyoruz.\u2019<\/p>\n\n\n\n<p>F\u0130LM\u0130N K\u00dcNYES\u0130<\/p>\n\n\n\n<p>Reklamveren: TurkNet<\/p>\n\n\n\n<p>Prod\u00fcksiyon \u015eirketi: KAJU \u0130STANBUL<\/p>\n\n\n\n<p>Marka Kreatif ve Strateji Ekibi: Nefise Sun, Sena K\u00f6ro\u011flu Tetik<\/p>\n\n\n\n<p>Marka Ekibi:<\/p>\n\n\n\n<p>G\u00fcl Sa\u011f\u0131r Ayd\u0131n, \u00d6zg\u00fcl A\u011fca Ert\u00fcz\u00fcn, Sena K\u00f6ro\u011flu Tetik, Nefise Sun, Zaliha Terk, \u00d6zg\u00fcl Zeybek, Furkan Demirta\u015f, Volkan B\u00fcy\u00fckaltay, Efe Ursava\u015f, An\u0131l Ta\u015f, Tayfun G\u00fcney, Ezgi Kara, Nilg\u00fcn Unur, Merve Bayr\u0131 K\u00fcbra Demir<\/p>\n\n\n\n<p>Senaryo: Nefise Sun<\/p>\n\n\n\n<p>Director: Derhan Okay, Irmak Unutmazba\u015f<\/p>\n\n\n\n<p>DOP: Do\u011fukan \u0130nce (Dodo)<\/p>\n\n\n\n<p>1st AD: \u0130pek Aksoy<\/p>\n\n\n\n<p>Creative Director: Kaan Ert\u00fcz<\/p>\n\n\n\n<p>Producer: Ece \u0130\u015fbilen Da\u011f, Deniz Cem Da\u011f<\/p>\n\n\n\n<p>Producer Assistant: G\u00fclce Yeldan<\/p>\n\n\n\n<p>Storyboard Artist: Galip Karadeniz<\/p>\n\n\n\n<p>Production Manager: Emrah Ertem<\/p>\n\n\n\n<p>Gaffer: Mustafa Ya\u011f\u0131z<\/p>\n\n\n\n<p>Grip: Unity Force Grip<\/p>\n\n\n\n<p>Art: P\u0131r\u0131l Kurbet\u00e7i<\/p>\n\n\n\n<p>Styling: Taleh Aliyev<\/p>\n\n\n\n<p>Hair Stylist: Demircan Demirci<\/p>\n\n\n\n<p>Makeup: Ay\u015fe Gaye Y\u0131lmaz<\/p>\n\n\n\n<p>Colorist: Mesut Kesici<\/p>\n\n\n\n<p>Editing: Fatih Y\u0131lmaz<\/p>\n\n\n\n<p>Vfx: Berkan Yavuz, Halil Kenesar\u0131, Alp Can Karao\u011flan<\/p>\n\n\n\n<p>Sound Design &amp; Mix: Kaan Ceyhan<\/p>\n\n\n\n<p><\/p>\n\n\n\n<figure class=\"wp-block-embed is-type-video is-provider-youtube wp-block-embed-youtube wp-embed-aspect-16-9 wp-has-aspect-ratio\"><div class=\"wp-block-embed__wrapper\">\n<iframe loading=\"lazy\" title=\"19 May\u0131s Atat\u00fcrk\u2019\u00fc Anma, Gen\u00e7lik ve Spor Bayram\u0131m\u0131z Kutlu Olsun!\" width=\"696\" height=\"392\" src=\"https:\/\/www.youtube.com\/embed\/1xVk77uHixI?feature=oembed\" frameborder=\"0\" allow=\"accelerometer; autoplay; clipboard-write; encrypted-media; gyroscope; picture-in-picture; web-share\" referrerpolicy=\"strict-origin-when-cross-origin\" allowfullscreen><\/iframe>\n<\/div><\/figure>\n","protected":false},"excerpt":{"rendered":"<p>T\u00fcrkiye&#8217;nin yeni nesil internet servis sa\u011flay\u0131c\u0131s\u0131 TurkNet, 19 May\u0131s Atat\u00fcrk\u2019\u00fc Anma, Gen\u00e7lik ve Spor Bayram\u0131&#8217;n\u0131, ba\u015far\u0131 \u00f6yk\u00fcs\u00fc yaratm\u0131\u015f gen\u00e7lere yer verdi\u011fi ve \u2018Atat\u00fcrk bug\u00fcn hayatta olsayd\u0131 bize ne s\u00f6ylerdi\u2019 sorusuna yapay zeka teknolojisi ile yan\u0131t arad\u0131\u011f\u0131 \u2018I\u015f\u0131\u011f\u0131m Atat\u00fcrk\u2019 filmiyle kutluyor. D\u00fcnya standartlar\u0131nda h\u0131zl\u0131 interneti herkes i\u00e7in eri\u015filebilir k\u0131lmay\u0131 hedefleyen TurkNet, 19 May\u0131s Atat\u00fcrk\u2019\u00fc Anma, Gen\u00e7lik [&hellip;]<\/p>\n","protected":false},"author":1,"featured_media":2469,"comment_status":"open","ping_status":"open","sticky":false,"template":"","format":"standard","meta":{"footnotes":""},"categories":[3,8],"tags":[],"class_list":["post-2468","post","type-post","status-publish","format-standard","has-post-thumbnail","hentry","category-son-haberler","category-sosyal-projeler"],"_links":{"self":[{"href":"https:\/\/famelifemagazin.com\/index.php?rest_route=\/wp\/v2\/posts\/2468","targetHints":{"allow":["GET"]}}],"collection":[{"href":"https:\/\/famelifemagazin.com\/index.php?rest_route=\/wp\/v2\/posts"}],"about":[{"href":"https:\/\/famelifemagazin.com\/index.php?rest_route=\/wp\/v2\/types\/post"}],"author":[{"embeddable":true,"href":"https:\/\/famelifemagazin.com\/index.php?rest_route=\/wp\/v2\/users\/1"}],"replies":[{"embeddable":true,"href":"https:\/\/famelifemagazin.com\/index.php?rest_route=%2Fwp%2Fv2%2Fcomments&post=2468"}],"version-history":[{"count":2,"href":"https:\/\/famelifemagazin.com\/index.php?rest_route=\/wp\/v2\/posts\/2468\/revisions"}],"predecessor-version":[{"id":2472,"href":"https:\/\/famelifemagazin.com\/index.php?rest_route=\/wp\/v2\/posts\/2468\/revisions\/2472"}],"wp:featuredmedia":[{"embeddable":true,"href":"https:\/\/famelifemagazin.com\/index.php?rest_route=\/wp\/v2\/media\/2469"}],"wp:attachment":[{"href":"https:\/\/famelifemagazin.com\/index.php?rest_route=%2Fwp%2Fv2%2Fmedia&parent=2468"}],"wp:term":[{"taxonomy":"category","embeddable":true,"href":"https:\/\/famelifemagazin.com\/index.php?rest_route=%2Fwp%2Fv2%2Fcategories&post=2468"},{"taxonomy":"post_tag","embeddable":true,"href":"https:\/\/famelifemagazin.com\/index.php?rest_route=%2Fwp%2Fv2%2Ftags&post=2468"}],"curies":[{"name":"wp","href":"https:\/\/api.w.org\/{rel}","templated":true}]}}