{"id":2413,"date":"2024-05-13T08:26:53","date_gmt":"2024-05-13T08:26:53","guid":{"rendered":"https:\/\/famelifemagazin.com\/?p=2413"},"modified":"2024-05-13T08:26:54","modified_gmt":"2024-05-13T08:26:54","slug":"anneler-gununde-kadina-siddete-hayir","status":"publish","type":"post","link":"https:\/\/famelifemagazin.com\/?p=2413","title":{"rendered":"ANNELER G\u00dcN\u00dcNDE KADINA \u015e\u0130DDETE HAYIR&#8230;"},"content":{"rendered":"\n<p><strong>17 May\u0131s tarihinde vizyona girecek olan \u201cYeter Art\u0131k\u201d isimli sinema filmi y\u00f6netmeni Murat Ku\u015f\u00e7u \u00f6nderli\u011finde oyuncular\u0131 ve t\u00fcm \u00e7al\u0131\u015fanlar\u0131yla \u015ei\u015fli camii yan\u0131ndaki parkta kad\u0131na \u015fiddete hay\u0131r dediler. Anneler g\u00fcn\u00fc m\u00fcnasebetiyle filmin vizyon tarihine yak\u0131n \u00e7ektikleri kad\u0131na \u015fiddeti anlatan filmleri \u00f6ncesi k\u00fc\u00e7\u00fck bir miting yapt\u0131lar. Halk\u0131n ilgisini yo\u011fun olarak \u00e7eken \u201cYeter Art\u0131k\u201d filmi oyuncu ve \u00e7al\u0131\u015fanlar\u0131 \u00c7orum\u2019da \u00e7ekimleri tamamlanan filmlerinden gi\u015fede \u00e7ok umutlular. <\/strong><\/p>\n\n\n\n<p>\u201cYeter Art\u0131k\u201d isimli sinema filminde hakim karakterine hayat veren\u00a0T\u00fcm D\u00fcnya \u00c7orumlular Konfederasyonu Genel Ba\u015fkan\u0131\u00a0Metin AKKU\u015e\u2019un da kat\u0131ld\u0131\u011f\u0131 kad\u0131na \u015fiddete hay\u0131r mitinginde filmin y\u00f6netmeni Murat Ku\u015f\u00e7u \u201cFilmimizin anneler g\u00fcn\u00fc haftas\u0131nda girmesi manidar oldu, her kad\u0131n annedir, anneye el kald\u0131rmak ne bir M\u00fcsl\u00fcmana yak\u0131\u015f\u0131r, nede el kald\u0131ran\u0131n Allah kat\u0131nda yeri vard\u0131r. <\/p>\n\n\n\n<p>Kad\u0131na bu anlams\u0131z \u015fiddetin son bulmas\u0131 i\u00e7in bu filmi \u00e7ektik, kurum ve kurulu\u015flarda destek verdi, konuya duyarl\u0131 olanlar\u0131 filmi izlemeye davet ediyorum\u201d dedi. Filmin gi\u015fe has\u0131lat\u0131ndan bir k\u0131sm\u0131n\u0131n da kad\u0131n s\u0131\u011f\u0131nma evlerine ba\u011f\u0131\u015flanaca\u011f\u0131n\u0131 vurgulayan Murat Ku\u015f\u00e7u, Annelere sahip \u00e7\u0131kal\u0131m slogan\u0131yla vizyona haz\u0131r.<\/p>\n\n\n\n<figure class=\"wp-block-gallery has-nested-images columns-default is-cropped wp-block-gallery-1 is-layout-flex wp-block-gallery-is-layout-flex\">\n<figure class=\"wp-block-image size-large\"><img loading=\"lazy\" decoding=\"async\" width=\"1024\" height=\"683\" data-id=\"2414\" src=\"https:\/\/famelifemagazin.com\/wp-content\/uploads\/2024\/05\/YETER-ARTIK-EKIP-1-1024x683.jpg\" alt=\"\" class=\"wp-image-2414\" srcset=\"https:\/\/famelifemagazin.com\/wp-content\/uploads\/2024\/05\/YETER-ARTIK-EKIP-1-1024x683.jpg 1024w, https:\/\/famelifemagazin.com\/wp-content\/uploads\/2024\/05\/YETER-ARTIK-EKIP-1-300x200.jpg 300w, https:\/\/famelifemagazin.com\/wp-content\/uploads\/2024\/05\/YETER-ARTIK-EKIP-1-768x512.jpg 768w, https:\/\/famelifemagazin.com\/wp-content\/uploads\/2024\/05\/YETER-ARTIK-EKIP-1-1536x1024.jpg 1536w, https:\/\/famelifemagazin.com\/wp-content\/uploads\/2024\/05\/YETER-ARTIK-EKIP-1-2048x1365.jpg 2048w\" sizes=\"auto, (max-width: 1024px) 100vw, 1024px\" \/><\/figure>\n\n\n\n<figure class=\"wp-block-image size-large\"><img loading=\"lazy\" decoding=\"async\" width=\"1024\" height=\"717\" data-id=\"2415\" src=\"https:\/\/famelifemagazin.com\/wp-content\/uploads\/2024\/05\/Metin-AKKUS-MURAT-KUSCU-1-1024x717.jpg\" alt=\"\" class=\"wp-image-2415\" srcset=\"https:\/\/famelifemagazin.com\/wp-content\/uploads\/2024\/05\/Metin-AKKUS-MURAT-KUSCU-1-1024x717.jpg 1024w, https:\/\/famelifemagazin.com\/wp-content\/uploads\/2024\/05\/Metin-AKKUS-MURAT-KUSCU-1-300x210.jpg 300w, https:\/\/famelifemagazin.com\/wp-content\/uploads\/2024\/05\/Metin-AKKUS-MURAT-KUSCU-1-768x538.jpg 768w, https:\/\/famelifemagazin.com\/wp-content\/uploads\/2024\/05\/Metin-AKKUS-MURAT-KUSCU-1-1536x1076.jpg 1536w, https:\/\/famelifemagazin.com\/wp-content\/uploads\/2024\/05\/Metin-AKKUS-MURAT-KUSCU-1-2048x1434.jpg 2048w\" sizes=\"auto, (max-width: 1024px) 100vw, 1024px\" \/><\/figure>\n<\/figure>\n\n\n<div class=\"wp-block-image\">\n<figure class=\"aligncenter size-large is-resized\"><img loading=\"lazy\" decoding=\"async\" width=\"731\" height=\"1024\" src=\"https:\/\/famelifemagazin.com\/wp-content\/uploads\/2024\/05\/afis-731x1024.jpg\" alt=\"\" class=\"wp-image-2416\" style=\"width:441px;height:auto\" srcset=\"https:\/\/famelifemagazin.com\/wp-content\/uploads\/2024\/05\/afis-731x1024.jpg 731w, https:\/\/famelifemagazin.com\/wp-content\/uploads\/2024\/05\/afis-214x300.jpg 214w, https:\/\/famelifemagazin.com\/wp-content\/uploads\/2024\/05\/afis-768x1076.jpg 768w, https:\/\/famelifemagazin.com\/wp-content\/uploads\/2024\/05\/afis-1097x1536.jpg 1097w, https:\/\/famelifemagazin.com\/wp-content\/uploads\/2024\/05\/afis-1462x2048.jpg 1462w, https:\/\/famelifemagazin.com\/wp-content\/uploads\/2024\/05\/afis-scaled.jpg 1828w\" sizes=\"auto, (max-width: 731px) 100vw, 731px\" \/><\/figure>\n<\/div>","protected":false},"excerpt":{"rendered":"<p>17 May\u0131s tarihinde vizyona girecek olan \u201cYeter Art\u0131k\u201d isimli sinema filmi y\u00f6netmeni Murat Ku\u015f\u00e7u \u00f6nderli\u011finde oyuncular\u0131 ve t\u00fcm \u00e7al\u0131\u015fanlar\u0131yla \u015ei\u015fli camii yan\u0131ndaki parkta kad\u0131na \u015fiddete hay\u0131r dediler. Anneler g\u00fcn\u00fc m\u00fcnasebetiyle filmin vizyon tarihine yak\u0131n \u00e7ektikleri kad\u0131na \u015fiddeti anlatan filmleri \u00f6ncesi k\u00fc\u00e7\u00fck bir miting yapt\u0131lar. Halk\u0131n ilgisini yo\u011fun olarak \u00e7eken \u201cYeter Art\u0131k\u201d filmi oyuncu ve \u00e7al\u0131\u015fanlar\u0131 [&hellip;]<\/p>\n","protected":false},"author":1,"featured_media":2416,"comment_status":"open","ping_status":"open","sticky":false,"template":"","format":"standard","meta":{"footnotes":""},"categories":[20,3],"tags":[],"class_list":["post-2413","post","type-post","status-publish","format-standard","has-post-thumbnail","hentry","category-sinema-film-tv-dizi","category-son-haberler"],"_links":{"self":[{"href":"https:\/\/famelifemagazin.com\/index.php?rest_route=\/wp\/v2\/posts\/2413","targetHints":{"allow":["GET"]}}],"collection":[{"href":"https:\/\/famelifemagazin.com\/index.php?rest_route=\/wp\/v2\/posts"}],"about":[{"href":"https:\/\/famelifemagazin.com\/index.php?rest_route=\/wp\/v2\/types\/post"}],"author":[{"embeddable":true,"href":"https:\/\/famelifemagazin.com\/index.php?rest_route=\/wp\/v2\/users\/1"}],"replies":[{"embeddable":true,"href":"https:\/\/famelifemagazin.com\/index.php?rest_route=%2Fwp%2Fv2%2Fcomments&post=2413"}],"version-history":[{"count":1,"href":"https:\/\/famelifemagazin.com\/index.php?rest_route=\/wp\/v2\/posts\/2413\/revisions"}],"predecessor-version":[{"id":2417,"href":"https:\/\/famelifemagazin.com\/index.php?rest_route=\/wp\/v2\/posts\/2413\/revisions\/2417"}],"wp:featuredmedia":[{"embeddable":true,"href":"https:\/\/famelifemagazin.com\/index.php?rest_route=\/wp\/v2\/media\/2416"}],"wp:attachment":[{"href":"https:\/\/famelifemagazin.com\/index.php?rest_route=%2Fwp%2Fv2%2Fmedia&parent=2413"}],"wp:term":[{"taxonomy":"category","embeddable":true,"href":"https:\/\/famelifemagazin.com\/index.php?rest_route=%2Fwp%2Fv2%2Fcategories&post=2413"},{"taxonomy":"post_tag","embeddable":true,"href":"https:\/\/famelifemagazin.com\/index.php?rest_route=%2Fwp%2Fv2%2Ftags&post=2413"}],"curies":[{"name":"wp","href":"https:\/\/api.w.org\/{rel}","templated":true}]}}