{"id":2360,"date":"2024-05-08T09:23:45","date_gmt":"2024-05-08T09:23:45","guid":{"rendered":"https:\/\/famelifemagazin.com\/?p=2360"},"modified":"2024-05-08T09:23:45","modified_gmt":"2024-05-08T09:23:45","slug":"hakan-berk-turkiyenin-sanatcisi-ve-siyasi-arenada-ses-getiren-sarkisi","status":"publish","type":"post","link":"https:\/\/famelifemagazin.com\/?p=2360","title":{"rendered":"Hakan Berk: T\u00fcrkiye&#8217;nin Sanat\u00e7\u0131s\u0131 ve Siyasi Arenada Ses Getiren \u015eark\u0131s\u0131!"},"content":{"rendered":"\n<p><strong>Hakan Berk, se\u00e7im sonras\u0131 zafer \u015fark\u0131s\u0131yla g\u00f6n\u00fcllerde taht kurdu! &#8220;O da bizden, bu da bizden, 50&#8217;yi \u00e7\u0131kard\u0131k 100&#8217;den&#8221; s\u00f6zleri ve m\u00fczi\u011fiyle her kesim taraf\u0131ndan b\u00fcy\u00fck ilgi g\u00f6r\u00fcyor. Siyasi partiler \u015fimdiden bu \u015fark\u0131n\u0131n pe\u015fine d\u00fc\u015ft\u00fc. T\u00fcrkiye, Hakan Berk&#8217;in bu co\u015fkulu \u015fark\u0131s\u0131yla adeta ayakta! Ancak \u0130stanbul ile Ankara aras\u0131nda havada bir \u015fark\u0131 sava\u015f\u0131 ba\u015flad\u0131. Ankara&#8217;n\u0131n ba\u011flar\u0131na \u0130stanbul&#8217;dan haval\u0131 bir cevap geldi.<\/strong><\/p>\n\n\n\n<p>Hakan Berk, &#8220;Ben Ankara, \u0130stanbul de\u011fil, T\u00fcrkiye&#8217;nin sanat\u00e7\u0131s\u0131y\u0131m&#8221; diyor. &#8220;O da bizden, bu da bizden. Bize yanl\u0131\u015f yapan\u0131n ne fark\u0131 var artistten?&#8221; \u0130stanbul&#8217;dan Ankara&#8217;ya \u015fark\u0131l\u0131 bir mesaj: &#8220;O da bizden, bu da bizden!&#8221;<\/p>\n\n\n\n<p>M\u00fczik listelerini alt \u00fcst eden bu \u015fark\u0131, art\u0131k yay\u0131nda!<\/p>\n\n\n\n<p>Hakan Berk Kimdir?<\/p>\n\n\n\n<p>M\u00fczik ve sahne hayat\u0131na \u00e7ok k\u00fc\u00e7\u00fck ya\u015flarda ba\u015flayan Hakan Berk, 1980&#8217;lerde sahne ve alb\u00fcm \u00e7al\u0131\u015fmalar\u0131yla m\u00fczik piyasas\u0131na giri\u015f yapt\u0131. 1994 y\u0131l\u0131nda &#8220;Caz Yapma D\u00f6nece\u011fim&#8221; adl\u0131 ilk alb\u00fcm\u00fcyle m\u00fczik severlerle bulu\u015ftu. Uzun s\u00fcre yurt i\u00e7i ve yurtd\u0131\u015f\u0131 sahne \u00e7al\u0131\u015fmalar\u0131 yapt\u0131. 2007 y\u0131l\u0131nda &#8220;\u00c7ok \u00d6zelimsin&#8221; adl\u0131 cing\u0131l\u0131n\u0131 \u00e7\u0131kard\u0131. Sahne \u00e7al\u0131\u015fmalar\u0131 hala devam eden Hakan Berk, 2017 y\u0131l\u0131nda &#8220;Delirdim&#8221; adl\u0131 iki \u015fark\u0131l\u0131k c\u0131ng\u0131l\u0131n\u0131 da \u00e7\u0131kartt\u0131.<\/p>\n\n\n\n<p>Ayr\u0131ca 35 y\u0131ll\u0131k sahne hayat\u0131n\u0131n yan\u0131 s\u0131ra \u00fcnl\u00fc, futbolcu, sanat\u00e7\u0131, politikac\u0131 ve i\u015f insanlar\u0131na l\u00fcks otomobil sat\u0131\u015f\u0131 da yapan bir i\u015f kimli\u011fine sahip olan Hakan Berk, \u00fcnl\u00fc bir oto galerisinin de sahibi. Bu arada haz\u0131rlad\u0131\u011f\u0131 bir \u015fark\u0131 ile m\u00fczik d\u00fcnyas\u0131na farkl\u0131 bir yorum ve performansla giri\u015f yapt\u0131.<\/p>\n\n\n\n<p>S\u00f6z ve m\u00fczi\u011fi Nurcan Din\u00e7er&#8217;e ait olan, y\u00f6netmenlik ve aranj\u00f6rl\u00fc\u011f\u00fcn\u00fc Hatem Tutkusun \u2018un \u00fcstlendi\u011fi oyun havas\u0131yla sahne ve dijital platformlarda b\u00fcy\u00fck rekabet ortam\u0131 yaratmaya haz\u0131rlan\u0131yor. Klip \u00e7ekimleri \u0130stanbul&#8217;un g\u00f6rsel ve tarihi yerlerinde ger\u00e7ekle\u015ftirilen bu \u015fark\u0131, Ankara&#8217;n\u0131n sanat\u00e7\u0131lar\u0131na \u0130stanbul \u015fark\u0131s\u0131yla meydan okumaya haz\u0131rlan\u0131yor.<\/p>\n\n\n\n<p>HAKAN BERK KL\u0130P L\u0130NK<\/p>\n\n\n\n<figure class=\"wp-block-embed is-type-video is-provider-youtube wp-block-embed-youtube wp-embed-aspect-16-9 wp-has-aspect-ratio\"><div class=\"wp-block-embed__wrapper\">\n<iframe loading=\"lazy\" title=\"Hakan Berk - O Da Bizden Bu Da Bizden\" width=\"696\" height=\"392\" src=\"https:\/\/www.youtube.com\/embed\/_eTdaepm1NI?feature=oembed\" frameborder=\"0\" allow=\"accelerometer; autoplay; clipboard-write; encrypted-media; gyroscope; picture-in-picture; web-share\" referrerpolicy=\"strict-origin-when-cross-origin\" allowfullscreen><\/iframe>\n<\/div><\/figure>\n\n\n\n<p><a href=\"https:\/\/www.facebook.com\/photo\/?fbid=6078673859152840&amp;set=pcb.6078673895819503&amp;__cft__[0]=AZXcwBsNF31wb2o6BV82l7_51lP8CDxADLobpkEGZZNwbIn1-oNx8OwfXBFA_WhedS7W93BZBJLxV4BEvhXFSpL8XhXLh_oYenFT11BD43oBYA&amp;__tn__=*bH-R\"><\/a><\/p>\n\n\n<div class=\"wp-block-image\">\n<figure class=\"aligncenter\"><a href=\"https:\/\/www.facebook.com\/photo\/?fbid=6078673859152840&amp;set=pcb.6078673895819503&amp;__cft__[0]=AZXcwBsNF31wb2o6BV82l7_51lP8CDxADLobpkEGZZNwbIn1-oNx8OwfXBFA_WhedS7W93BZBJLxV4BEvhXFSpL8XhXLh_oYenFT11BD43oBYA&amp;__tn__=*bH-R\"><img decoding=\"async\" src=\"https:\/\/scontent.fada9-1.fna.fbcdn.net\/v\/t39.30808-6\/438145185_6078673852486174_7377970828735295615_n.jpg?stp=dst-jpg_p403x403&amp;_nc_cat=105&amp;ccb=1-7&amp;_nc_sid=5f2048&amp;_nc_ohc=-nLse7seRoMQ7kNvgGLpNxB&amp;_nc_ht=scontent.fada9-1.fna&amp;oh=00_AfDiuyHjUDymkMPSCIcQSPgsxWkFkvbd7PB5efM9UAngxA&amp;oe=66411137\" alt=\"\"\/><\/a><\/figure>\n<\/div>\n\n\n<p><a href=\"https:\/\/www.facebook.com\/photo\/?fbid=6078673855819507&amp;set=pcb.6078673895819503&amp;__cft__[0]=AZXcwBsNF31wb2o6BV82l7_51lP8CDxADLobpkEGZZNwbIn1-oNx8OwfXBFA_WhedS7W93BZBJLxV4BEvhXFSpL8XhXLh_oYenFT11BD43oBYA&amp;__tn__=*bH-R\"><\/a><\/p>\n\n\n<div class=\"wp-block-image\">\n<figure class=\"aligncenter is-resized\"><a href=\"https:\/\/www.facebook.com\/photo\/?fbid=6078673855819507&amp;set=pcb.6078673895819503&amp;__cft__[0]=AZXcwBsNF31wb2o6BV82l7_51lP8CDxADLobpkEGZZNwbIn1-oNx8OwfXBFA_WhedS7W93BZBJLxV4BEvhXFSpL8XhXLh_oYenFT11BD43oBYA&amp;__tn__=*bH-R\"><img decoding=\"async\" src=\"https:\/\/scontent.fada2-2.fna.fbcdn.net\/v\/t39.30808-6\/438163084_6078673832486176_2225287689999893892_n.jpg?stp=dst-jpg_s600x600&amp;_nc_cat=108&amp;ccb=1-7&amp;_nc_sid=5f2048&amp;_nc_ohc=5K5NLdRlWX4Q7kNvgHacqSL&amp;_nc_ht=scontent.fada2-2.fna&amp;oh=00_AfBCMX3PTJobFBVjP_jRldjycVxqxZ3DCGyp8saK5UVXIw&amp;oe=6640FD68\" alt=\"\" style=\"width:414px;height:auto\"\/><\/a><\/figure>\n<\/div>\n\n\n<p><a href=\"https:\/\/www.facebook.com\/photo\/?fbid=6078673822486177&amp;set=pcb.6078673895819503&amp;__cft__[0]=AZXcwBsNF31wb2o6BV82l7_51lP8CDxADLobpkEGZZNwbIn1-oNx8OwfXBFA_WhedS7W93BZBJLxV4BEvhXFSpL8XhXLh_oYenFT11BD43oBYA&amp;__tn__=*bH-R\"><\/a><\/p>\n\n\n<div class=\"wp-block-image\">\n<figure class=\"aligncenter is-resized\"><a href=\"https:\/\/www.facebook.com\/photo\/?fbid=6078673822486177&amp;set=pcb.6078673895819503&amp;__cft__[0]=AZXcwBsNF31wb2o6BV82l7_51lP8CDxADLobpkEGZZNwbIn1-oNx8OwfXBFA_WhedS7W93BZBJLxV4BEvhXFSpL8XhXLh_oYenFT11BD43oBYA&amp;__tn__=*bH-R\"><img decoding=\"async\" src=\"https:\/\/scontent.fada2-2.fna.fbcdn.net\/v\/t39.30808-6\/438170635_6078673819152844_7661802784691758042_n.jpg?stp=dst-jpg_s600x600&amp;_nc_cat=108&amp;ccb=1-7&amp;_nc_sid=5f2048&amp;_nc_ohc=vqJRTZHcYUoQ7kNvgG5zWO8&amp;_nc_ht=scontent.fada2-2.fna&amp;oh=00_AfDAKxomFdc70TjnGrLO9m6vcDFQB_Fe59qP3SRzmSsU8Q&amp;oe=66410F6C\" alt=\"\" style=\"width:423px;height:auto\"\/><\/a><\/figure>\n<\/div>","protected":false},"excerpt":{"rendered":"<p>Hakan Berk, se\u00e7im sonras\u0131 zafer \u015fark\u0131s\u0131yla g\u00f6n\u00fcllerde taht kurdu! &#8220;O da bizden, bu da bizden, 50&#8217;yi \u00e7\u0131kard\u0131k 100&#8217;den&#8221; s\u00f6zleri ve m\u00fczi\u011fiyle her kesim taraf\u0131ndan b\u00fcy\u00fck ilgi g\u00f6r\u00fcyor. Siyasi partiler \u015fimdiden bu \u015fark\u0131n\u0131n pe\u015fine d\u00fc\u015ft\u00fc. T\u00fcrkiye, Hakan Berk&#8217;in bu co\u015fkulu \u015fark\u0131s\u0131yla adeta ayakta! Ancak \u0130stanbul ile Ankara aras\u0131nda havada bir \u015fark\u0131 sava\u015f\u0131 ba\u015flad\u0131. Ankara&#8217;n\u0131n ba\u011flar\u0131na \u0130stanbul&#8217;dan [&hellip;]<\/p>\n","protected":false},"author":1,"featured_media":2361,"comment_status":"open","ping_status":"open","sticky":false,"template":"","format":"standard","meta":{"footnotes":""},"categories":[7,3],"tags":[],"class_list":["post-2360","post","type-post","status-publish","format-standard","has-post-thumbnail","hentry","category-muzik","category-son-haberler"],"_links":{"self":[{"href":"https:\/\/famelifemagazin.com\/index.php?rest_route=\/wp\/v2\/posts\/2360","targetHints":{"allow":["GET"]}}],"collection":[{"href":"https:\/\/famelifemagazin.com\/index.php?rest_route=\/wp\/v2\/posts"}],"about":[{"href":"https:\/\/famelifemagazin.com\/index.php?rest_route=\/wp\/v2\/types\/post"}],"author":[{"embeddable":true,"href":"https:\/\/famelifemagazin.com\/index.php?rest_route=\/wp\/v2\/users\/1"}],"replies":[{"embeddable":true,"href":"https:\/\/famelifemagazin.com\/index.php?rest_route=%2Fwp%2Fv2%2Fcomments&post=2360"}],"version-history":[{"count":1,"href":"https:\/\/famelifemagazin.com\/index.php?rest_route=\/wp\/v2\/posts\/2360\/revisions"}],"predecessor-version":[{"id":2362,"href":"https:\/\/famelifemagazin.com\/index.php?rest_route=\/wp\/v2\/posts\/2360\/revisions\/2362"}],"wp:featuredmedia":[{"embeddable":true,"href":"https:\/\/famelifemagazin.com\/index.php?rest_route=\/wp\/v2\/media\/2361"}],"wp:attachment":[{"href":"https:\/\/famelifemagazin.com\/index.php?rest_route=%2Fwp%2Fv2%2Fmedia&parent=2360"}],"wp:term":[{"taxonomy":"category","embeddable":true,"href":"https:\/\/famelifemagazin.com\/index.php?rest_route=%2Fwp%2Fv2%2Fcategories&post=2360"},{"taxonomy":"post_tag","embeddable":true,"href":"https:\/\/famelifemagazin.com\/index.php?rest_route=%2Fwp%2Fv2%2Ftags&post=2360"}],"curies":[{"name":"wp","href":"https:\/\/api.w.org\/{rel}","templated":true}]}}