{"id":2345,"date":"2024-05-07T14:03:21","date_gmt":"2024-05-07T14:03:21","guid":{"rendered":"https:\/\/famelifemagazin.com\/?p=2345"},"modified":"2024-05-07T14:03:21","modified_gmt":"2024-05-07T14:03:21","slug":"nihan-akin-evlilik-sinyali-verdi-prova-yapiyoruz","status":"publish","type":"post","link":"https:\/\/famelifemagazin.com\/?p=2345","title":{"rendered":"\u201cN\u0130HAN AKIN\u201d EVL\u0130L\u0130K S\u0130NYAL\u0130 VERD\u0130, PROVA YAPIYORUZ!\u00a0"},"content":{"rendered":"\n<p><strong><br>Ge\u00e7ti\u011fimiz gece g\u00f6rkemli bir t\u00f6renle ger\u00e7ekle\u015fen Klass Magazin \u00d6d\u00fcl T\u00f6reni birbirinden \u00fcnl\u00fc isimler e\u015fli\u011finde sahiplerini buldu. Frans\u0131z sanat\u00e7\u0131 Dany Brillant ile renklenen geceye kat\u0131lan isimler aras\u0131nda; T\u00fcrkiye\u2019nin en iyi kad\u0131n seslerinden \u201cNihan Ak\u0131n\u201dda vard\u0131\u2026<\/strong><\/p>\n\n\n\n<p>G\u00fczel sanat\u00e7\u0131 g\u00f6z al\u0131c\u0131 \u00f6zel tasar\u0131m k\u0131rm\u0131z\u0131 elbisesi ve k\u0131pk\u0131rm\u0131z\u0131 eldivenleriyle gece boyunca dikkatleri \u00fczerine \u00e7ekti. Bir s\u00fcredir ni\u015fanl\u0131s\u0131 Enis T\u00fcnay\u2019\u0131n sa\u011fl\u0131k sorunlar\u0131 nedeniyle zor g\u00fcnler ge\u00e7iren ikili uzun bir aran\u0131n ard\u0131ndan ilk kez yan yana g\u00f6r\u00fcnt\u00fclenerek muhabirlerle \u015fakala\u015ft\u0131.<\/p>\n\n\n\n<p>Nihan Ak\u0131n; \u00f6d\u00fcl t\u00f6reninde ger\u00e7ekle\u015fen foto\u011fraf \u00e7ekiminde; \u2018evlilik provas\u0131 yap\u0131yoruz, ufaktan haz\u0131rl\u0131klara ba\u015flad\u0131k\u2019 diyerek takip\u00e7ilerine evlilik sinyali verdi.<\/p>\n\n\n\n<figure class=\"wp-block-gallery has-nested-images columns-default is-cropped wp-block-gallery-1 is-layout-flex wp-block-gallery-is-layout-flex\">\n<figure class=\"wp-block-image size-large\"><img loading=\"lazy\" decoding=\"async\" width=\"768\" height=\"1024\" data-id=\"2347\" src=\"https:\/\/famelifemagazin.com\/wp-content\/uploads\/2024\/05\/NIHAN-ENIS-768x1024.jpg\" alt=\"\" class=\"wp-image-2347\" srcset=\"https:\/\/famelifemagazin.com\/wp-content\/uploads\/2024\/05\/NIHAN-ENIS-768x1024.jpg 768w, https:\/\/famelifemagazin.com\/wp-content\/uploads\/2024\/05\/NIHAN-ENIS-225x300.jpg 225w, https:\/\/famelifemagazin.com\/wp-content\/uploads\/2024\/05\/NIHAN-ENIS-1152x1536.jpg 1152w, https:\/\/famelifemagazin.com\/wp-content\/uploads\/2024\/05\/NIHAN-ENIS-1536x2048.jpg 1536w, https:\/\/famelifemagazin.com\/wp-content\/uploads\/2024\/05\/NIHAN-ENIS-scaled.jpg 1920w\" sizes=\"auto, (max-width: 768px) 100vw, 768px\" \/><\/figure>\n\n\n\n<figure class=\"wp-block-image size-large\"><img loading=\"lazy\" decoding=\"async\" width=\"510\" height=\"1024\" data-id=\"2346\" src=\"https:\/\/famelifemagazin.com\/wp-content\/uploads\/2024\/05\/NIHAN-DANY-BRILLANT--510x1024.jpg\" alt=\"\" class=\"wp-image-2346\" srcset=\"https:\/\/famelifemagazin.com\/wp-content\/uploads\/2024\/05\/NIHAN-DANY-BRILLANT--510x1024.jpg 510w, https:\/\/famelifemagazin.com\/wp-content\/uploads\/2024\/05\/NIHAN-DANY-BRILLANT--149x300.jpg 149w, https:\/\/famelifemagazin.com\/wp-content\/uploads\/2024\/05\/NIHAN-DANY-BRILLANT--768x1542.jpg 768w, https:\/\/famelifemagazin.com\/wp-content\/uploads\/2024\/05\/NIHAN-DANY-BRILLANT--765x1536.jpg 765w, https:\/\/famelifemagazin.com\/wp-content\/uploads\/2024\/05\/NIHAN-DANY-BRILLANT--1020x2048.jpg 1020w, https:\/\/famelifemagazin.com\/wp-content\/uploads\/2024\/05\/NIHAN-DANY-BRILLANT--scaled.jpg 1275w\" sizes=\"auto, (max-width: 510px) 100vw, 510px\" \/><\/figure>\n<\/figure>\n","protected":false},"excerpt":{"rendered":"<p>Ge\u00e7ti\u011fimiz gece g\u00f6rkemli bir t\u00f6renle ger\u00e7ekle\u015fen Klass Magazin \u00d6d\u00fcl T\u00f6reni birbirinden \u00fcnl\u00fc isimler e\u015fli\u011finde sahiplerini buldu. Frans\u0131z sanat\u00e7\u0131 Dany Brillant ile renklenen geceye kat\u0131lan isimler aras\u0131nda; T\u00fcrkiye\u2019nin en iyi kad\u0131n seslerinden \u201cNihan Ak\u0131n\u201dda vard\u0131\u2026 G\u00fczel sanat\u00e7\u0131 g\u00f6z al\u0131c\u0131 \u00f6zel tasar\u0131m k\u0131rm\u0131z\u0131 elbisesi ve k\u0131pk\u0131rm\u0131z\u0131 eldivenleriyle gece boyunca dikkatleri \u00fczerine \u00e7ekti. Bir s\u00fcredir ni\u015fanl\u0131s\u0131 Enis T\u00fcnay\u2019\u0131n [&hellip;]<\/p>\n","protected":false},"author":1,"featured_media":2349,"comment_status":"open","ping_status":"open","sticky":false,"template":"","format":"standard","meta":{"footnotes":""},"categories":[4,3],"tags":[],"class_list":["post-2345","post","type-post","status-publish","format-standard","has-post-thumbnail","hentry","category-magazin","category-son-haberler"],"_links":{"self":[{"href":"https:\/\/famelifemagazin.com\/index.php?rest_route=\/wp\/v2\/posts\/2345","targetHints":{"allow":["GET"]}}],"collection":[{"href":"https:\/\/famelifemagazin.com\/index.php?rest_route=\/wp\/v2\/posts"}],"about":[{"href":"https:\/\/famelifemagazin.com\/index.php?rest_route=\/wp\/v2\/types\/post"}],"author":[{"embeddable":true,"href":"https:\/\/famelifemagazin.com\/index.php?rest_route=\/wp\/v2\/users\/1"}],"replies":[{"embeddable":true,"href":"https:\/\/famelifemagazin.com\/index.php?rest_route=%2Fwp%2Fv2%2Fcomments&post=2345"}],"version-history":[{"count":1,"href":"https:\/\/famelifemagazin.com\/index.php?rest_route=\/wp\/v2\/posts\/2345\/revisions"}],"predecessor-version":[{"id":2350,"href":"https:\/\/famelifemagazin.com\/index.php?rest_route=\/wp\/v2\/posts\/2345\/revisions\/2350"}],"wp:featuredmedia":[{"embeddable":true,"href":"https:\/\/famelifemagazin.com\/index.php?rest_route=\/wp\/v2\/media\/2349"}],"wp:attachment":[{"href":"https:\/\/famelifemagazin.com\/index.php?rest_route=%2Fwp%2Fv2%2Fmedia&parent=2345"}],"wp:term":[{"taxonomy":"category","embeddable":true,"href":"https:\/\/famelifemagazin.com\/index.php?rest_route=%2Fwp%2Fv2%2Fcategories&post=2345"},{"taxonomy":"post_tag","embeddable":true,"href":"https:\/\/famelifemagazin.com\/index.php?rest_route=%2Fwp%2Fv2%2Ftags&post=2345"}],"curies":[{"name":"wp","href":"https:\/\/api.w.org\/{rel}","templated":true}]}}