{"id":231,"date":"2023-12-12T06:42:09","date_gmt":"2023-12-12T06:42:09","guid":{"rendered":"https:\/\/famelifemagazin.com\/?p=231"},"modified":"2023-12-12T06:42:10","modified_gmt":"2023-12-12T06:42:10","slug":"hemen-cope-attim","status":"publish","type":"post","link":"https:\/\/famelifemagazin.com\/?p=231","title":{"rendered":"HEMEN \u00c7\u00d6PE ATTIM.."},"content":{"rendered":"\n<p>\u015eark\u0131c\u0131 Berkay \u015eahin ve e\u015fi \u00d6zlem Ada \u015eahin, ge\u00e7ti\u011fimiz y\u0131l \u0130stanbul\u2019da yeni bir eve ta\u015f\u0131nmalar\u0131 nedeniyle mobilya ald\u0131. Teslimattan yakla\u015f\u0131k bir ay sonra Kas\u0131m 2022\u2019de \u00e7iftin 6 ya\u015f\u0131ndaki k\u0131z\u0131 Arya, \u00e7ocuk odas\u0131nda ranzas\u0131na \u00e7\u0131karken kaza ge\u00e7irdi.<\/p>\n\n\n\n<p>Tutundu\u011fu mobilya par\u00e7as\u0131 ayr\u0131l\u0131nca yere d\u00fc\u015fen Arya&#8217;n\u0131n \u00fczerine de mobilya par\u00e7alar\u0131 d\u00fc\u015ft\u00fc. K\u0131z\u0131n\u0131n yaralanmas\u0131 sonras\u0131nda \u00d6zlem Ada \u015eahin,&nbsp;<a href=\"https:\/\/www.mynet.com\/haberler\/sosyal-medya\">sosyal medya<\/a>&nbsp;hesab\u0131ndan kazay\u0131 duyurarak mobilya firmas\u0131na dava a\u00e7acaklar\u0131n\u0131 a\u00e7\u0131klam\u0131\u015ft\u0131.<\/p>\n\n\n\n<figure class=\"wp-block-image\"><img decoding=\"async\" src=\"https:\/\/imgrosetta.mynet.com.tr\/file\/18113517\/640xauto.jpg\" alt=\"\u00f6zlem berkayy\"\/><\/figure>\n\n\n\n<h3 class=\"wp-block-heading\"><\/h3>\n\n\n\n<p>\u0130stanbul T\u00fcketici Mahkemesi\u2019nde ge\u00e7ti\u011fimiz g\u00fcnlerde g\u00f6r\u00fclen duru\u015fmaya, davac\u0131 \u015fark\u0131c\u0131 Berkay \u015eahin kat\u0131lmazken; e\u015fi \u00d6zlem Ada \u015eahin ve menajer Okan Gen\u00e7 ise tan\u0131k s\u0131fat\u0131yla kat\u0131ld\u0131. \u00d6zlem Ada \u015eahin ifadesinde, daval\u0131 mobilya \u015firketinden daha \u00f6nce de mal ald\u0131klar\u0131n\u0131, memnun kalmalar\u0131 \u00fczerine bu kez yeni ta\u015f\u0131nacaklar\u0131 ev i\u00e7in sipari\u015fte bulunduklar\u0131n\u0131 anlatt\u0131.<\/p>\n\n\n\n<figure class=\"wp-block-embed\"><div class=\"wp-block-embed__wrapper\">\nhttps:\/\/b23b0c860d0cbb0e4277e116ca58acc6.safeframe.googlesyndication.com\/safeframe\/1-0-40\/html\/container.html\n<\/div><\/figure>\n\n\n\n<p>Yatak odas\u0131, giyinme odas\u0131 ve \u00e7ocuk odas\u0131 i\u00e7in sipari\u015f verdiklerini s\u00f6yleyen \u015eahin, yakla\u015f\u0131k 5 ay kadar ge\u00e7 teslimat yap\u0131ld\u0131\u011f\u0131n\u0131 belirtti. \u015eahin, &#8220;\u0130zmir\u2019de yazl\u0131k evimdeydim. Teslimat olacak diye tek ba\u015f\u0131ma \u0130stanbul\u2019a geldim. Fakat ne teslimat, ne de montaj olmad\u0131. O gece otelde ge\u00e7irmek zorunda kald\u0131m. Mobilya \u015firketine ula\u015famad\u0131k. Bahaneler \u00fcretildi. Teslimat ve montaj daha sonra oldu. Gelen \u00fcr\u00fcnlerin \u00e7ok kusurlu ve kalitesiz oldu\u011funu g\u00f6rd\u00fcm. Montaj sonras\u0131nda k\u0131r\u0131k ve \u00e7izikler vard\u0131. Video \u00e7ekerek g\u00f6nderdim. Tekrardan yap\u0131lmas\u0131n\u0131 d\u00fczeltilmesini istedim. Fakat daha sonra hi\u00e7bir geri d\u00f6n\u00fc\u015f olmad\u0131&#8221; dedi.<\/p>\n\n\n\n<figure class=\"wp-block-embed\"><div class=\"wp-block-embed__wrapper\">\nhttps:\/\/b23b0c860d0cbb0e4277e116ca58acc6.safeframe.googlesyndication.com\/safeframe\/1-0-40\/html\/container.html\n<\/div><\/figure>\n\n\n\n<h3 class=\"wp-block-heading\"><\/h3>\n\n\n\n<p>K\u0131zlar\u0131 i\u00e7in yapt\u0131rd\u0131klar\u0131 \u00e7ocuk odas\u0131ndaki mobilyalar\u0131n di\u011fer mobilyalara g\u00f6re daha kalitesiz oldu\u011funu da s\u00f6yleyen \u00d6zlem Ada \u015eahin, \u201cMontajdan yakla\u015f\u0131k bir ay sonra k\u0131z\u0131m\u0131n ranzaya \u00e7\u0131kmak i\u00e7in tutundu\u011fu mobilya par\u00e7as\u0131 \u00fcst\u00fcne d\u00fc\u015ft\u00fc. Kendileri bir \u00f6z\u00fcr bile dilemediler. \u00c7ocu\u011fum travma ya\u015fad\u0131\u011f\u0131 i\u00e7in \u00e7ocuk odas\u0131ndaki mobilyalar\u0131 s\u00f6kt\u00fcr\u00fcp \u00e7\u00f6pe att\u0131m. Yeni \u00e7ocuk odas\u0131 mobilyas\u0131 ald\u0131m. Firman\u0131n di\u011fer \u00fcr\u00fcnleri halen evimde, kullanmaya devam ediyoruz. \u00c7ocuk odas\u0131n\u0131n kalitesi \u00e7ok daha k\u00f6t\u00fcyd\u00fc. Organik boya kullan\u0131lmas\u0131 gerekiyordu ama boyalar kokuyordu. Mobilyalar i\u00e7in yakla\u015f\u0131k 200 bin lira \u00f6deme yapm\u0131\u015ft\u0131k&#8221; diye konu\u015ftu.<\/p>\n\n\n\n<figure class=\"wp-block-embed\"><div class=\"wp-block-embed__wrapper\">\nhttps:\/\/b23b0c860d0cbb0e4277e116ca58acc6.safeframe.googlesyndication.com\/safeframe\/1-0-40\/html\/container.html\n<\/div><\/figure>\n\n\n\n<h3 class=\"wp-block-heading\">&#8220;\u00dcR\u00dcNLER \u00d6ZEL S\u0130PAR\u0130\u015eT\u0130&#8221;<\/h3>\n\n\n\n<h3 class=\"wp-block-heading\"><\/h3>\n\n\n\n<p>\u015eark\u0131c\u0131n\u0131n menajeri Okan Gen\u00e7 de tan\u0131k olarak verdi\u011fi ifadesinde, mobilya \u015firketiyle anla\u015fma sonras\u0131ndaki s\u00fcreci \u00d6zlem Ada \u015eahin ile birlikte y\u00f6nettiklerini, teslimat tarihinin s\u00fcrekli olarak de\u011fi\u015fti\u011fini s\u00f6yledi.<\/p>\n\n\n\n<figure class=\"wp-block-image\"><img decoding=\"async\" src=\"https:\/\/imgrosetta.mynet.com.tr\/file\/18113520\/640xauto.jpg\" alt=\"k\u0131zlar\u0131 2\"\/><\/figure>\n\n\n\n<p>Gen\u00e7, &#8220;Getirilen \u00fcr\u00fcnler hatal\u0131, kusurlu ve kalitesizdi. San\u0131r\u0131m yeti\u015ftirebilmek i\u00e7in acele etmi\u015fler. Belli ba\u015fl\u0131 eksikler vard\u0131. Sonras\u0131nda talihsiz bir olay ya\u015fand\u0131. Mobilyalar\u0131nda kenarlar\u0131nda k\u00f6\u015felerinde \u00e7izikler vard\u0131 kullan\u0131lm\u0131\u015f gibiydi. \u00dcr\u00fcnler \u00f6zel sipari\u015fti. \u00c7ocuk odas\u0131 daha \u00f6zel bir sipari\u015fti hem yatak, hem de oyun odas\u0131 \u015feklindeydi&#8221; dedi.<\/p>\n","protected":false},"excerpt":{"rendered":"<p>\u015eark\u0131c\u0131 Berkay \u015eahin ve e\u015fi \u00d6zlem Ada \u015eahin, ge\u00e7ti\u011fimiz y\u0131l \u0130stanbul\u2019da yeni bir eve ta\u015f\u0131nmalar\u0131 nedeniyle mobilya ald\u0131. Teslimattan yakla\u015f\u0131k bir ay sonra Kas\u0131m 2022\u2019de \u00e7iftin 6 ya\u015f\u0131ndaki k\u0131z\u0131 Arya, \u00e7ocuk odas\u0131nda ranzas\u0131na \u00e7\u0131karken kaza ge\u00e7irdi. Tutundu\u011fu mobilya par\u00e7as\u0131 ayr\u0131l\u0131nca yere d\u00fc\u015fen Arya&#8217;n\u0131n \u00fczerine de mobilya par\u00e7alar\u0131 d\u00fc\u015ft\u00fc. K\u0131z\u0131n\u0131n yaralanmas\u0131 sonras\u0131nda \u00d6zlem Ada \u015eahin,&nbsp;sosyal medya&nbsp;hesab\u0131ndan [&hellip;]<\/p>\n","protected":false},"author":1,"featured_media":232,"comment_status":"open","ping_status":"open","sticky":false,"template":"","format":"standard","meta":{"footnotes":""},"categories":[4,9,3],"tags":[],"class_list":["post-231","post","type-post","status-publish","format-standard","has-post-thumbnail","hentry","category-magazin","category-moda-tekstil","category-son-haberler"],"_links":{"self":[{"href":"https:\/\/famelifemagazin.com\/index.php?rest_route=\/wp\/v2\/posts\/231","targetHints":{"allow":["GET"]}}],"collection":[{"href":"https:\/\/famelifemagazin.com\/index.php?rest_route=\/wp\/v2\/posts"}],"about":[{"href":"https:\/\/famelifemagazin.com\/index.php?rest_route=\/wp\/v2\/types\/post"}],"author":[{"embeddable":true,"href":"https:\/\/famelifemagazin.com\/index.php?rest_route=\/wp\/v2\/users\/1"}],"replies":[{"embeddable":true,"href":"https:\/\/famelifemagazin.com\/index.php?rest_route=%2Fwp%2Fv2%2Fcomments&post=231"}],"version-history":[{"count":1,"href":"https:\/\/famelifemagazin.com\/index.php?rest_route=\/wp\/v2\/posts\/231\/revisions"}],"predecessor-version":[{"id":233,"href":"https:\/\/famelifemagazin.com\/index.php?rest_route=\/wp\/v2\/posts\/231\/revisions\/233"}],"wp:featuredmedia":[{"embeddable":true,"href":"https:\/\/famelifemagazin.com\/index.php?rest_route=\/wp\/v2\/media\/232"}],"wp:attachment":[{"href":"https:\/\/famelifemagazin.com\/index.php?rest_route=%2Fwp%2Fv2%2Fmedia&parent=231"}],"wp:term":[{"taxonomy":"category","embeddable":true,"href":"https:\/\/famelifemagazin.com\/index.php?rest_route=%2Fwp%2Fv2%2Fcategories&post=231"},{"taxonomy":"post_tag","embeddable":true,"href":"https:\/\/famelifemagazin.com\/index.php?rest_route=%2Fwp%2Fv2%2Ftags&post=231"}],"curies":[{"name":"wp","href":"https:\/\/api.w.org\/{rel}","templated":true}]}}