{"id":2186,"date":"2024-04-29T07:46:06","date_gmt":"2024-04-29T07:46:06","guid":{"rendered":"https:\/\/famelifemagazin.com\/?p=2186"},"modified":"2024-04-29T07:49:23","modified_gmt":"2024-04-29T07:49:23","slug":"nazan-oncel-muhtesem-performansiyla-parmak-isirtti","status":"publish","type":"post","link":"https:\/\/famelifemagazin.com\/?p=2186","title":{"rendered":"NAZAN \u00d6NCEL MUHTE\u015eEM PERFORMANSIYLA PARMAK ISIRTTI&#8230;"},"content":{"rendered":"\n<p><strong>&nbsp;BGM\u2019DE NAZAN \u00d6NCEL TEZAH\u00dcRATLARI&nbsp;\u2026<\/strong><\/p>\n\n\n\n<p><strong>&nbsp;NAZAN \u00d6NCEL T\u00dcRK\u0130YE TURNES\u0130N\u0130N STARTINI VERD\u0130&nbsp;&#8230;<\/strong><\/p>\n\n\n\n<p>&nbsp;Besteleriyle ve s\u00f6yledi\u011fi \u015fark\u0131larla milyonlar\u0131n g\u00f6nl\u00fcnde taht kuran pop m\u00fczi\u011finin divas\u0131 Nazan \u00d6ncel, \u00f6nceki ak\u015fam KerkiSolfej organizasyonu ve Kral Pop Medya sponsorlu\u011funda Bostanc\u0131 G\u00f6steri Merkezi\u2019nde sahne ald\u0131. Program\u0131na \u201cSeni Bug\u00fcn G\u00f6rmem Laz\u0131m\u201d \u015fark\u0131s\u0131yla ba\u015flayan Nazan \u00d6ncel, yeni ve ge\u00e7mi\u015ften g\u00fcn\u00fcm\u00fcze dillere pelesenk olmu\u015f zamans\u0131z \u015fark\u0131lar\u0131n\u0131 dinlemeye gelen binlerce seveniyle hep bir a\u011f\u0131zdan seslendirdi. <\/p>\n\n\n\n<p>Muhte\u015fem yorumunun yan\u0131 s\u0131ra sahnedeki enerjisi ve danslar\u0131yla da geceye renk katan \u00d6ncel, harika performans\u0131yla dakikalarca ayakta alk\u0131\u015fland\u0131. \u201cAyaklar\u0131mda babetlerimle \u00e7ocuk ya\u015fta sahneye \u00e7\u0131kt\u0131\u011f\u0131mda e\u011fer kazara pop\u00fcler bir fig\u00fcr olarak sizlerle tan\u0131\u015fsayd\u0131m ad\u0131m k\u00fc\u00e7\u00fck Nazan\u2019a \u00e7\u0131kacakt\u0131 direkten d\u00f6nm\u00fc\u015f\u00fcm, sokak k\u0131z\u0131 olmu\u015fum. \u015eark\u0131larla aram\u0131zda sa\u011flam bir asma k\u00f6pr\u00fc kurarak hep beraber bug\u00fcnlere geldik; ne yapt\u0131ysak beraber yapt\u0131k\u201d dedi. <\/p>\n\n\n\n<p>Konu\u015fmas\u0131n\u0131n ard\u0131ndan hayranlar\u0131n\u0131n tezah\u00fcratlar\u0131 e\u015fli\u011finde \u201cSokak K\u0131z\u0131\u201d \u015fark\u0131s\u0131n\u0131 seslendiren Nazan \u00d6ncel, konser alan\u0131n\u0131 h\u0131nca h\u0131n\u00e7 dolduran kalabal\u0131\u011fa unutulmaz bir gece ya\u015fatt\u0131. Konser turnesine devam eden \u00d6ncel, 10 May\u0131s\u2019ta Konya Sel\u00e7uklu Kongre Merkezi\u2019nde, 13 May\u0131s\u2019ta Gaziantep GA\u00dcN Mavera KSM\u2019de, 16 May\u0131s\u2019ta Adana \u00c7ukurova \u00dcniversitesi A\u00e7\u0131khava\u2019da, 27 May\u0131s\u2019ta \u0130zmir K\u00fclt\u00fcrpark A\u00e7\u0131khava\u2019da, 14 Haziran\u2019da Ankara At\u0131l\u0131m\u2019da, 17 Haziran\u2019da Bursa K\u00fclt\u00fcrpark A\u00e7\u0131khava Tiyatrosu\u2019nda, 30 Haziran\u2019da ise Antalya A\u00e7\u0131khava\u2019da sahne alacak.<\/p>\n\n\n\n<figure class=\"wp-block-gallery has-nested-images columns-default is-cropped wp-block-gallery-1 is-layout-flex wp-block-gallery-is-layout-flex\">\n<figure class=\"wp-block-image size-large\"><img loading=\"lazy\" decoding=\"async\" width=\"819\" height=\"1024\" data-id=\"2191\" src=\"https:\/\/famelifemagazin.com\/wp-content\/uploads\/2024\/04\/image2-1-819x1024.jpeg\" alt=\"\" class=\"wp-image-2191\" srcset=\"https:\/\/famelifemagazin.com\/wp-content\/uploads\/2024\/04\/image2-1-819x1024.jpeg 819w, https:\/\/famelifemagazin.com\/wp-content\/uploads\/2024\/04\/image2-1-240x300.jpeg 240w, https:\/\/famelifemagazin.com\/wp-content\/uploads\/2024\/04\/image2-1-768x960.jpeg 768w, https:\/\/famelifemagazin.com\/wp-content\/uploads\/2024\/04\/image2-1-1229x1536.jpeg 1229w, https:\/\/famelifemagazin.com\/wp-content\/uploads\/2024\/04\/image2-1.jpeg 1376w\" sizes=\"auto, (max-width: 819px) 100vw, 819px\" \/><\/figure>\n\n\n\n<figure class=\"wp-block-image size-large\"><img loading=\"lazy\" decoding=\"async\" width=\"767\" height=\"1024\" data-id=\"2189\" src=\"https:\/\/famelifemagazin.com\/wp-content\/uploads\/2024\/04\/image1-767x1024.jpeg\" alt=\"\" class=\"wp-image-2189\" srcset=\"https:\/\/famelifemagazin.com\/wp-content\/uploads\/2024\/04\/image1-767x1024.jpeg 767w, https:\/\/famelifemagazin.com\/wp-content\/uploads\/2024\/04\/image1-225x300.jpeg 225w, https:\/\/famelifemagazin.com\/wp-content\/uploads\/2024\/04\/image1-768x1025.jpeg 768w, https:\/\/famelifemagazin.com\/wp-content\/uploads\/2024\/04\/image1-1151x1536.jpeg 1151w, https:\/\/famelifemagazin.com\/wp-content\/uploads\/2024\/04\/image1-1534x2048.jpeg 1534w, https:\/\/famelifemagazin.com\/wp-content\/uploads\/2024\/04\/image1.jpeg 1834w\" sizes=\"auto, (max-width: 767px) 100vw, 767px\" \/><\/figure>\n<\/figure>\n\n\n<div class=\"wp-block-image\">\n<figure class=\"aligncenter size-large is-resized\"><img loading=\"lazy\" decoding=\"async\" width=\"819\" height=\"1024\" src=\"https:\/\/famelifemagazin.com\/wp-content\/uploads\/2024\/04\/image0-1-819x1024.jpeg\" alt=\"\" class=\"wp-image-2193\" style=\"width:394px;height:auto\" srcset=\"https:\/\/famelifemagazin.com\/wp-content\/uploads\/2024\/04\/image0-1-819x1024.jpeg 819w, https:\/\/famelifemagazin.com\/wp-content\/uploads\/2024\/04\/image0-1-240x300.jpeg 240w, https:\/\/famelifemagazin.com\/wp-content\/uploads\/2024\/04\/image0-1-768x960.jpeg 768w, https:\/\/famelifemagazin.com\/wp-content\/uploads\/2024\/04\/image0-1-1229x1536.jpeg 1229w, https:\/\/famelifemagazin.com\/wp-content\/uploads\/2024\/04\/image0-1.jpeg 1376w\" sizes=\"auto, (max-width: 819px) 100vw, 819px\" \/><\/figure>\n<\/div>","protected":false},"excerpt":{"rendered":"<p>&nbsp;BGM\u2019DE NAZAN \u00d6NCEL TEZAH\u00dcRATLARI&nbsp;\u2026 &nbsp;NAZAN \u00d6NCEL T\u00dcRK\u0130YE TURNES\u0130N\u0130N STARTINI VERD\u0130&nbsp;&#8230; &nbsp;Besteleriyle ve s\u00f6yledi\u011fi \u015fark\u0131larla milyonlar\u0131n g\u00f6nl\u00fcnde taht kuran pop m\u00fczi\u011finin divas\u0131 Nazan \u00d6ncel, \u00f6nceki ak\u015fam KerkiSolfej organizasyonu ve Kral Pop Medya sponsorlu\u011funda Bostanc\u0131 G\u00f6steri Merkezi\u2019nde sahne ald\u0131. Program\u0131na \u201cSeni Bug\u00fcn G\u00f6rmem Laz\u0131m\u201d \u015fark\u0131s\u0131yla ba\u015flayan Nazan \u00d6ncel, yeni ve ge\u00e7mi\u015ften g\u00fcn\u00fcm\u00fcze dillere pelesenk olmu\u015f zamans\u0131z \u015fark\u0131lar\u0131n\u0131 [&hellip;]<\/p>\n","protected":false},"author":1,"featured_media":2187,"comment_status":"open","ping_status":"open","sticky":false,"template":"","format":"standard","meta":{"footnotes":""},"categories":[7,3],"tags":[],"class_list":["post-2186","post","type-post","status-publish","format-standard","has-post-thumbnail","hentry","category-muzik","category-son-haberler"],"_links":{"self":[{"href":"https:\/\/famelifemagazin.com\/index.php?rest_route=\/wp\/v2\/posts\/2186","targetHints":{"allow":["GET"]}}],"collection":[{"href":"https:\/\/famelifemagazin.com\/index.php?rest_route=\/wp\/v2\/posts"}],"about":[{"href":"https:\/\/famelifemagazin.com\/index.php?rest_route=\/wp\/v2\/types\/post"}],"author":[{"embeddable":true,"href":"https:\/\/famelifemagazin.com\/index.php?rest_route=\/wp\/v2\/users\/1"}],"replies":[{"embeddable":true,"href":"https:\/\/famelifemagazin.com\/index.php?rest_route=%2Fwp%2Fv2%2Fcomments&post=2186"}],"version-history":[{"count":2,"href":"https:\/\/famelifemagazin.com\/index.php?rest_route=\/wp\/v2\/posts\/2186\/revisions"}],"predecessor-version":[{"id":2194,"href":"https:\/\/famelifemagazin.com\/index.php?rest_route=\/wp\/v2\/posts\/2186\/revisions\/2194"}],"wp:featuredmedia":[{"embeddable":true,"href":"https:\/\/famelifemagazin.com\/index.php?rest_route=\/wp\/v2\/media\/2187"}],"wp:attachment":[{"href":"https:\/\/famelifemagazin.com\/index.php?rest_route=%2Fwp%2Fv2%2Fmedia&parent=2186"}],"wp:term":[{"taxonomy":"category","embeddable":true,"href":"https:\/\/famelifemagazin.com\/index.php?rest_route=%2Fwp%2Fv2%2Fcategories&post=2186"},{"taxonomy":"post_tag","embeddable":true,"href":"https:\/\/famelifemagazin.com\/index.php?rest_route=%2Fwp%2Fv2%2Ftags&post=2186"}],"curies":[{"name":"wp","href":"https:\/\/api.w.org\/{rel}","templated":true}]}}