{"id":2143,"date":"2024-04-27T11:47:28","date_gmt":"2024-04-27T11:47:28","guid":{"rendered":"https:\/\/famelifemagazin.com\/?p=2143"},"modified":"2024-04-27T11:47:28","modified_gmt":"2024-04-27T11:47:28","slug":"filelerin-yildizi-melissa-vargas-monaco-chain-by-sozerin-yeni-koleksiyon-yuzu-oldu","status":"publish","type":"post","link":"https:\/\/famelifemagazin.com\/?p=2143","title":{"rendered":"Filelerin y\u0131ld\u0131z\u0131 Melissa Vargas, Monaco Chain by S\u00f6zer\u2019in yeni koleksiyon y\u00fcz\u00fc oldu&#8230;"},"content":{"rendered":"\n<p><strong>Filelerin y\u0131ld\u0131z\u0131 Melissa Vargas r\u00fczgar\u0131, bu kez m\u00fccevher sekt\u00f6r\u00fcn\u00fcn yenilik\u00e7i markas\u0131 Monaco Chain by S\u00f6zer ile esecek. \u00dcst\u00fcn tasar\u0131m ve \u00fcretim teknolojisi ile sadece kendi \u00fcr\u00fcnlerinde bulunan \u201c\u00e7ift klik sistemi\u201dni geli\u015ftiren ve d\u00fcnyan\u0131n en hafif ve g\u00fc\u00e7l\u00fc zincirini \u00fcreterek rakiplerinden ayr\u0131\u015fan Monaco Chain by S\u00f6zer\u2019in koleksiyonlar\u0131 Melissa Vargas i\u015f birli\u011fi ile global pazarlarda ve T\u00fcrkiye\u2019de \u201cman\u015fet\u201d olmaya haz\u0131rlan\u0131yor.<\/strong><\/p>\n\n\n\n<p>M\u00fccevher sekt\u00f6r\u00fcn\u00fcn yenilik\u00e7i markas\u0131 Monaco Chain by S\u00f6zer, voleybol d\u00fcnyas\u0131n\u0131n sahalarda devle\u015fen ismi K\u00fcba as\u0131ll\u0131 T\u00fcrk sporcu Melissa Vargas ile ger\u00e7ekle\u015ftirdi\u011fi i\u015f birli\u011finde, global pazardaki hedeflerini b\u00fcy\u00fctt\u00fc.<\/p>\n\n\n\n<p>Latin Amerika \u00fclkesi K\u00fcba\u2019dan t\u00fcm d\u00fcnyaya yay\u0131lan \u2018alt\u0131n zincir\u2019 k\u00fclt\u00fcr\u00fcn\u00fcn T\u00fcrkiye\u2019deki tek temsilcisi Monaco Chain by S\u00f6zer, A Mili Kad\u0131n Voleybol Tak\u0131m\u0131\u2019n\u0131n y\u0131ld\u0131z ismi, K\u00fcba as\u0131ll\u0131 Melissa Vargas ile koleksiyonlar\u0131n\u0131 zirveye ta\u015f\u0131mak i\u00e7in \u00f6zel bir i\u015f birli\u011fine imza att\u0131.<\/p>\n\n\n\n<p>Monaco Chain\u2019in bu i\u015fbirli\u011fi sonucundaki \u00f6ncelikli hedefi hem d\u00fcnyada hem de T\u00fcrkiye\u2019de y\u0131ld\u0131zla\u015fan Melissa Vargas\u2019\u0131n \u201cg\u00fcc\u00fc\u201d ile \u201calt\u0131n zincir\u201d k\u00fclt\u00fcr\u00fcn\u00fcn T\u00fcrkiye\u2019de daha geni\u015f kitlelere ula\u015fmas\u0131n\u0131 sa\u011flamak. Monaco Chain by S\u00f6zer ayr\u0131ca global pazarlardaki marka bilinirli\u011fini de art\u0131rmay\u0131 hedefliyor.<\/p>\n\n\n\n<p>\u201cMonaco Chain, Melissa Vargas ile u\u00e7u\u015fa ge\u00e7ecek\u201d<\/p>\n\n\n\n<p>S\u00f6zer Kuyumculuk Y\u00f6netim Kurulu Ba\u015fkan\u0131 Metin S\u00f6zer,<\/p>\n\n\n\n<p>Monaco Chain ve Vargas bulu\u015fmas\u0131na dair hedeflerini \u015fu s\u00f6zlerle a\u00e7\u0131klad\u0131: \u201cLatin Amerika \u00fclkesi K\u00fcba\u2019dan t\u00fcm d\u00fcnyaya yay\u0131lan \u2018alt\u0131n zincir\u2019 k\u00fclt\u00fcr\u00fcn\u00fcn T\u00fcrkiye\u2019deki tek temsilcisiyiz. Vargas\u2019\u0131n K\u00fcba k\u00f6kenli bir T\u00fcrk vatanda\u015f\u0131 olmas\u0131, d\u00fcnyaca tan\u0131nan \u00fcst\u00fcn ba\u015far\u0131l\u0131 bir sporcu olmas\u0131 ve markam\u0131z Monaco Chain\u2019in kimli\u011fi ile \u00f6rt\u00fc\u015fen \u2018g\u00fcc\u00fc\u2019 dolay\u0131s\u0131yla olu\u015fan m\u00fckemmel uyumdan dolay\u0131, \u00e7ok mutluyuz. Monaco Chain by S\u00f6zer koleksiyonlar\u0131, Melissa Vargas ismi ile global pazarlarda u\u00e7u\u015fa ge\u00e7erek \u00e7ok daha fazla ses getirecek.\u201d<\/p>\n\n\n\n<p>\u201cKilidi \u00f6nde tasarlayarak modaya y\u00f6n verdik\u201d<\/p>\n\n\n\n<p>Ar-Ge\u2019ye \u00f6nem veren ve d\u00fcnya trendleri ile teknolojiyi yak\u0131ndan takip eden bir marka olduklar\u0131n\u0131n alt\u0131n\u0131 \u00e7izen Metin S\u00f6zer, \u201c1984 y\u0131l\u0131ndan bu yana yer ald\u0131\u011f\u0131m\u0131z sekt\u00f6rdeki global deneyimlerimiz, g\u00f6zlemlerimiz ve trendleri yak\u0131ndan takip etmemiz sonucunda 2016 y\u0131l\u0131nda, pazardaki potansiyeli g\u00f6rd\u00fck ve bu kategorinin bir markas\u0131 olmad\u0131\u011f\u0131n\u0131n fark\u0131na vararak \u2018alt\u0131n zincir\u2019i sahiplendik.<\/p>\n\n\n\n<p>Hem tasar\u0131m hem \u00fcretiminde getirdi\u011fimiz \u2018kilit, kilit arkas\u0131 ve \u00e7\u0131t \u00e7\u0131t\u2019 gibi yenilik\u00e7i ve \u00f6nc\u00fc uygulamalar ile alt\u0131n zinciri daha eri\u015filebilir, ya\u015f s\u0131n\u0131r\u0131 olmayan ve haftan\u0131n her g\u00fcn\u00fc, g\u00fcn\u00fcn her saati kullan\u0131labilecek bir \u00fcr\u00fcn haline getirdik. O g\u00fcne dek bu t\u00fcr \u00fcr\u00fcnlerde kilit arka tarafta tutulan ve g\u00f6r\u00fcnmemesi istenen bir par\u00e7a iken, kilidi \u00f6nde tasarlayarak modaya y\u00f6n verdik\u201d dedi.<\/p>\n\n\n\n<p>\u00dcr\u00fcnlerinin ba\u015fta Amerika k\u0131tas\u0131 olmak \u00fczere, Uzak Do\u011fu, Orta Do\u011fu ve Avrupa\u2019da 100\u2019e yak\u0131n \u00fclkede sat\u0131larak global pazarlardaki y\u00fckseli\u015f trendlerinin h\u0131zla s\u00fcrd\u00fc\u011f\u00fcne dikkat \u00e7eken Metin S\u00f6zer, Melissa Vargas ile ba\u015flayan kampanyalar\u0131n\u0131n marka bilinirli\u011fi ve tercih edilmelerini daha da art\u0131raca\u011f\u0131na inand\u0131klar\u0131n\u0131 s\u00f6yledi.<\/p>\n\n\n\n<p>K\u00fcba\u2019dan T\u00fcrkiye\u2019ye uzanan sevgi ve dayan\u0131\u015fma zinciri<\/p>\n\n\n\n<p>Voleybola do\u011fup b\u00fcy\u00fcd\u00fc\u011f\u00fc K\u00fcba\u2019da ba\u015flayan, ard\u0131ndan T\u00fcrkiye\u2019de sergiledi\u011fi performans ile filelerdeki ba\u015far\u0131s\u0131n\u0131 zirveye ta\u015f\u0131yarak 2023 y\u0131l\u0131nda CEV Avrupa Voleybol \u015eampiyonas\u0131 \u201cEn De\u011ferli Oyuncu\u201d \u00f6d\u00fcl\u00fcne lay\u0131k g\u00f6r\u00fclen Melissa Vargas da Monaco Chain markas\u0131 ile bir araya gelmekten duydu\u011fu mutlulu\u011fu dile getirerek i\u015f birli\u011fi hakk\u0131nda \u015funlar\u0131 s\u00f6yledi:<\/p>\n\n\n\n<p>\u201cK\u00fcba\u2019da \u00e7ok sevilen, oradan da t\u00fcm d\u00fcnyaya yay\u0131lan \u2018alt\u0131n zincir\u2019, benim i\u00e7in de \u00e7ok \u00f6zel bir aksesuar. K\u00fcba\u2019dan T\u00fcrkiye\u2019ye uzanan bu zincirin bir par\u00e7as\u0131 olmak, heyecan verici. Monaco Chain de benim gibi kendi topraklar\u0131ndan d\u00fcnyaya a\u00e7\u0131lm\u0131\u015f bir ba\u015far\u0131 \u00f6yk\u00fcs\u00fc. Hikayelerimizin benzerli\u011fi benim i\u00e7in \u00e7ok de\u011ferli. Bana bu f\u0131rsat\u0131 sundu\u011fu i\u00e7in Monaco Chain\u2019e te\u015fekk\u00fcr ediyorum.\u201d<\/p>\n\n\n\n<p>Vargas\u2019\u0131n y\u0131ld\u0131z\u0131 \u201cMelek Kanatl\u0131 Kolye\u201d modeli oldu<\/p>\n\n\n\n<p>Reklam filmi ve foto\u011fraf \u00e7ekimlerinde Monaco Chain by S\u00f6zer koleksiyonuna ait bir\u00e7ok \u00fcr\u00fcn\u00fc de deneme f\u0131rsat\u0131 bulan sahalar\u0131n y\u00fckselen y\u0131ld\u0131z\u0131 Vargas, koleksiyondaki her par\u00e7an\u0131n \u00e7ok \u00f6zel ve \u015f\u0131k oldu\u011funu ancak favori \u00fcr\u00fcn\u00fcn \u201cMelek Kanatl\u0131 Kolye\u201d oldu\u011funu belirtti. Melissa Vargas ve Monaco Chain by S\u00f6zer i\u015f birli\u011finde usta isimlerle haz\u0131rlanan reklam filminin y\u00f6netmenli\u011fini Hakan Yonat, kampanyan\u0131n foto\u011fraf \u00e7ekimlerini ise Tamer Y\u0131lmaz \u00fcstlendi.<\/p>\n\n\n\n<p>\u00c7ift klik sistemi ile g\u00fcvence sa\u011fl\u0131yor<\/p>\n\n\n\n<p>T\u00fcrkiye pazar\u0131nda kendine \u00f6zg\u00fc konumland\u0131rmas\u0131 ile segmentindeki marka \u00f6nc\u00fcl\u00fc\u011f\u00fcn\u00fc y\u0131llard\u0131r s\u00fcrd\u00fcren Monaco Chain by S\u00f6zer\u2019in bu ba\u015far\u0131lar\u0131n\u0131n ard\u0131nda; kendi geli\u015ftirdi\u011fi teknoloji ile yar\u0131m as\u0131rl\u0131k tecr\u00fcbeyi bir araya getirmesi bulunuyor.<\/p>\n\n\n\n<p>\u00dcst\u00fcn tasar\u0131m ve \u00fcretim teknolojisi sayesinde d\u00fcnyan\u0131n en hafif ve g\u00fc\u00e7l\u00fc zincirini geli\u015ftiren Monaco Chain by S\u00f6zer\u2019in, kendi geli\u015ftirdi\u011fi \u201c\u00e7ift klik sistemi\u201d ile sa\u011flad\u0131\u011f\u0131 g\u00fcvence, benzerlerinden ayr\u0131\u015farak b\u00fcy\u00fck fark yarat\u0131yor.<\/p>\n\n\n\n<p>T\u00fcrkiye\u2019de sadece Atasay ma\u011fazalar\u0131nda sat\u0131lan Monaco Chain by S\u00f6zer\u2019in T\u00fcrkiye\u2019deki artan talep do\u011frultusunda \u00f6n\u00fcm\u00fczdeki d\u00f6nem hedefleri aras\u0131nda, yeni stratejik i\u015fbirlikleri ve distrib\u00fct\u00f6r anla\u015fmalar\u0131yla, mevcut sat\u0131\u015f kanallar\u0131n\u0131 \u00e7e\u015fitlendirmek ve yurtd\u0131\u015f\u0131nda daha farkl\u0131 pazarlara a\u00e7\u0131lmak yer al\u0131yor.<\/p>\n\n\n\n<p>Latin \u00fclkelerinde Selim Bayraktar r\u00fczgar\u0131 estiriyor<\/p>\n\n\n\n<p>Monaco Chain by S\u00f6zer\u2019in alt\u0131n zincir serisinin Latin Amerika \u00fclkelerindeki kampanya y\u00fcz\u00fc ise oyuncu Selim Bayraktar. Monaco Chain by S\u00f6zer XXMC koleksiyonunun kampanya y\u00fcz\u00fc olan Selim Bayraktar, kendi ya\u015fam\u0131yla birebir e\u015fle\u015fen \u2018g\u00fc\u00e7 ve esneklik\u2019 kavramlar\u0131n\u0131n \u00f6ne \u00e7\u0131kt\u0131\u011f\u0131 bir markayla i\u015f birli\u011fi yapmaktan dolay\u0131 mutlu oldu\u011funu s\u00f6yledi.<\/p>\n\n\n\n<p><\/p>\n","protected":false},"excerpt":{"rendered":"<p>Filelerin y\u0131ld\u0131z\u0131 Melissa Vargas r\u00fczgar\u0131, bu kez m\u00fccevher sekt\u00f6r\u00fcn\u00fcn yenilik\u00e7i markas\u0131 Monaco Chain by S\u00f6zer ile esecek. \u00dcst\u00fcn tasar\u0131m ve \u00fcretim teknolojisi ile sadece kendi \u00fcr\u00fcnlerinde bulunan \u201c\u00e7ift klik sistemi\u201dni geli\u015ftiren ve d\u00fcnyan\u0131n en hafif ve g\u00fc\u00e7l\u00fc zincirini \u00fcreterek rakiplerinden ayr\u0131\u015fan Monaco Chain by S\u00f6zer\u2019in koleksiyonlar\u0131 Melissa Vargas i\u015f birli\u011fi ile global pazarlarda ve T\u00fcrkiye\u2019de [&hellip;]<\/p>\n","protected":false},"author":1,"featured_media":2144,"comment_status":"open","ping_status":"open","sticky":false,"template":"","format":"standard","meta":{"footnotes":""},"categories":[4,3],"tags":[],"class_list":["post-2143","post","type-post","status-publish","format-standard","has-post-thumbnail","hentry","category-magazin","category-son-haberler"],"_links":{"self":[{"href":"https:\/\/famelifemagazin.com\/index.php?rest_route=\/wp\/v2\/posts\/2143","targetHints":{"allow":["GET"]}}],"collection":[{"href":"https:\/\/famelifemagazin.com\/index.php?rest_route=\/wp\/v2\/posts"}],"about":[{"href":"https:\/\/famelifemagazin.com\/index.php?rest_route=\/wp\/v2\/types\/post"}],"author":[{"embeddable":true,"href":"https:\/\/famelifemagazin.com\/index.php?rest_route=\/wp\/v2\/users\/1"}],"replies":[{"embeddable":true,"href":"https:\/\/famelifemagazin.com\/index.php?rest_route=%2Fwp%2Fv2%2Fcomments&post=2143"}],"version-history":[{"count":1,"href":"https:\/\/famelifemagazin.com\/index.php?rest_route=\/wp\/v2\/posts\/2143\/revisions"}],"predecessor-version":[{"id":2145,"href":"https:\/\/famelifemagazin.com\/index.php?rest_route=\/wp\/v2\/posts\/2143\/revisions\/2145"}],"wp:featuredmedia":[{"embeddable":true,"href":"https:\/\/famelifemagazin.com\/index.php?rest_route=\/wp\/v2\/media\/2144"}],"wp:attachment":[{"href":"https:\/\/famelifemagazin.com\/index.php?rest_route=%2Fwp%2Fv2%2Fmedia&parent=2143"}],"wp:term":[{"taxonomy":"category","embeddable":true,"href":"https:\/\/famelifemagazin.com\/index.php?rest_route=%2Fwp%2Fv2%2Fcategories&post=2143"},{"taxonomy":"post_tag","embeddable":true,"href":"https:\/\/famelifemagazin.com\/index.php?rest_route=%2Fwp%2Fv2%2Ftags&post=2143"}],"curies":[{"name":"wp","href":"https:\/\/api.w.org\/{rel}","templated":true}]}}