{"id":2116,"date":"2024-04-26T08:50:46","date_gmt":"2024-04-26T08:50:46","guid":{"rendered":"https:\/\/famelifemagazin.com\/?p=2116"},"modified":"2024-04-26T08:51:40","modified_gmt":"2024-04-26T08:51:40","slug":"lara-fabian-buyulu-sesiyle-bir-kez-daha-istanbulda-hayranlariyla-bulustu","status":"publish","type":"post","link":"https:\/\/famelifemagazin.com\/?p=2116","title":{"rendered":"LARA FABIAN B\u00dcY\u00dcL\u00dc SES\u0130YLE B\u0130R KEZ DAHA \u0130STANBUL\u2019DA HAYRANLARIYLA BULU\u015eTU"},"content":{"rendered":"\n<p><strong>Lara Fabian, &#8220;Je t&#8217;aime&#8221; D\u00fcnya Turnesi kapsam\u0131nda 25 Nisan 2024&#8217;te \u0130stanbul Volkswagen Arena&#8217;da unutulmaz bir konserle m\u00fczikseverlerle bulu\u015ftu. Piu Entertainment organizasyonuyla ger\u00e7ekle\u015fen unutulmaz gecede geni\u015f repertuar\u0131 ve etkileyici performans\u0131yla hayranlar\u0131n\u0131 duygu dolu bir m\u00fczikal yolculu\u011fa \u00e7\u0131kard\u0131.<\/strong><\/p>\n\n\n\n<p>D\u00fcnyaca \u00fcnl\u00fc \u015fark\u0131c\u0131 Lara Fabian, m\u00fczikseverlere unutulmaz bir gece ya\u015fatmak \u00fczere 25 Nisan 2024&#8217;te \u0130stanbul Volkswagen Arena&#8217;da sahne ald\u0131. Kariyerine gen\u00e7 ya\u015fta ba\u015flayan Bel\u00e7ika &#8211; \u0130talyan k\u00f6kenli Fabian, g\u00fc\u00e7l\u00fc vokali ve etkileyici sahne performanslar\u0131yla d\u00fcnya \u00e7ap\u0131nda b\u00fcy\u00fck bir hayran kitlesine sahip. Yirmiden fazla dilde \u015fark\u0131 s\u00f6yleyen sanat\u00e7\u0131, milyonlarca satan alb\u00fcmlerinin yan\u0131nda bir\u00e7ok uluslararas\u0131 \u00f6d\u00fcl\u00fcn de sahibi.<\/p>\n\n\n\n<p>Konser boyunca s\u0131k s\u0131k ayakta alk\u0131\u015flanan sanat\u00e7\u0131 T\u00fcrk izleyicisinin \u00e7ok duygu ve co\u015fku dolu oldu\u011funu s\u00f6yledi. \u0130stanbul&#8217;da \u00e7ok \u00f6zel ve \u00f6zenli bir \u015fekilde a\u011f\u0131rland\u0131\u011f\u0131n\u0131 belirten Fabian, T\u00fcrk hayranlar\u0131 ile tekrar tekrar bulu\u015fmaktan \u00e7ok keyif ald\u0131\u011f\u0131n\u0131 s\u00f6yledi. Klasikle\u015fen \u015fark\u0131lar\u0131n\u0131n yani s\u0131ra sahnede yeni \u015fark\u0131lar\u0131na da yer verdi. Kapan\u0131\u015f\u0131 ise adeta bir k\u00fclt haline gelen J&#8217;taime ile yapt\u0131.<\/p>\n\n\n\n<p>Fabian&#8217;\u0131n kariyeri, pop, rock, ve klasik m\u00fczi\u011fi birle\u015ftiren benzersiz bir m\u00fczikal zenginlikle dikkat \u00e7ekiyor. &#8220;Adagio&#8221;, &#8220;Je t&#8217;aime&#8221;, \u201cI Will Love Again\u201d ve &#8220;Love by Grace&#8221; gibi hit \u015fark\u0131lar\u0131 d\u00fcnya listelerinde benzersiz ba\u015far\u0131lar\u0131 da beraberinde getirdi. Lara Fabian, aralar\u0131nda \u201cEn \u0130yi Kad\u0131n Sanat\u00e7\u0131\u201d, \u201cY\u0131l\u0131n En \u0130yi Canl\u0131 Performans\u0131\u201d, \u201cY\u0131l\u0131n En \u0130yi Alb\u00fcm\u00fc\u201d, D\u00fcnya M\u00fczik \u00d6d\u00fclleri\u2019nde En \u00c7ok Satan Sanat\u00e7\u0131, Je T\u2019aime ile \u201cY\u0131l\u0131n En Pop\u00fcler \u015fark\u0131s\u0131\u201d gibi \u00f6d\u00fclleri kazan\u0131rken, \u201cI Will Love Again\u201d ile de Billboard Dans M\u00fczi\u011fi Listesi\u2019nde 58 hafta boyunca 1 numarada kald\u0131.<\/p>\n\n\n\n<p>T\u00fcrk hayranlar\u0131yla \u00f6zel bir ba\u011f kuran Lara Fabian \u0130stanbul\u2019da yine unutulmaz bir geceye imza att\u0131.<\/p>\n\n\n\n<p><strong>Piu Entertainment Hakk\u0131nda;<\/strong><\/p>\n\n\n\n<p>Piu Entertainment, m\u00fczik, tiyatro, opera, m\u00fczikal, dans ve sahne \u015fovlar\u0131 gibi farkl\u0131 disiplinlerde prestijli prod\u00fcksiyonlar\u0131n yap\u0131mc\u0131l\u0131\u011f\u0131n\u0131 ve organizasyonunu ger\u00e7ekle\u015ftirmektedir. \u0130stanbul ve Londra ofisleriyle global entertainment sekt\u00f6r\u00fcn\u00fc yak\u0131ndan takip eden Piu Entertainment, Birle\u015fik Krall\u0131k\u2019ta yabanc\u0131 d\u00fcnya starlar\u0131 ile konserler d\u00fczenleyen ilk T\u00fcrk organizasyon \u015firketidir. Goran Bregovic, Lara Fabian, Kitaro, Buika, Isabelle Huppert, Monica Belluci, Havasi ve daha bir\u00e7ok y\u0131ld\u0131z\u0131n etkinliklerini d\u00fcnyaca \u00fcnl\u00fc Royal Albert Hall, Barbican Centre, Southbank Centre ve Hammersmith Apollo gibi ikonik salonlarda ger\u00e7ekle\u015ftirmektedir. <\/p>\n\n\n\n<p>Londra\u2019da \u0130ngiliz oyuncu ve yarat\u0131c\u0131 ekibiyle \u00fcretilen En \u0130yi M\u00fczikal Tony \u00d6d\u00fcl\u00fc sahibi, Green Day\u2019s American Idiot m\u00fczikalinin ve 2016 y\u0131l\u0131nda d\u00fcnya pr\u00f6miyeri \u0130stanbul\u2019da ger\u00e7ekle\u015fen, Banksy\u2019nin \u201cThe Story Behind: Banksy \u2013 Global Art Show\u201d sergisinin ortak yap\u0131mc\u0131s\u0131d\u0131r. Ocak 2020\u2019de pr\u00f6miyer yapan ve bilet sat\u0131\u015f rekorlar\u0131 k\u0131ran, T\u00fcrk tiyatrosunun en \u00f6nemli prod\u00fcksiyonlar\u0131ndan, 19 \u00f6d\u00fcl sahibi Amadeus\u2019un, K\u00fcheylan, Timsah Ate\u015fi\u2019nin SAKM ile ortak yap\u0131mc\u0131l\u0131\u011f\u0131n\u0131 \u00fcstlenmektedir.<\/p>\n\n\n\n<p>Cumhuriyet\u2019in 100. Y\u0131l\u0131 i\u00e7in \u00f6zel olarak sahneye konan, T\u00fcrkiye\u2019nin en b\u00fcy\u00fck prod\u00fcksiyonlar\u0131ndan biri olan 1923 M\u00fczikali\u2019nin ve A\u015f\u0131k Shakespeare oyunlar\u0131n\u0131n da SAKM ve Zorlu PSM ile ortak yap\u0131mc\u0131s\u0131d\u0131r. Sanat\u0131 ilham kayna\u011f\u0131 ve evrensel bir dil olarak g\u00f6ren Piu Entertainment, sanat d\u00fcnyas\u0131nda 11. y\u0131l\u0131n\u0131 kutluyor.<\/p>\n\n\n\n<figure class=\"wp-block-gallery has-nested-images columns-default is-cropped wp-block-gallery-1 is-layout-flex wp-block-gallery-is-layout-flex\">\n<figure class=\"wp-block-image size-large\"><img loading=\"lazy\" decoding=\"async\" width=\"1024\" height=\"683\" data-id=\"2118\" src=\"https:\/\/famelifemagazin.com\/wp-content\/uploads\/2024\/04\/VW_Lara_Fabian_Arda-250424-265_074058381-1024x683.jpg\" alt=\"\" class=\"wp-image-2118\" srcset=\"https:\/\/famelifemagazin.com\/wp-content\/uploads\/2024\/04\/VW_Lara_Fabian_Arda-250424-265_074058381-1024x683.jpg 1024w, https:\/\/famelifemagazin.com\/wp-content\/uploads\/2024\/04\/VW_Lara_Fabian_Arda-250424-265_074058381-300x200.jpg 300w, https:\/\/famelifemagazin.com\/wp-content\/uploads\/2024\/04\/VW_Lara_Fabian_Arda-250424-265_074058381-768x512.jpg 768w, https:\/\/famelifemagazin.com\/wp-content\/uploads\/2024\/04\/VW_Lara_Fabian_Arda-250424-265_074058381-1536x1024.jpg 1536w, https:\/\/famelifemagazin.com\/wp-content\/uploads\/2024\/04\/VW_Lara_Fabian_Arda-250424-265_074058381-2048x1366.jpg 2048w\" sizes=\"auto, (max-width: 1024px) 100vw, 1024px\" \/><\/figure>\n\n\n\n<figure class=\"wp-block-image size-large\"><img loading=\"lazy\" decoding=\"async\" width=\"1024\" height=\"683\" data-id=\"2117\" src=\"https:\/\/famelifemagazin.com\/wp-content\/uploads\/2024\/04\/VW_Lara_Fabian_Arda-250424-103_074058068-1024x683.jpg\" alt=\"\" class=\"wp-image-2117\" srcset=\"https:\/\/famelifemagazin.com\/wp-content\/uploads\/2024\/04\/VW_Lara_Fabian_Arda-250424-103_074058068-1024x683.jpg 1024w, https:\/\/famelifemagazin.com\/wp-content\/uploads\/2024\/04\/VW_Lara_Fabian_Arda-250424-103_074058068-300x200.jpg 300w, https:\/\/famelifemagazin.com\/wp-content\/uploads\/2024\/04\/VW_Lara_Fabian_Arda-250424-103_074058068-768x512.jpg 768w, https:\/\/famelifemagazin.com\/wp-content\/uploads\/2024\/04\/VW_Lara_Fabian_Arda-250424-103_074058068-1536x1024.jpg 1536w, https:\/\/famelifemagazin.com\/wp-content\/uploads\/2024\/04\/VW_Lara_Fabian_Arda-250424-103_074058068-2048x1366.jpg 2048w\" sizes=\"auto, (max-width: 1024px) 100vw, 1024px\" \/><\/figure>\n<\/figure>\n\n\n\n<figure class=\"wp-block-gallery has-nested-images columns-default is-cropped wp-block-gallery-2 is-layout-flex wp-block-gallery-is-layout-flex\">\n<figure class=\"wp-block-image size-large\"><img loading=\"lazy\" decoding=\"async\" width=\"1024\" height=\"683\" data-id=\"2119\" src=\"https:\/\/famelifemagazin.com\/wp-content\/uploads\/2024\/04\/VW_Lara_Fabian_Arda-250424-182_074057718-1024x683.jpg\" alt=\"\" class=\"wp-image-2119\" srcset=\"https:\/\/famelifemagazin.com\/wp-content\/uploads\/2024\/04\/VW_Lara_Fabian_Arda-250424-182_074057718-1024x683.jpg 1024w, https:\/\/famelifemagazin.com\/wp-content\/uploads\/2024\/04\/VW_Lara_Fabian_Arda-250424-182_074057718-300x200.jpg 300w, https:\/\/famelifemagazin.com\/wp-content\/uploads\/2024\/04\/VW_Lara_Fabian_Arda-250424-182_074057718-768x512.jpg 768w, https:\/\/famelifemagazin.com\/wp-content\/uploads\/2024\/04\/VW_Lara_Fabian_Arda-250424-182_074057718-1536x1024.jpg 1536w, https:\/\/famelifemagazin.com\/wp-content\/uploads\/2024\/04\/VW_Lara_Fabian_Arda-250424-182_074057718-2048x1366.jpg 2048w\" sizes=\"auto, (max-width: 1024px) 100vw, 1024px\" \/><\/figure>\n\n\n\n<figure class=\"wp-block-image size-large\"><img loading=\"lazy\" decoding=\"async\" width=\"1024\" height=\"683\" data-id=\"2120\" src=\"https:\/\/famelifemagazin.com\/wp-content\/uploads\/2024\/04\/VW_Lara_Fabian_Arda-250424-014_074057375-1024x683.jpg\" alt=\"\" class=\"wp-image-2120\" srcset=\"https:\/\/famelifemagazin.com\/wp-content\/uploads\/2024\/04\/VW_Lara_Fabian_Arda-250424-014_074057375-1024x683.jpg 1024w, https:\/\/famelifemagazin.com\/wp-content\/uploads\/2024\/04\/VW_Lara_Fabian_Arda-250424-014_074057375-300x200.jpg 300w, https:\/\/famelifemagazin.com\/wp-content\/uploads\/2024\/04\/VW_Lara_Fabian_Arda-250424-014_074057375-768x512.jpg 768w, https:\/\/famelifemagazin.com\/wp-content\/uploads\/2024\/04\/VW_Lara_Fabian_Arda-250424-014_074057375-1536x1024.jpg 1536w, https:\/\/famelifemagazin.com\/wp-content\/uploads\/2024\/04\/VW_Lara_Fabian_Arda-250424-014_074057375-2048x1366.jpg 2048w\" sizes=\"auto, (max-width: 1024px) 100vw, 1024px\" \/><\/figure>\n<\/figure>\n\n\n\n<figure class=\"wp-block-gallery has-nested-images columns-default is-cropped wp-block-gallery-3 is-layout-flex wp-block-gallery-is-layout-flex\">\n<figure class=\"wp-block-image size-large\"><img loading=\"lazy\" decoding=\"async\" width=\"1024\" height=\"683\" data-id=\"2123\" src=\"https:\/\/famelifemagazin.com\/wp-content\/uploads\/2024\/04\/VW_Lara_Fabian_Arda-250424-256_074057078-1024x683.jpg\" alt=\"\" class=\"wp-image-2123\" srcset=\"https:\/\/famelifemagazin.com\/wp-content\/uploads\/2024\/04\/VW_Lara_Fabian_Arda-250424-256_074057078-1024x683.jpg 1024w, https:\/\/famelifemagazin.com\/wp-content\/uploads\/2024\/04\/VW_Lara_Fabian_Arda-250424-256_074057078-300x200.jpg 300w, https:\/\/famelifemagazin.com\/wp-content\/uploads\/2024\/04\/VW_Lara_Fabian_Arda-250424-256_074057078-768x512.jpg 768w, https:\/\/famelifemagazin.com\/wp-content\/uploads\/2024\/04\/VW_Lara_Fabian_Arda-250424-256_074057078-1536x1024.jpg 1536w, https:\/\/famelifemagazin.com\/wp-content\/uploads\/2024\/04\/VW_Lara_Fabian_Arda-250424-256_074057078-2048x1366.jpg 2048w\" sizes=\"auto, (max-width: 1024px) 100vw, 1024px\" \/><\/figure>\n\n\n\n<figure class=\"wp-block-image size-large\"><img loading=\"lazy\" decoding=\"async\" width=\"1024\" height=\"683\" data-id=\"2122\" src=\"https:\/\/famelifemagazin.com\/wp-content\/uploads\/2024\/04\/VW_Lara_Fabian_Arda-250424-240_074056797-1-1024x683.jpg\" alt=\"\" class=\"wp-image-2122\" srcset=\"https:\/\/famelifemagazin.com\/wp-content\/uploads\/2024\/04\/VW_Lara_Fabian_Arda-250424-240_074056797-1-1024x683.jpg 1024w, https:\/\/famelifemagazin.com\/wp-content\/uploads\/2024\/04\/VW_Lara_Fabian_Arda-250424-240_074056797-1-300x200.jpg 300w, https:\/\/famelifemagazin.com\/wp-content\/uploads\/2024\/04\/VW_Lara_Fabian_Arda-250424-240_074056797-1-768x512.jpg 768w, https:\/\/famelifemagazin.com\/wp-content\/uploads\/2024\/04\/VW_Lara_Fabian_Arda-250424-240_074056797-1-1536x1024.jpg 1536w, https:\/\/famelifemagazin.com\/wp-content\/uploads\/2024\/04\/VW_Lara_Fabian_Arda-250424-240_074056797-1-2048x1366.jpg 2048w\" sizes=\"auto, (max-width: 1024px) 100vw, 1024px\" \/><\/figure>\n<\/figure>\n\n\n\n<figure class=\"wp-block-gallery has-nested-images columns-default is-cropped wp-block-gallery-4 is-layout-flex wp-block-gallery-is-layout-flex\">\n<figure class=\"wp-block-image size-large\"><img loading=\"lazy\" decoding=\"async\" width=\"1024\" height=\"683\" data-id=\"2125\" src=\"https:\/\/famelifemagazin.com\/wp-content\/uploads\/2024\/04\/VW_Lara_Fabian_Arda-250424-115_074056514-1024x683.jpg\" alt=\"\" class=\"wp-image-2125\" srcset=\"https:\/\/famelifemagazin.com\/wp-content\/uploads\/2024\/04\/VW_Lara_Fabian_Arda-250424-115_074056514-1024x683.jpg 1024w, https:\/\/famelifemagazin.com\/wp-content\/uploads\/2024\/04\/VW_Lara_Fabian_Arda-250424-115_074056514-300x200.jpg 300w, https:\/\/famelifemagazin.com\/wp-content\/uploads\/2024\/04\/VW_Lara_Fabian_Arda-250424-115_074056514-768x512.jpg 768w, https:\/\/famelifemagazin.com\/wp-content\/uploads\/2024\/04\/VW_Lara_Fabian_Arda-250424-115_074056514-1536x1024.jpg 1536w, https:\/\/famelifemagazin.com\/wp-content\/uploads\/2024\/04\/VW_Lara_Fabian_Arda-250424-115_074056514-2048x1366.jpg 2048w\" sizes=\"auto, (max-width: 1024px) 100vw, 1024px\" \/><\/figure>\n\n\n\n<figure class=\"wp-block-image size-large\"><img loading=\"lazy\" decoding=\"async\" width=\"1024\" height=\"683\" data-id=\"2124\" src=\"https:\/\/famelifemagazin.com\/wp-content\/uploads\/2024\/04\/VW_Lara_Fabian_Arda-250424-247_074056185-1024x683.jpg\" alt=\"\" class=\"wp-image-2124\" srcset=\"https:\/\/famelifemagazin.com\/wp-content\/uploads\/2024\/04\/VW_Lara_Fabian_Arda-250424-247_074056185-1024x683.jpg 1024w, https:\/\/famelifemagazin.com\/wp-content\/uploads\/2024\/04\/VW_Lara_Fabian_Arda-250424-247_074056185-300x200.jpg 300w, https:\/\/famelifemagazin.com\/wp-content\/uploads\/2024\/04\/VW_Lara_Fabian_Arda-250424-247_074056185-768x512.jpg 768w, https:\/\/famelifemagazin.com\/wp-content\/uploads\/2024\/04\/VW_Lara_Fabian_Arda-250424-247_074056185-1536x1024.jpg 1536w, https:\/\/famelifemagazin.com\/wp-content\/uploads\/2024\/04\/VW_Lara_Fabian_Arda-250424-247_074056185-2048x1366.jpg 2048w\" sizes=\"auto, (max-width: 1024px) 100vw, 1024px\" \/><\/figure>\n<\/figure>\n\n\n\n<figure class=\"wp-block-image size-large\"><img loading=\"lazy\" decoding=\"async\" width=\"1024\" height=\"683\" src=\"https:\/\/famelifemagazin.com\/wp-content\/uploads\/2024\/04\/VW_Lara_Fabian_Arda-250424-161_074055915-1024x683.jpg\" alt=\"\" class=\"wp-image-2126\" srcset=\"https:\/\/famelifemagazin.com\/wp-content\/uploads\/2024\/04\/VW_Lara_Fabian_Arda-250424-161_074055915-1024x683.jpg 1024w, https:\/\/famelifemagazin.com\/wp-content\/uploads\/2024\/04\/VW_Lara_Fabian_Arda-250424-161_074055915-300x200.jpg 300w, https:\/\/famelifemagazin.com\/wp-content\/uploads\/2024\/04\/VW_Lara_Fabian_Arda-250424-161_074055915-768x512.jpg 768w, https:\/\/famelifemagazin.com\/wp-content\/uploads\/2024\/04\/VW_Lara_Fabian_Arda-250424-161_074055915-1536x1024.jpg 1536w, https:\/\/famelifemagazin.com\/wp-content\/uploads\/2024\/04\/VW_Lara_Fabian_Arda-250424-161_074055915-2048x1366.jpg 2048w\" sizes=\"auto, (max-width: 1024px) 100vw, 1024px\" \/><\/figure>\n","protected":false},"excerpt":{"rendered":"<p>Lara Fabian, &#8220;Je t&#8217;aime&#8221; D\u00fcnya Turnesi kapsam\u0131nda 25 Nisan 2024&#8217;te \u0130stanbul Volkswagen Arena&#8217;da unutulmaz bir konserle m\u00fczikseverlerle bulu\u015ftu. Piu Entertainment organizasyonuyla ger\u00e7ekle\u015fen unutulmaz gecede geni\u015f repertuar\u0131 ve etkileyici performans\u0131yla hayranlar\u0131n\u0131 duygu dolu bir m\u00fczikal yolculu\u011fa \u00e7\u0131kard\u0131. D\u00fcnyaca \u00fcnl\u00fc \u015fark\u0131c\u0131 Lara Fabian, m\u00fczikseverlere unutulmaz bir gece ya\u015fatmak \u00fczere 25 Nisan 2024&#8217;te \u0130stanbul Volkswagen Arena&#8217;da sahne ald\u0131. [&hellip;]<\/p>\n","protected":false},"author":1,"featured_media":2119,"comment_status":"open","ping_status":"open","sticky":false,"template":"","format":"standard","meta":{"footnotes":""},"categories":[7,3],"tags":[],"class_list":["post-2116","post","type-post","status-publish","format-standard","has-post-thumbnail","hentry","category-muzik","category-son-haberler"],"_links":{"self":[{"href":"https:\/\/famelifemagazin.com\/index.php?rest_route=\/wp\/v2\/posts\/2116","targetHints":{"allow":["GET"]}}],"collection":[{"href":"https:\/\/famelifemagazin.com\/index.php?rest_route=\/wp\/v2\/posts"}],"about":[{"href":"https:\/\/famelifemagazin.com\/index.php?rest_route=\/wp\/v2\/types\/post"}],"author":[{"embeddable":true,"href":"https:\/\/famelifemagazin.com\/index.php?rest_route=\/wp\/v2\/users\/1"}],"replies":[{"embeddable":true,"href":"https:\/\/famelifemagazin.com\/index.php?rest_route=%2Fwp%2Fv2%2Fcomments&post=2116"}],"version-history":[{"count":1,"href":"https:\/\/famelifemagazin.com\/index.php?rest_route=\/wp\/v2\/posts\/2116\/revisions"}],"predecessor-version":[{"id":2127,"href":"https:\/\/famelifemagazin.com\/index.php?rest_route=\/wp\/v2\/posts\/2116\/revisions\/2127"}],"wp:featuredmedia":[{"embeddable":true,"href":"https:\/\/famelifemagazin.com\/index.php?rest_route=\/wp\/v2\/media\/2119"}],"wp:attachment":[{"href":"https:\/\/famelifemagazin.com\/index.php?rest_route=%2Fwp%2Fv2%2Fmedia&parent=2116"}],"wp:term":[{"taxonomy":"category","embeddable":true,"href":"https:\/\/famelifemagazin.com\/index.php?rest_route=%2Fwp%2Fv2%2Fcategories&post=2116"},{"taxonomy":"post_tag","embeddable":true,"href":"https:\/\/famelifemagazin.com\/index.php?rest_route=%2Fwp%2Fv2%2Ftags&post=2116"}],"curies":[{"name":"wp","href":"https:\/\/api.w.org\/{rel}","templated":true}]}}