{"id":201,"date":"2023-12-10T08:34:21","date_gmt":"2023-12-10T08:34:21","guid":{"rendered":"https:\/\/famelifemagazin.com\/?p=201"},"modified":"2023-12-10T08:34:22","modified_gmt":"2023-12-10T08:34:22","slug":"bir-anda-yaslanmis","status":"publish","type":"post","link":"https:\/\/famelifemagazin.com\/?p=201","title":{"rendered":"Bir anda ya\u015flanm\u0131\u015f.."},"content":{"rendered":"\n<p>Sevdiklerinize k\u00fc\u00e7\u00fck s\u00fcrprizler yap\u0131n. Per\u00e7em kestirin. Ma\u00e7 saatinde evde kimse y\u00fcz\u00fcn\u00fcze bile bakmas\u0131n&#8221; diyerek yeni imaj\u0131n\u0131 payla\u015fan Esra Erol ard\u0131ndan Harper&#8217;s Bazaar \u00f6d\u00fcl t\u00f6reninde g\u00f6r\u00fcnt\u00fclendi.<\/p>\n\n\n\n<p><a href=\"https:\" target=\"_blank\" rel=\"noreferrer noopener\"><\/a><\/p>\n\n\n\n<p><img decoding=\"async\" src=\"https:\/\/imgrosetta.mynet.com.tr\/file\/18106864\/640xauto.jpg\" alt=\"ssaa\"><br>Ancak her zaman \u015f\u0131kl\u0131\u011f\u0131yla dikkat \u00e7eken sunucu bu sefer herkesi \u015fa\u015f\u0131rtt\u0131. Esra Erol&#8217;un siyah tarz\u0131na &#8220;Kad\u0131n sanki bir anda ya\u015flanm\u0131\u015f&#8221;, &#8220;Babaannemin gen\u00e7lik foto\u011fraflar\u0131na bak\u0131yorumdur&#8221;, &#8220;Esra \u00e7ok ya\u015fl\u0131 g\u00f6r\u00fcn\u00fcyor&#8221;, &#8220;Ay Esra&#8217;ya ne yapm\u0131\u015flar&#8221; yorumlar\u0131 ya\u011fd\u0131.<\/p>\n","protected":false},"excerpt":{"rendered":"<p>Sevdiklerinize k\u00fc\u00e7\u00fck s\u00fcrprizler yap\u0131n. Per\u00e7em kestirin. Ma\u00e7 saatinde evde kimse y\u00fcz\u00fcn\u00fcze bile bakmas\u0131n&#8221; diyerek yeni imaj\u0131n\u0131 payla\u015fan Esra Erol ard\u0131ndan Harper&#8217;s Bazaar \u00f6d\u00fcl t\u00f6reninde g\u00f6r\u00fcnt\u00fclendi. Ancak her zaman \u015f\u0131kl\u0131\u011f\u0131yla dikkat \u00e7eken sunucu bu sefer herkesi \u015fa\u015f\u0131rtt\u0131. Esra Erol&#8217;un siyah tarz\u0131na &#8220;Kad\u0131n sanki bir anda ya\u015flanm\u0131\u015f&#8221;, &#8220;Babaannemin gen\u00e7lik foto\u011fraflar\u0131na bak\u0131yorumdur&#8221;, &#8220;Esra \u00e7ok ya\u015fl\u0131 g\u00f6r\u00fcn\u00fcyor&#8221;, &#8220;Ay Esra&#8217;ya [&hellip;]<\/p>\n","protected":false},"author":1,"featured_media":202,"comment_status":"open","ping_status":"open","sticky":false,"template":"","format":"standard","meta":{"footnotes":""},"categories":[5,4,3],"tags":[],"class_list":["post-201","post","type-post","status-publish","format-standard","has-post-thumbnail","hentry","category-guzellik-estetik","category-magazin","category-son-haberler"],"_links":{"self":[{"href":"https:\/\/famelifemagazin.com\/index.php?rest_route=\/wp\/v2\/posts\/201","targetHints":{"allow":["GET"]}}],"collection":[{"href":"https:\/\/famelifemagazin.com\/index.php?rest_route=\/wp\/v2\/posts"}],"about":[{"href":"https:\/\/famelifemagazin.com\/index.php?rest_route=\/wp\/v2\/types\/post"}],"author":[{"embeddable":true,"href":"https:\/\/famelifemagazin.com\/index.php?rest_route=\/wp\/v2\/users\/1"}],"replies":[{"embeddable":true,"href":"https:\/\/famelifemagazin.com\/index.php?rest_route=%2Fwp%2Fv2%2Fcomments&post=201"}],"version-history":[{"count":1,"href":"https:\/\/famelifemagazin.com\/index.php?rest_route=\/wp\/v2\/posts\/201\/revisions"}],"predecessor-version":[{"id":203,"href":"https:\/\/famelifemagazin.com\/index.php?rest_route=\/wp\/v2\/posts\/201\/revisions\/203"}],"wp:featuredmedia":[{"embeddable":true,"href":"https:\/\/famelifemagazin.com\/index.php?rest_route=\/wp\/v2\/media\/202"}],"wp:attachment":[{"href":"https:\/\/famelifemagazin.com\/index.php?rest_route=%2Fwp%2Fv2%2Fmedia&parent=201"}],"wp:term":[{"taxonomy":"category","embeddable":true,"href":"https:\/\/famelifemagazin.com\/index.php?rest_route=%2Fwp%2Fv2%2Fcategories&post=201"},{"taxonomy":"post_tag","embeddable":true,"href":"https:\/\/famelifemagazin.com\/index.php?rest_route=%2Fwp%2Fv2%2Ftags&post=201"}],"curies":[{"name":"wp","href":"https:\/\/api.w.org\/{rel}","templated":true}]}}