{"id":1894,"date":"2024-04-18T10:02:45","date_gmt":"2024-04-18T10:02:45","guid":{"rendered":"https:\/\/famelifemagazin.com\/?p=1894"},"modified":"2024-04-18T10:02:45","modified_gmt":"2024-04-18T10:02:45","slug":"yonca-zerenden-pop-arabesk-sarki","status":"publish","type":"post","link":"https:\/\/famelifemagazin.com\/?p=1894","title":{"rendered":"YONCA ZEREN\u2019DEN POP ARABESK \u015eARKI"},"content":{"rendered":"\n<p><strong>\u2018\u2019Benim Seni G\u00f6rmem Laz\u0131m\u2019\u2019<\/strong><\/p>\n\n\n\n<p><strong>Yonca Zeren\u2019in ilk tekli \u00e7al\u0131\u015fmas\u0131 \u2018\u2019 Benim Seni G\u00f6rmem Laz\u0131m\u2019\u2019 Haluk \u00d6zkan Projects \u00e7at\u0131s\u0131 alt\u0131nda m\u00fczik severlere sunuldu. Pop, arabesk tarz\u0131ndaki \u2018\u2019Benim Seni G\u00f6rmem Laz\u0131m\u2019\u2019 isimli eserin s\u00f6zleri, Burak Tun\u00e7, bestesi Enver Y\u0131lmaz imzas\u0131 ta\u015f\u0131rken, aranj\u00f6r koltu\u011funda ba\u015far\u0131l\u0131 m\u00fczik adam\u0131 Kenan \u0130lgen oturdu. Klip \u00e7al\u0131\u015fmas\u0131 Beykoz&#8217;da \u00f6zel haz\u0131rlanan platoda, Deniz Se\u00e7en y\u00f6netmenli\u011finde, Yonca Zeren performans\u0131yla tamamland\u0131. Single \u00e7al\u0131\u015fmas\u0131n\u0131n kapak tasar\u0131mlar\u0131 Almanya Hannover de Tanju Duman Medya taraf\u0131ndan tasarland\u0131.<\/strong><\/p>\n\n\n\n<p>Sanat\u00e7\u0131, pop arabesk olarak nitelendirdi\u011fi m\u00fczik tarz\u0131 hakk\u0131nda; i\u00e7inde ac\u0131 olmayan \u015fark\u0131 bence yok, sanat\u0131 ve sanat\u00e7\u0131y\u0131 daha fazla ya\u015fanan ac\u0131lar\u0131n besledi\u011fini savunan ba\u015far\u0131l\u0131 yorumcu Yonca Zeren, \u015fark\u0131lar\u0131nda ve yorumunda, \u0130nsanlar\u0131n \u00e7ekti\u011fi ac\u0131lar\u0131, kederleri ortak dert ve tasalar\u0131  h\u00fcz\u00fcnleri sesiyle ve yorumuyla payla\u015fmaktan keyif ald\u0131\u011f\u0131 vurgusunu da yapt\u0131. \u00dclkemizi Eurovision&#8217;da temsil etmek istiyorum. <\/p>\n\n\n\n<p>M\u00fczik d\u00fcnyas\u0131na emin ad\u0131mlarla giren ve hedefini y\u00fcksek tutan Yonca Zeren \u201cPop m\u00fczik dedi\u011fimiz asl\u0131nda pop arabesk, ben de gelecekte Eurovision&#8217;a pop Arabesk bir par\u00e7ayla kat\u0131larak \u00fclkemi temsil etmek istiyorum\u201d dedi. Her ay yeni bir single yap\u0131p klip \u00e7ekerek m\u00fczik D\u00fcnyas\u0131nda kal\u0131c\u0131 olaca\u011f\u0131na inand\u0131\u011f\u0131n\u0131 s\u00f6yledi.<\/p>\n\n\n\n<figure class=\"wp-block-embed is-type-video is-provider-youtube wp-block-embed-youtube wp-embed-aspect-16-9 wp-has-aspect-ratio\"><div class=\"wp-block-embed__wrapper\">\n<iframe loading=\"lazy\" title=\"Yonca Zeren | Benim Seni G\u00f6rmem Laz\u0131m [Official Video \u00a92024 Haluk \u00d6zkan Projects]\" width=\"696\" height=\"392\" src=\"https:\/\/www.youtube.com\/embed\/IHs01-OmkN4?feature=oembed\" frameborder=\"0\" allow=\"accelerometer; autoplay; clipboard-write; encrypted-media; gyroscope; picture-in-picture; web-share\" referrerpolicy=\"strict-origin-when-cross-origin\" allowfullscreen><\/iframe>\n<\/div><\/figure>\n\n\n\n<figure class=\"wp-block-gallery has-nested-images columns-default is-cropped wp-block-gallery-1 is-layout-flex wp-block-gallery-is-layout-flex\">\n<figure class=\"wp-block-image size-large\"><img loading=\"lazy\" decoding=\"async\" width=\"1024\" height=\"576\" data-id=\"1896\" src=\"https:\/\/famelifemagazin.com\/wp-content\/uploads\/2024\/04\/YONCA-ZEREN-1024x576.png\" alt=\"\" class=\"wp-image-1896\" srcset=\"https:\/\/famelifemagazin.com\/wp-content\/uploads\/2024\/04\/YONCA-ZEREN-1024x576.png 1024w, https:\/\/famelifemagazin.com\/wp-content\/uploads\/2024\/04\/YONCA-ZEREN-300x169.png 300w, https:\/\/famelifemagazin.com\/wp-content\/uploads\/2024\/04\/YONCA-ZEREN-768x432.png 768w, https:\/\/famelifemagazin.com\/wp-content\/uploads\/2024\/04\/YONCA-ZEREN.png 1412w\" sizes=\"auto, (max-width: 1024px) 100vw, 1024px\" \/><\/figure>\n<\/figure>\n\n\n\n<figure class=\"wp-block-gallery has-nested-images columns-default is-cropped wp-block-gallery-2 is-layout-flex wp-block-gallery-is-layout-flex\">\n<figure class=\"wp-block-image size-large\"><img loading=\"lazy\" decoding=\"async\" width=\"768\" height=\"1024\" data-id=\"1897\" src=\"https:\/\/famelifemagazin.com\/wp-content\/uploads\/2024\/04\/YONCA-ZEREN-2-768x1024.jpeg\" alt=\"\" class=\"wp-image-1897\" srcset=\"https:\/\/famelifemagazin.com\/wp-content\/uploads\/2024\/04\/YONCA-ZEREN-2-768x1024.jpeg 768w, https:\/\/famelifemagazin.com\/wp-content\/uploads\/2024\/04\/YONCA-ZEREN-2-225x300.jpeg 225w, https:\/\/famelifemagazin.com\/wp-content\/uploads\/2024\/04\/YONCA-ZEREN-2-1152x1536.jpeg 1152w, https:\/\/famelifemagazin.com\/wp-content\/uploads\/2024\/04\/YONCA-ZEREN-2-1536x2048.jpeg 1536w, https:\/\/famelifemagazin.com\/wp-content\/uploads\/2024\/04\/YONCA-ZEREN-2-scaled.jpeg 1920w\" sizes=\"auto, (max-width: 768px) 100vw, 768px\" \/><\/figure>\n\n\n\n<figure class=\"wp-block-image size-large\"><img loading=\"lazy\" decoding=\"async\" width=\"768\" height=\"1024\" data-id=\"1895\" src=\"https:\/\/famelifemagazin.com\/wp-content\/uploads\/2024\/04\/YONCA-ZEREN-1-768x1024.jpeg\" alt=\"\" class=\"wp-image-1895\" srcset=\"https:\/\/famelifemagazin.com\/wp-content\/uploads\/2024\/04\/YONCA-ZEREN-1-768x1024.jpeg 768w, https:\/\/famelifemagazin.com\/wp-content\/uploads\/2024\/04\/YONCA-ZEREN-1-225x300.jpeg 225w, https:\/\/famelifemagazin.com\/wp-content\/uploads\/2024\/04\/YONCA-ZEREN-1-1152x1536.jpeg 1152w, https:\/\/famelifemagazin.com\/wp-content\/uploads\/2024\/04\/YONCA-ZEREN-1-1536x2048.jpeg 1536w, https:\/\/famelifemagazin.com\/wp-content\/uploads\/2024\/04\/YONCA-ZEREN-1-scaled.jpeg 1920w\" sizes=\"auto, (max-width: 768px) 100vw, 768px\" \/><\/figure>\n<\/figure>\n","protected":false},"excerpt":{"rendered":"<p>\u2018\u2019Benim Seni G\u00f6rmem Laz\u0131m\u2019\u2019 Yonca Zeren\u2019in ilk tekli \u00e7al\u0131\u015fmas\u0131 \u2018\u2019 Benim Seni G\u00f6rmem Laz\u0131m\u2019\u2019 Haluk \u00d6zkan Projects \u00e7at\u0131s\u0131 alt\u0131nda m\u00fczik severlere sunuldu. Pop, arabesk tarz\u0131ndaki \u2018\u2019Benim Seni G\u00f6rmem Laz\u0131m\u2019\u2019 isimli eserin s\u00f6zleri, Burak Tun\u00e7, bestesi Enver Y\u0131lmaz imzas\u0131 ta\u015f\u0131rken, aranj\u00f6r koltu\u011funda ba\u015far\u0131l\u0131 m\u00fczik adam\u0131 Kenan \u0130lgen oturdu. Klip \u00e7al\u0131\u015fmas\u0131 Beykoz&#8217;da \u00f6zel haz\u0131rlanan platoda, Deniz Se\u00e7en [&hellip;]<\/p>\n","protected":false},"author":1,"featured_media":1897,"comment_status":"open","ping_status":"open","sticky":false,"template":"","format":"standard","meta":{"footnotes":""},"categories":[7,3],"tags":[],"class_list":["post-1894","post","type-post","status-publish","format-standard","has-post-thumbnail","hentry","category-muzik","category-son-haberler"],"_links":{"self":[{"href":"https:\/\/famelifemagazin.com\/index.php?rest_route=\/wp\/v2\/posts\/1894","targetHints":{"allow":["GET"]}}],"collection":[{"href":"https:\/\/famelifemagazin.com\/index.php?rest_route=\/wp\/v2\/posts"}],"about":[{"href":"https:\/\/famelifemagazin.com\/index.php?rest_route=\/wp\/v2\/types\/post"}],"author":[{"embeddable":true,"href":"https:\/\/famelifemagazin.com\/index.php?rest_route=\/wp\/v2\/users\/1"}],"replies":[{"embeddable":true,"href":"https:\/\/famelifemagazin.com\/index.php?rest_route=%2Fwp%2Fv2%2Fcomments&post=1894"}],"version-history":[{"count":1,"href":"https:\/\/famelifemagazin.com\/index.php?rest_route=\/wp\/v2\/posts\/1894\/revisions"}],"predecessor-version":[{"id":1898,"href":"https:\/\/famelifemagazin.com\/index.php?rest_route=\/wp\/v2\/posts\/1894\/revisions\/1898"}],"wp:featuredmedia":[{"embeddable":true,"href":"https:\/\/famelifemagazin.com\/index.php?rest_route=\/wp\/v2\/media\/1897"}],"wp:attachment":[{"href":"https:\/\/famelifemagazin.com\/index.php?rest_route=%2Fwp%2Fv2%2Fmedia&parent=1894"}],"wp:term":[{"taxonomy":"category","embeddable":true,"href":"https:\/\/famelifemagazin.com\/index.php?rest_route=%2Fwp%2Fv2%2Fcategories&post=1894"},{"taxonomy":"post_tag","embeddable":true,"href":"https:\/\/famelifemagazin.com\/index.php?rest_route=%2Fwp%2Fv2%2Ftags&post=1894"}],"curies":[{"name":"wp","href":"https:\/\/api.w.org\/{rel}","templated":true}]}}