{"id":1862,"date":"2024-04-15T09:24:17","date_gmt":"2024-04-15T09:24:17","guid":{"rendered":"https:\/\/famelifemagazin.com\/?p=1862"},"modified":"2024-04-15T09:24:17","modified_gmt":"2024-04-15T09:24:17","slug":"cinsel-durgunluk-sona-erdi","status":"publish","type":"post","link":"https:\/\/famelifemagazin.com\/?p=1862","title":{"rendered":"C\u0130NSEL DURGUNLUK SONA ERD\u0130&#8230;"},"content":{"rendered":"\n<p><strong>\u00a0Cinsel durgunluk pandemiyle beraber hayat\u0131m\u0131za giren bir kavramlardan biri. Gerek a\u015f\u0131n\u0131n etkisi gerek eve kapanmayla gelen depresyon duygusu gerek ekonomik kayg\u0131lar gerekse insanlar\u0131n birbirine dokunmaktan \u00e7ekinir olmas\u0131, son y\u0131llarda ki\u015filer aras\u0131 cinsel mesafeyi bir hayli a\u00e7m\u0131\u015ft\u0131. Yak\u0131n zamanda yap\u0131lan bir ara\u015ft\u0131rmaya bak\u0131l\u0131rsa cinsel durgunluk \u00e7a\u011f\u0131 sona ermi\u015f g\u00f6r\u00fcn\u00fcyor.<\/strong><\/p>\n\n\n\n<p>11 milyonu a\u015fk\u0131n kullan\u0131c\u0131s\u0131yla Avrupa\u2019n\u0131n lider ka\u00e7amak ili\u015fkiler platformu olan Frans\u0131z men\u015feli Gleeden\u2019\u0131n T\u00fcrkiye\u2019deki kullan\u0131c\u0131lar\u0131 aras\u0131nda yapt\u0131\u011f\u0131 ara\u015ft\u0131rmaya g\u00f6re, son birka\u00e7 y\u0131la damgas\u0131n\u0131 vuran cinsel so\u011fukluk yava\u015f yava\u015f ortadan kalk\u0131yor, insanlar eski cinsel tempolar\u0131na geri d\u00f6n\u00fcyorlar.<\/p>\n\n\n\n<p>Bu ara\u015ft\u0131rmaya kat\u0131lan 1.167 kad\u0131na ve 2.543 erke\u011fe y\u00f6neltilen sorulara verilen cevaplar genel e\u011filimi ortaya koyuyor.<\/p>\n\n\n\n<p>2022 y\u0131l\u0131nda yap\u0131lan Gleeden ara\u015ft\u0131rmas\u0131na g\u00f6re kat\u0131l\u0131mc\u0131lar\u0131n %23\u2019\u00fc son bir y\u0131lda hi\u00e7 cinsel deneyim ya\u015famad\u0131\u011f\u0131n\u0131 belirtmi\u015fti. 2024 Mart ay\u0131nda ayn\u0131 konuda yap\u0131lan ara\u015ft\u0131rmaya g\u00f6re bu oran \u015fimdiden %12\u2019ye d\u00fc\u015fm\u00fc\u015f g\u00f6r\u00fcn\u00fcyor.<\/p>\n\n\n\n<p>&nbsp;Gleeden Alper AKY\u00dcZ: 2022\u2019deki ara\u015ft\u0131rmada, \u201cSon bir y\u0131lda cinsel etkinli\u011finizde de\u011fi\u015fiklik oldu mu\u201d sorusuna, kat\u0131l\u0131mc\u0131lar\u0131n %41\u2019i \u201cAzald\u0131\u201d diye cevap vermi\u015f, %48\u2019, \u201cDe\u011fi\u015fmedi\u201d demi\u015fti. Pandeminin nimetlerinden faydalananlar sadece %11 seviyesindeydi.<\/p>\n\n\n\n<p>Ayn\u0131 ki\u015filere sorulan \u201cCinsel etkinli\u011finiz neden azald\u0131\u201d sorusuna kat\u0131l\u0131mc\u0131lar\u0131n %38\u2019i seks yapmak i\u00e7in kendilerini \u00e7ok yorgun hissettiklerini, %22\u2019si salg\u0131n endi\u015fesiyle ba\u015fkalar\u0131yla temas kurmad\u0131klar\u0131n\u0131, %18\u2019i beraber olabilece\u011fi kimseyle tan\u0131\u015famad\u0131\u011f\u0131n\u0131 s\u00f6ylemi\u015fti.<\/p>\n\n\n\n<p>Gleeden Alper AKY\u00dcZ: Son yap\u0131lan ara\u015ft\u0131rmada sorulan \u201cSon bir y\u0131lda cinsel etkinli\u011finiz de\u011fi\u015fti mi\u201d sorusuna art\u0131k kat\u0131l\u0131mc\u0131lar\u0131n %62\u2019si \u201cArtt\u0131\u201d diye cevap verebiliyor.<\/p>\n\n\n\n<p>Yine ayn\u0131 ankette, d\u00fczenli ili\u015fki ya\u015fayan ki\u015filere sorulan \u201cSon bir y\u0131lda cinsel ili\u015fki frekans\u0131n\u0131zda de\u011fi\u015fiklik oldu mu\u201d sorusuna %58 \u201cY\u00fckseldi\u201d diyerek g\u00f6r\u00fc\u015f belirtiyor.<\/p>\n\n\n\n<figure class=\"wp-block-gallery has-nested-images columns-default is-cropped wp-block-gallery-1 is-layout-flex wp-block-gallery-is-layout-flex\">\n<figure class=\"wp-block-image size-large\"><img loading=\"lazy\" decoding=\"async\" width=\"1024\" height=\"683\" data-id=\"1863\" src=\"https:\/\/famelifemagazin.com\/wp-content\/uploads\/2024\/04\/gleeden-v2-1024x683.jpg\" alt=\"\" class=\"wp-image-1863\" srcset=\"https:\/\/famelifemagazin.com\/wp-content\/uploads\/2024\/04\/gleeden-v2-1024x683.jpg 1024w, https:\/\/famelifemagazin.com\/wp-content\/uploads\/2024\/04\/gleeden-v2-300x200.jpg 300w, https:\/\/famelifemagazin.com\/wp-content\/uploads\/2024\/04\/gleeden-v2-768x512.jpg 768w, https:\/\/famelifemagazin.com\/wp-content\/uploads\/2024\/04\/gleeden-v2-1536x1025.jpg 1536w, https:\/\/famelifemagazin.com\/wp-content\/uploads\/2024\/04\/gleeden-v2-2048x1366.jpg 2048w\" sizes=\"auto, (max-width: 1024px) 100vw, 1024px\" \/><\/figure>\n\n\n\n<figure class=\"wp-block-image size-large\"><img loading=\"lazy\" decoding=\"async\" width=\"1024\" height=\"682\" data-id=\"1864\" src=\"https:\/\/famelifemagazin.com\/wp-content\/uploads\/2024\/04\/gleeden-v1x-1024x682.jpg\" alt=\"\" class=\"wp-image-1864\" srcset=\"https:\/\/famelifemagazin.com\/wp-content\/uploads\/2024\/04\/gleeden-v1x-1024x682.jpg 1024w, https:\/\/famelifemagazin.com\/wp-content\/uploads\/2024\/04\/gleeden-v1x-300x200.jpg 300w, https:\/\/famelifemagazin.com\/wp-content\/uploads\/2024\/04\/gleeden-v1x-768x512.jpg 768w, https:\/\/famelifemagazin.com\/wp-content\/uploads\/2024\/04\/gleeden-v1x-1536x1023.jpg 1536w, https:\/\/famelifemagazin.com\/wp-content\/uploads\/2024\/04\/gleeden-v1x-2048x1364.jpg 2048w\" sizes=\"auto, (max-width: 1024px) 100vw, 1024px\" \/><\/figure>\n<\/figure>\n","protected":false},"excerpt":{"rendered":"<p>\u00a0Cinsel durgunluk pandemiyle beraber hayat\u0131m\u0131za giren bir kavramlardan biri. Gerek a\u015f\u0131n\u0131n etkisi gerek eve kapanmayla gelen depresyon duygusu gerek ekonomik kayg\u0131lar gerekse insanlar\u0131n birbirine dokunmaktan \u00e7ekinir olmas\u0131, son y\u0131llarda ki\u015filer aras\u0131 cinsel mesafeyi bir hayli a\u00e7m\u0131\u015ft\u0131. Yak\u0131n zamanda yap\u0131lan bir ara\u015ft\u0131rmaya bak\u0131l\u0131rsa cinsel durgunluk \u00e7a\u011f\u0131 sona ermi\u015f g\u00f6r\u00fcn\u00fcyor. 11 milyonu a\u015fk\u0131n kullan\u0131c\u0131s\u0131yla Avrupa\u2019n\u0131n lider ka\u00e7amak [&hellip;]<\/p>\n","protected":false},"author":1,"featured_media":1863,"comment_status":"open","ping_status":"open","sticky":false,"template":"","format":"standard","meta":{"footnotes":""},"categories":[15,3],"tags":[],"class_list":["post-1862","post","type-post","status-publish","format-standard","has-post-thumbnail","hentry","category-saglik","category-son-haberler"],"_links":{"self":[{"href":"https:\/\/famelifemagazin.com\/index.php?rest_route=\/wp\/v2\/posts\/1862","targetHints":{"allow":["GET"]}}],"collection":[{"href":"https:\/\/famelifemagazin.com\/index.php?rest_route=\/wp\/v2\/posts"}],"about":[{"href":"https:\/\/famelifemagazin.com\/index.php?rest_route=\/wp\/v2\/types\/post"}],"author":[{"embeddable":true,"href":"https:\/\/famelifemagazin.com\/index.php?rest_route=\/wp\/v2\/users\/1"}],"replies":[{"embeddable":true,"href":"https:\/\/famelifemagazin.com\/index.php?rest_route=%2Fwp%2Fv2%2Fcomments&post=1862"}],"version-history":[{"count":1,"href":"https:\/\/famelifemagazin.com\/index.php?rest_route=\/wp\/v2\/posts\/1862\/revisions"}],"predecessor-version":[{"id":1865,"href":"https:\/\/famelifemagazin.com\/index.php?rest_route=\/wp\/v2\/posts\/1862\/revisions\/1865"}],"wp:featuredmedia":[{"embeddable":true,"href":"https:\/\/famelifemagazin.com\/index.php?rest_route=\/wp\/v2\/media\/1863"}],"wp:attachment":[{"href":"https:\/\/famelifemagazin.com\/index.php?rest_route=%2Fwp%2Fv2%2Fmedia&parent=1862"}],"wp:term":[{"taxonomy":"category","embeddable":true,"href":"https:\/\/famelifemagazin.com\/index.php?rest_route=%2Fwp%2Fv2%2Fcategories&post=1862"},{"taxonomy":"post_tag","embeddable":true,"href":"https:\/\/famelifemagazin.com\/index.php?rest_route=%2Fwp%2Fv2%2Ftags&post=1862"}],"curies":[{"name":"wp","href":"https:\/\/api.w.org\/{rel}","templated":true}]}}