{"id":1858,"date":"2024-04-15T09:18:00","date_gmt":"2024-04-15T09:18:00","guid":{"rendered":"https:\/\/famelifemagazin.com\/?p=1858"},"modified":"2024-04-15T09:18:01","modified_gmt":"2024-04-15T09:18:01","slug":"once-basbasa-sonra-ailece-bayram-keyfi","status":"publish","type":"post","link":"https:\/\/famelifemagazin.com\/?p=1858","title":{"rendered":"\u00d6NCE BA\u015eBA\u015eA, SONRA A\u0130LECE\u00a0 BAYRAM KEYF\u0130"},"content":{"rendered":"\n<p><\/p>\n\n\n\n<p>\u0130\u015f d\u00fcnyas\u0131n\u0131n tan\u0131nm\u0131\u015f isimlerinden, yeme-i\u00e7me sekt\u00f6r\u00fcn\u00fcn ba\u015far\u0131l\u0131 markas\u0131 Midpoint&#8217;in orta\u011f\u0131 Ayhan \u00c7ar\u0131k\u00e7\u0131lar e\u015fi Ebru \u00c7ar\u0131k\u00e7\u0131lar ile birlikte ba\u015f ba\u015fa bayram \u00f6ncesi rotalar\u0131n\u0131 kom\u015fu Yunanistan&#8217;a \u00e7evirerek 3 g\u00fcn tatil yapt\u0131lar.\u00a0 <\/p>\n\n\n\n<p>Bayramda\u00a0 Londra&#8217;da e\u011fitim giren \u00e7ocuklar\u0131 Emir ve Eren&#8217;in yan\u0131na ge\u00e7erek Bayram\u0131 ailecek bir arada ge\u00e7irmenin mutlulu\u011funu ya\u015fad\u0131lar.<\/p>\n\n\n\n<figure class=\"wp-block-gallery has-nested-images columns-default is-cropped wp-block-gallery-1 is-layout-flex wp-block-gallery-is-layout-flex\">\n<figure class=\"wp-block-image size-large\"><img loading=\"lazy\" decoding=\"async\" width=\"849\" height=\"1024\" data-id=\"1859\" src=\"https:\/\/famelifemagazin.com\/wp-content\/uploads\/2024\/04\/Ebru-Carikcilar-2-849x1024.jpg\" alt=\"\" class=\"wp-image-1859\" srcset=\"https:\/\/famelifemagazin.com\/wp-content\/uploads\/2024\/04\/Ebru-Carikcilar-2-849x1024.jpg 849w, https:\/\/famelifemagazin.com\/wp-content\/uploads\/2024\/04\/Ebru-Carikcilar-2-249x300.jpg 249w, https:\/\/famelifemagazin.com\/wp-content\/uploads\/2024\/04\/Ebru-Carikcilar-2-768x926.jpg 768w, https:\/\/famelifemagazin.com\/wp-content\/uploads\/2024\/04\/Ebru-Carikcilar-2.jpg 1111w\" sizes=\"auto, (max-width: 849px) 100vw, 849px\" \/><\/figure>\n\n\n\n<figure class=\"wp-block-image size-large\"><img loading=\"lazy\" decoding=\"async\" width=\"980\" height=\"1024\" data-id=\"1860\" src=\"https:\/\/famelifemagazin.com\/wp-content\/uploads\/2024\/04\/Ebru-Ayhan-Carikcilar-980x1024.jpg\" alt=\"\" class=\"wp-image-1860\" srcset=\"https:\/\/famelifemagazin.com\/wp-content\/uploads\/2024\/04\/Ebru-Ayhan-Carikcilar-980x1024.jpg 980w, https:\/\/famelifemagazin.com\/wp-content\/uploads\/2024\/04\/Ebru-Ayhan-Carikcilar-287x300.jpg 287w, https:\/\/famelifemagazin.com\/wp-content\/uploads\/2024\/04\/Ebru-Ayhan-Carikcilar-768x803.jpg 768w, https:\/\/famelifemagazin.com\/wp-content\/uploads\/2024\/04\/Ebru-Ayhan-Carikcilar.jpg 1170w\" sizes=\"auto, (max-width: 980px) 100vw, 980px\" \/><\/figure>\n<\/figure>\n","protected":false},"excerpt":{"rendered":"<p>\u0130\u015f d\u00fcnyas\u0131n\u0131n tan\u0131nm\u0131\u015f isimlerinden, yeme-i\u00e7me sekt\u00f6r\u00fcn\u00fcn ba\u015far\u0131l\u0131 markas\u0131 Midpoint&#8217;in orta\u011f\u0131 Ayhan \u00c7ar\u0131k\u00e7\u0131lar e\u015fi Ebru \u00c7ar\u0131k\u00e7\u0131lar ile birlikte ba\u015f ba\u015fa bayram \u00f6ncesi rotalar\u0131n\u0131 kom\u015fu Yunanistan&#8217;a \u00e7evirerek 3 g\u00fcn tatil yapt\u0131lar.\u00a0 Bayramda\u00a0 Londra&#8217;da e\u011fitim giren \u00e7ocuklar\u0131 Emir ve Eren&#8217;in yan\u0131na ge\u00e7erek Bayram\u0131 ailecek bir arada ge\u00e7irmenin mutlulu\u011funu ya\u015fad\u0131lar.<\/p>\n","protected":false},"author":1,"featured_media":1860,"comment_status":"open","ping_status":"open","sticky":false,"template":"","format":"standard","meta":{"footnotes":""},"categories":[4,3],"tags":[],"class_list":["post-1858","post","type-post","status-publish","format-standard","has-post-thumbnail","hentry","category-magazin","category-son-haberler"],"_links":{"self":[{"href":"https:\/\/famelifemagazin.com\/index.php?rest_route=\/wp\/v2\/posts\/1858","targetHints":{"allow":["GET"]}}],"collection":[{"href":"https:\/\/famelifemagazin.com\/index.php?rest_route=\/wp\/v2\/posts"}],"about":[{"href":"https:\/\/famelifemagazin.com\/index.php?rest_route=\/wp\/v2\/types\/post"}],"author":[{"embeddable":true,"href":"https:\/\/famelifemagazin.com\/index.php?rest_route=\/wp\/v2\/users\/1"}],"replies":[{"embeddable":true,"href":"https:\/\/famelifemagazin.com\/index.php?rest_route=%2Fwp%2Fv2%2Fcomments&post=1858"}],"version-history":[{"count":1,"href":"https:\/\/famelifemagazin.com\/index.php?rest_route=\/wp\/v2\/posts\/1858\/revisions"}],"predecessor-version":[{"id":1861,"href":"https:\/\/famelifemagazin.com\/index.php?rest_route=\/wp\/v2\/posts\/1858\/revisions\/1861"}],"wp:featuredmedia":[{"embeddable":true,"href":"https:\/\/famelifemagazin.com\/index.php?rest_route=\/wp\/v2\/media\/1860"}],"wp:attachment":[{"href":"https:\/\/famelifemagazin.com\/index.php?rest_route=%2Fwp%2Fv2%2Fmedia&parent=1858"}],"wp:term":[{"taxonomy":"category","embeddable":true,"href":"https:\/\/famelifemagazin.com\/index.php?rest_route=%2Fwp%2Fv2%2Fcategories&post=1858"},{"taxonomy":"post_tag","embeddable":true,"href":"https:\/\/famelifemagazin.com\/index.php?rest_route=%2Fwp%2Fv2%2Ftags&post=1858"}],"curies":[{"name":"wp","href":"https:\/\/api.w.org\/{rel}","templated":true}]}}