{"id":1815,"date":"2024-04-03T12:40:35","date_gmt":"2024-04-03T12:40:35","guid":{"rendered":"https:\/\/famelifemagazin.com\/?p=1815"},"modified":"2024-04-03T12:40:35","modified_gmt":"2024-04-03T12:40:35","slug":"bay-sinema-hayatini-kaybetti","status":"publish","type":"post","link":"https:\/\/famelifemagazin.com\/?p=1815","title":{"rendered":"Bay Sinema hayat\u0131n\u0131 kaybetti&#8230;"},"content":{"rendered":"\n<p><a href=\"https:\/\/www.mynet.com\/profil\/kubra-akalin-4409\" target=\"_blank\" rel=\"noreferrer noopener\"><\/a><\/p>\n\n\n\n<p><a href=\"https:\/\/news.google.com\/s\/CBIwoO6BnSs?r=0&amp;oc=1\" target=\"_blank\" rel=\"noreferrer noopener\"><\/a><\/p>\n\n\n\n<h5 class=\"wp-block-heading\">Ye\u015fil\u00e7am&#8217;\u0131n efsane ismi T\u00fcrker \u0130nano\u011flu 88&nbsp;<a href=\"https:\/\/www.mynet.com\/haberler\/yasinda\">ya\u015f\u0131nda<\/a>&nbsp;hayat\u0131n\u0131 kaybetti. &#8216;Bay Sinema&#8217; olarak an\u0131lan T\u00fcrker \u0130nano\u011flu&#8217;un e\u015fi&nbsp;<a href=\"https:\/\/www.mynet.com\/haberler\/gulsen-bubikoglu\">G\u00fcl\u015fen Bubiko\u011flu<\/a>, vefat haberinin ard\u0131ndan bir payla\u015f\u0131mda bulundu.<\/h5>\n\n\n\n<p>Ye\u015fil\u00e7am denince akla gelen ilk isimlerden biri olan T\u00fcrker \u0130nano\u011flu hayat\u0131n\u0131 kaybetti. T\u00fcrker \u0130nano\u011flu&#8217;nun vefat haberini Bakan Fahrettin Koca duyurdu.<\/p>\n\n\n\n<p>Ye\u015fil\u00e7am&#8217;\u0131n efsanesi \u0130nano\u011flu&#8217;nun e\u015fi G\u00fcl\u015fen Bubiko\u011flu, e\u015finin vefat\u0131 sonras\u0131 duygusal bir payla\u015f\u0131m yapt\u0131.<\/p>\n\n\n\n<p><a href=\"https:\/\/trc.taboola.com\/mynetnewtr-mynet\/log\/3\/click?pi=%2Fbay-sinema-turker-inanoglu-hayatini-kaybetti-esi-gulsen-bubikoglu-ndan-paylasim-499669-mymagazin&amp;ri=d1d25ca593ca8770a8147b585fdb397b&amp;sd=v2_5ac6a310b55a569327579afbccd05e4d_8e09c4a4-9bf1-4312-abb4-1e60b01d4661-tuct8560043_1712147440_1712147775_CNawjgYQ4d1TGOD01p_qMSAGKAQw2QE4juENQJbmDUi189kDUP___________wFYAGCUA2j7qrOBteX1_-gBcAE&amp;ui=8e09c4a4-9bf1-4312-abb4-1e60b01d4661-tuct8560043&amp;ii=~~V1~~-5393246845470149717~~DECdkgk44jEhwgttNVClaY0OgJZNSBdD6VwhXiN1PGHnoZueAsnM0UTkqRiz-o8uuKa2_rupL9I0kvx1XVufut2qKIJrSNJ_InWKPTfYcgzi8Q9xrwCRV91TiD30JiLnXCAiYuASqawzGj4NDiR6q2Kdt30I-uJVDaPlAiLjuy9h25sLaaWFgGh89rXCt0bUq5ccyCrUeVae0bnlRK3SsIRaZgemy31zJqusxwEWuXsirk7qOXwrzn9b2gkHue2C&amp;it=text&amp;pt=text&amp;li=rbox-t2m&amp;sig=93e74ec38ff5cfd0623ced02326f0cd5fee19832a1db&amp;vi=1712147774048&amp;p=teknosa-sc&amp;lti=trecs-cta-error-report-v1_ctrl&amp;r=614&amp;tvi48=10143&amp;tvi50=9864&amp;tvi61=14898&amp;tvi62=15881&amp;ppb=CP4G&amp;cpb=EhMyMDI0MDMzMS0zOS1SRUxFQVNFGIC629MGILTnNyoWdGFib29sYXN5bmRpY2F0aW9uLmNvbTIIdHJjMDAxMTM4gKz9_gFAjuENSJbmDVC189kDWP___________wFjCNA3EJ9PGDBkYwiqNRCITRgyZGMI1xYQ1R8YI2RjCNIDEOAGGAhkYwiWFBCgHBgYZGMIpF8Q4nwYCmRjCLFYELJ0GD1kYwjbXhCJfBg-ZGMI9BQQnh0YH2RjCKQnEIM1GC9keAKAARCIAdOB3dIBkAEJmAHp_Naf6jHbAQokeS1zZnlGelc1RTJ1TC4wb05kV3BWVjdSNlc3QkJ3WGZkNn5BEAHcAQ&amp;cv=20240331-39-RELEASE&amp;route=AM%3AIL%3AV&amp;redir=https%3A%2F%2Fwww.teknosa.com%2Framazan-kampanyalari%3Futm_source%3Dtaboola%26utm_medium%3Dcpc%26utm_campaign%3Dramazan_kampanyasi_mobile%26tblci%3DGiAJKk_-QK7LqFMFu8Nz1VsRCia4efH1s0b057kBWIasdyC6q2Qo2u-WrKmfscT-AQ%23tblciGiAJKk_-QK7LqFMFu8Nz1VsRCia4efH1s0b057kBWIasdyC6q2Qo2u-WrKmfscT-AQ\" target=\"_blank\" rel=\"noreferrer noopener\"><\/a><\/p>\n\n\n\n<p>1974 y\u0131l\u0131nda yap\u0131mc\u0131 T\u00fcrker \u0130nano\u011flu ile nikah masas\u0131na oturan G\u00fcl\u015fen Bubiko\u011flu payla\u015f\u0131m\u0131nda &#8220;\u00c7ok k\u0131ymetli e\u015fim T\u00fcrker \u0130nano\u011flu&#8217;nu kaybetmenin derin \u00fcz\u00fcnt\u00fcs\u00fc i\u00e7erisindeyim&#8221; dedi.<\/p>\n\n\n\n<figure class=\"wp-block-image\"><img decoding=\"async\" src=\"https:\/\/imgrosetta.mynet.com.tr\/file\/18658747\/640xauto.jpg\" alt=\"gg\"\/><\/figure>\n\n\n\n<h2 class=\"wp-block-heading\">ESK\u0130 E\u015e F\u0130L\u0130Z AKIN DA PAYLA\u015eTI<\/h2>\n\n\n\n<p>\u0130nano\u011flu&#8217;nun eski e\u015fi Filiz Ak\u0131n ise payla\u015f\u0131m\u0131nda &#8220;Uzun s\u00fcredir hastal\u0131klarla u\u011fra\u015f\u0131yordu. Doktorlar\u0131 ve ailesinin b\u00fct\u00fcn gayretine ra\u011fmen kurtar\u0131lamam\u0131\u015f\u2026<br>Hayat\u0131nda pek \u00e7ok \u015feyden de fazla sinemay\u0131 seven, ger\u00e7ekten de son g\u00fcnlerine kadar \u00fcreten, \u00f6nce y\u00f6netmen ve yap\u0131mc\u0131 daha sonra sadece prod\u00fckt\u00f6r olarak devam eden son \u00e7\u0131nar\u0131, o\u011flumun babas\u0131n\u0131 kaybettik! Ba\u015fta e\u015finin, \u00e7ocuklar\u0131 Zeynep ve \u0130lker\u2019in, torunlar\u0131n\u0131n ve t\u00fcm sinema camias\u0131n\u0131n ba\u015f\u0131 sa\u011f olsun, sab\u0131rlar diliyorum\u2026 \u201cBay Sinema\u201d maalesef yok art\u0131k\u2026&#8221;<\/p>\n","protected":false},"excerpt":{"rendered":"<p>Ye\u015fil\u00e7am&#8217;\u0131n efsane ismi T\u00fcrker \u0130nano\u011flu 88&nbsp;ya\u015f\u0131nda&nbsp;hayat\u0131n\u0131 kaybetti. &#8216;Bay Sinema&#8217; olarak an\u0131lan T\u00fcrker \u0130nano\u011flu&#8217;un e\u015fi&nbsp;G\u00fcl\u015fen Bubiko\u011flu, vefat haberinin ard\u0131ndan bir payla\u015f\u0131mda bulundu. Ye\u015fil\u00e7am denince akla gelen ilk isimlerden biri olan T\u00fcrker \u0130nano\u011flu hayat\u0131n\u0131 kaybetti. T\u00fcrker \u0130nano\u011flu&#8217;nun vefat haberini Bakan Fahrettin Koca duyurdu. Ye\u015fil\u00e7am&#8217;\u0131n efsanesi \u0130nano\u011flu&#8217;nun e\u015fi G\u00fcl\u015fen Bubiko\u011flu, e\u015finin vefat\u0131 sonras\u0131 duygusal bir payla\u015f\u0131m yapt\u0131. 1974 [&hellip;]<\/p>\n","protected":false},"author":1,"featured_media":1816,"comment_status":"open","ping_status":"open","sticky":false,"template":"","format":"standard","meta":{"footnotes":""},"categories":[20,3],"tags":[],"class_list":["post-1815","post","type-post","status-publish","format-standard","has-post-thumbnail","hentry","category-sinema-film-tv-dizi","category-son-haberler"],"_links":{"self":[{"href":"https:\/\/famelifemagazin.com\/index.php?rest_route=\/wp\/v2\/posts\/1815","targetHints":{"allow":["GET"]}}],"collection":[{"href":"https:\/\/famelifemagazin.com\/index.php?rest_route=\/wp\/v2\/posts"}],"about":[{"href":"https:\/\/famelifemagazin.com\/index.php?rest_route=\/wp\/v2\/types\/post"}],"author":[{"embeddable":true,"href":"https:\/\/famelifemagazin.com\/index.php?rest_route=\/wp\/v2\/users\/1"}],"replies":[{"embeddable":true,"href":"https:\/\/famelifemagazin.com\/index.php?rest_route=%2Fwp%2Fv2%2Fcomments&post=1815"}],"version-history":[{"count":1,"href":"https:\/\/famelifemagazin.com\/index.php?rest_route=\/wp\/v2\/posts\/1815\/revisions"}],"predecessor-version":[{"id":1817,"href":"https:\/\/famelifemagazin.com\/index.php?rest_route=\/wp\/v2\/posts\/1815\/revisions\/1817"}],"wp:featuredmedia":[{"embeddable":true,"href":"https:\/\/famelifemagazin.com\/index.php?rest_route=\/wp\/v2\/media\/1816"}],"wp:attachment":[{"href":"https:\/\/famelifemagazin.com\/index.php?rest_route=%2Fwp%2Fv2%2Fmedia&parent=1815"}],"wp:term":[{"taxonomy":"category","embeddable":true,"href":"https:\/\/famelifemagazin.com\/index.php?rest_route=%2Fwp%2Fv2%2Fcategories&post=1815"},{"taxonomy":"post_tag","embeddable":true,"href":"https:\/\/famelifemagazin.com\/index.php?rest_route=%2Fwp%2Fv2%2Ftags&post=1815"}],"curies":[{"name":"wp","href":"https:\/\/api.w.org\/{rel}","templated":true}]}}