{"id":1803,"date":"2024-03-17T06:10:35","date_gmt":"2024-03-17T06:10:35","guid":{"rendered":"https:\/\/famelifemagazin.com\/?p=1803"},"modified":"2024-03-17T06:13:36","modified_gmt":"2024-03-17T06:13:36","slug":"nem-hep-destekledi","status":"publish","type":"post","link":"https:\/\/famelifemagazin.com\/?p=1803","title":{"rendered":"Annem hep destekledi.."},"content":{"rendered":"\n<p><a href=\"https:\/\/www.mynet.com\/profil\/ceylan-yildiz-52507\" target=\"_blank\" rel=\"noreferrer noopener\"><\/a><\/p>\n\n\n\n<p><a href=\"https:\/\/news.google.com\/s\/CBIwoO6BnSs?r=0&amp;oc=1\" target=\"_blank\" rel=\"noreferrer noopener\"><\/a><\/p>\n\n\n\n<h6 class=\"wp-block-heading\">&#8216;K\u0131z\u0131l Goncalar&#8217; dizisinde &#8216;Sadi H\u00fcdayi&#8217; karakterini canland\u0131ran&nbsp;<a href=\"https:\/\/www.mynet.com\/haberler\/erkan-avci\">Erkan Avc\u0131<\/a>, kat\u0131ld\u0131\u011f\u0131 programda \u00f6zel hayat\u0131na dair a\u00e7\u0131klamalarda bulundu. Avc\u0131, &#8220;Evlenmeyi \u00e7ok istiyorum&#8221; dedi.<\/h6>\n\n\n\n<figure class=\"wp-block-image\"><img decoding=\"async\" src=\"https:\/\/imgrosetta.mynet.com.tr\/file\/18595628\/18595628-728xauto.jpg\" alt=\"K\u0131z\u0131l Goncalar'\u0131n Sadi H\u00fcdayi'si Erkan Avc\u0131'dan evlilik a\u00e7\u0131klamas\u0131: &quot;\u0130lk a\u015fk\u0131m\u0131...&quot;\"\/><\/figure>\n\n\n\n<p><a href=\"https:\/\/www.mynet.com\/haberler\/erkan\">Erkan<\/a>&nbsp;Avc\u0131, \u2018K\u0131z\u0131l Goncalar\u2019 dizisindeki Sadi H\u00fcdayi rol\u00fc ile son d\u00f6nemin en \u00e7ok konu\u015fulan isimleri aras\u0131nda yer al\u0131yor.<\/p>\n\n\n\n<p>Sunuculu\u011funu Ahmet M\u00fcmtaz Taylan&#8217;\u0131n yapt\u0131\u011f\u0131 &#8216;Empati&#8217; program\u0131n\u0131n bu haftaki konu\u011fu oyuncu Erkan Avc\u0131 oldu.<\/p>\n\n\n\n<p>Ahmet M\u00fcmtaz Taylan&#8217;\u0131n &#8216;\u0130\u00e7 d\u00fcnyanda depresif biri misin yoksa e\u011flenceli biri misin?&#8217; sorusuna Erkan Avc\u0131 \u015fu yan\u0131t\u0131 verdi:<\/p>\n\n\n\n<p>&#8220;Kendi \u00e7ekirdek \u00e7evremde e\u011flenceli biriyimdir. Kar\u0131\u015fmay\u0131 \u00e7ok severim. 18-22 ya\u015f aras\u0131 biraz depresif ge\u00e7ti. O zamandan kalma bir dip melankoli var ama bu problem de\u011fil \u00e7\u00fcnk\u00fc b\u00fct\u00fcn insanl\u0131k yoku\u015f a\u015fa\u011f\u0131 gidiyor art\u0131k.&#8221;<\/p>\n\n\n\n<figure class=\"wp-block-image\"><img decoding=\"async\" src=\"https:\/\/imgrosetta.mynet.com.tr\/file\/18595669\/640xauto.jpg\" alt=\"erkanavc\u01315\"\/><\/figure>\n\n\n\n<p>Oyunculuk konusuna ailesinin \u00e7ok s\u0131cak bakmad\u0131\u011f\u0131n\u0131 belirten Erkan Avc\u0131, &#8220;Amcam sinema a\u015f\u0131\u011f\u0131yd\u0131. Mesle\u011fi ise di\u015f teknisyeniydi ama a\u015f\u0131k oldu\u011fu i\u00e7in sinema televizyon okudu. Ben okulu k\u0131rd\u0131\u011f\u0131m zaman ceza olaarak beni sinemaya g\u00f6t\u00fcr\u00fcrd\u00fc. Babam ise oyuncu olmam fikrinden \u00e7ok haz etmedi. &#8216;T\u00fcrkiye&#8217;de ka\u00e7 tane M\u00fc\u015ffik Kenter var?&#8217; dedi, ben de &#8216;Sucuk yemesem de olur&#8217; dedim. Di\u015f teknisyenli\u011fini kazand\u0131m ama gitmedim. O d\u00f6nem karanl\u0131kt\u0131. Tiyatro, sinema, sanat nefes alabilece\u011fimiz b\u00fcy\u00fcl\u00fc bir yerdi. Ben o b\u00fcy\u00fcye a\u015f\u0131k oldum. Annem hep destekledi&#8221; dedi.<\/p>\n\n\n\n<p>Erkan Avc\u0131, Taylan&#8217;\u0131n &#8216;A\u015fk nedir sence?&#8217; sorusuna da &#8220;Bir nevi kimya ki alimi yoktur, tecr\u00fcbe ettik\u00e7e biriken cahilliktir a\u015fk. En sevdi\u011fim tan\u0131m\u0131 bu benim i\u00e7in. \u0130lk a\u015fk\u0131m\u0131 hat\u0131rl\u0131yorum, ilkokuldayd\u0131. \u00c7ok uzun s\u00fcre sonra Diyarbak\u0131r&#8217;da bir yerde kar\u015f\u0131la\u015ft\u0131k, \u00e7ok da g\u00fczel selamla\u015ft\u0131k. Evlenmeyi \u00e7ok istiyorum. Art\u0131k bir yol arkada\u015f\u0131m olsun istiyorum. 6 karde\u015f aras\u0131nda iki numaray\u0131m. Ben ve en k\u00fc\u00e7\u00fck karde\u015fim evli de\u011filiz&#8221; cevab\u0131n\u0131 verdi<\/p>\n","protected":false},"excerpt":{"rendered":"<p>&#8216;K\u0131z\u0131l Goncalar&#8217; dizisinde &#8216;Sadi H\u00fcdayi&#8217; karakterini canland\u0131ran&nbsp;Erkan Avc\u0131, kat\u0131ld\u0131\u011f\u0131 programda \u00f6zel hayat\u0131na dair a\u00e7\u0131klamalarda bulundu. Avc\u0131, &#8220;Evlenmeyi \u00e7ok istiyorum&#8221; dedi. Erkan&nbsp;Avc\u0131, \u2018K\u0131z\u0131l Goncalar\u2019 dizisindeki Sadi H\u00fcdayi rol\u00fc ile son d\u00f6nemin en \u00e7ok konu\u015fulan isimleri aras\u0131nda yer al\u0131yor. Sunuculu\u011funu Ahmet M\u00fcmtaz Taylan&#8217;\u0131n yapt\u0131\u011f\u0131 &#8216;Empati&#8217; program\u0131n\u0131n bu haftaki konu\u011fu oyuncu Erkan Avc\u0131 oldu. Ahmet M\u00fcmtaz Taylan&#8217;\u0131n &#8216;\u0130\u00e7 [&hellip;]<\/p>\n","protected":false},"author":1,"featured_media":1804,"comment_status":"open","ping_status":"open","sticky":false,"template":"","format":"standard","meta":{"footnotes":""},"categories":[20,3],"tags":[],"class_list":["post-1803","post","type-post","status-publish","format-standard","has-post-thumbnail","hentry","category-sinema-film-tv-dizi","category-son-haberler"],"_links":{"self":[{"href":"https:\/\/famelifemagazin.com\/index.php?rest_route=\/wp\/v2\/posts\/1803","targetHints":{"allow":["GET"]}}],"collection":[{"href":"https:\/\/famelifemagazin.com\/index.php?rest_route=\/wp\/v2\/posts"}],"about":[{"href":"https:\/\/famelifemagazin.com\/index.php?rest_route=\/wp\/v2\/types\/post"}],"author":[{"embeddable":true,"href":"https:\/\/famelifemagazin.com\/index.php?rest_route=\/wp\/v2\/users\/1"}],"replies":[{"embeddable":true,"href":"https:\/\/famelifemagazin.com\/index.php?rest_route=%2Fwp%2Fv2%2Fcomments&post=1803"}],"version-history":[{"count":2,"href":"https:\/\/famelifemagazin.com\/index.php?rest_route=\/wp\/v2\/posts\/1803\/revisions"}],"predecessor-version":[{"id":1807,"href":"https:\/\/famelifemagazin.com\/index.php?rest_route=\/wp\/v2\/posts\/1803\/revisions\/1807"}],"wp:featuredmedia":[{"embeddable":true,"href":"https:\/\/famelifemagazin.com\/index.php?rest_route=\/wp\/v2\/media\/1804"}],"wp:attachment":[{"href":"https:\/\/famelifemagazin.com\/index.php?rest_route=%2Fwp%2Fv2%2Fmedia&parent=1803"}],"wp:term":[{"taxonomy":"category","embeddable":true,"href":"https:\/\/famelifemagazin.com\/index.php?rest_route=%2Fwp%2Fv2%2Fcategories&post=1803"},{"taxonomy":"post_tag","embeddable":true,"href":"https:\/\/famelifemagazin.com\/index.php?rest_route=%2Fwp%2Fv2%2Ftags&post=1803"}],"curies":[{"name":"wp","href":"https:\/\/api.w.org\/{rel}","templated":true}]}}