{"id":1760,"date":"2024-03-12T18:06:02","date_gmt":"2024-03-12T18:06:02","guid":{"rendered":"https:\/\/famelifemagazin.com\/?p=1760"},"modified":"2024-03-12T18:06:03","modified_gmt":"2024-03-12T18:06:03","slug":"kumas-yetmemis","status":"publish","type":"post","link":"https:\/\/famelifemagazin.com\/?p=1760","title":{"rendered":"Kuma\u015f yetmemi\u015f.."},"content":{"rendered":"\n<ol class=\"wp-block-list\">\n<li><a href=\"https:\/\/www.mynet.com\/\"><br>\u00a0<\/a><\/li>\n<\/ol>\n\n\n\n<p><\/p>\n\n\n\n<h2 class=\"wp-block-heading\"><a href=\"https:\/\/www.mynet.com\/haberler\/sosyal-medya\">Sosyal medya<\/a>&nbsp;payla\u015f\u0131mlar\u0131 ve \u00f6zel hayat\u0131yla s\u0131k s\u0131k g\u00fcndem olan&nbsp;<a href=\"https:\/\/www.mynet.com\/haberler\/tugba-ozay\">Tu\u011fba \u00d6zay<\/a>&nbsp;bu kez son payla\u015f\u0131m\u0131yla ad\u0131ndan s\u00f6z ettirdi. Oyuncu payla\u015ft\u0131\u011f\u0131 ilgin\u00e7 kost\u00fcm\u00fcyle sosyal medyan\u0131n diline d\u00fc\u015ft\u00fc.<\/h2>\n\n\n\n<figure class=\"wp-block-image\"><img decoding=\"async\" src=\"https:\/\/imgrosetta.mynet.com.tr\/file\/18582101\/18582101-728xauto.jpg\" alt=\"\"\/><\/figure>\n\n\n\n<p>Tu\u011fba \u00d6zay, \u015fehrin g\u00fcr\u00fclt\u00fcs\u00fcnden ve kalabal\u0131\u011f\u0131ndan s\u0131k\u0131l\u0131nca \u00e7areyi do\u011faya s\u0131\u011f\u0131nmakta bulmu\u015ftu. Karavan hayat\u0131na ge\u00e7en \u00d6zay&#8217;\u0131n kutu gibi evi g\u00fcndem olmu\u015ftu.<\/p>\n\n\n\n<figure class=\"wp-block-image\"><img decoding=\"async\" src=\"https:\/\/imgrosetta.mynet.com.tr\/file\/18581970\/728xauto.png\" alt=\"\"\/><\/figure>\n\n\n\n<p>Eski manken ve oyuncu Tu\u011fba \u00d6zay sosyal medya payla\u015f\u0131mlar\u0131 ve \u00f6zel hayat\u0131yla s\u0131k s\u0131k ad\u0131ndan s\u00f6z ettiriyor.<\/p>\n\n\n\n<figure class=\"wp-block-image\"><img decoding=\"async\" src=\"https:\/\/imgrosetta.mynet.com.tr\/file\/18581971\/728xauto.png\" alt=\"\"\/><\/figure>\n\n\n\n<p>\u00d6zay, bu kez son payla\u015f\u0131m\u0131yla g\u00fcndeme geldi. Oyuncu ilgin\u00e7 sahne k\u0131yafetini 2 milyon takip\u00e7isi bulunan Instagram hesab\u0131ndan&nbsp; payla\u015ft\u0131.<\/p>\n\n\n\n<p>Oyuncu payla\u015f\u0131m\u0131n\u0131, &#8220;Ramazan\u2019a girmeden harika bir sahne performans\u0131 oldu bizim i\u00e7in&#8230;&nbsp;Art\u0131k Ramazan sonras\u0131 yine bomba gibi kost\u00fcmler ve sahneler bizi bekler&#8221; notuyla payla\u015ft\u0131.<\/p>\n\n\n\n<p>Oyuncunun bilinmeyen tarz\u0131 sosyal medyan\u0131n diline d\u00fc\u015ft\u00fc. Takip\u00e7ileri \u00fcnl\u00fc ismin payla\u015f\u0131m\u0131na yorum ya\u011fd\u0131rd\u0131.<\/p>\n\n\n\n<figure class=\"wp-block-image\"><img decoding=\"async\" src=\"https:\/\/imgrosetta.mynet.com.tr\/file\/18581973\/728xauto.png\" alt=\"\"\/><\/figure>\n\n\n\n<p>Takip\u00e7ileri taraf\u0131ndan &#8220;Kuma\u015f\u0131 m\u0131 yetmemi\u015f?&#8221;, &#8220;Bu nas\u0131l sahne tarz\u0131&#8221;, &#8220;Yak\u0131\u015fm\u0131\u015f bence&#8221;, &#8220;Farkl\u0131 bir kost\u00fcm&#8221; gibi yorumlar yap\u0131ld\u0131.<\/p>\n\n\n\n<h2 class=\"wp-block-heading\"><\/h2>\n\n\n\n<figure class=\"wp-block-image\"><img decoding=\"async\" src=\"https:\/\/imgrosetta.mynet.com.tr\/file\/18542771\/1080xauto.png\" alt=\"\"\/><\/figure>\n\n\n\n<p>Do\u011faya ve hayvanlara olan sevgisiyle bilinen \u00fcnl\u00fc manken yeni sezon \u00f6ncesi sebze yeti\u015ftirmek i\u00e7in haz\u0131rl\u0131klara ba\u015flam\u0131\u015f&nbsp;k\u00fc\u00e7\u00fck bir sera yapt\u0131r\u0131p,&nbsp;<\/p>\n","protected":false},"excerpt":{"rendered":"<p>Sosyal medya&nbsp;payla\u015f\u0131mlar\u0131 ve \u00f6zel hayat\u0131yla s\u0131k s\u0131k g\u00fcndem olan&nbsp;Tu\u011fba \u00d6zay&nbsp;bu kez son payla\u015f\u0131m\u0131yla ad\u0131ndan s\u00f6z ettirdi. Oyuncu payla\u015ft\u0131\u011f\u0131 ilgin\u00e7 kost\u00fcm\u00fcyle sosyal medyan\u0131n diline d\u00fc\u015ft\u00fc. Tu\u011fba \u00d6zay, \u015fehrin g\u00fcr\u00fclt\u00fcs\u00fcnden ve kalabal\u0131\u011f\u0131ndan s\u0131k\u0131l\u0131nca \u00e7areyi do\u011faya s\u0131\u011f\u0131nmakta bulmu\u015ftu. Karavan hayat\u0131na ge\u00e7en \u00d6zay&#8217;\u0131n kutu gibi evi g\u00fcndem olmu\u015ftu. Eski manken ve oyuncu Tu\u011fba \u00d6zay sosyal medya payla\u015f\u0131mlar\u0131 ve \u00f6zel [&hellip;]<\/p>\n","protected":false},"author":1,"featured_media":1761,"comment_status":"open","ping_status":"open","sticky":false,"template":"","format":"standard","meta":{"footnotes":""},"categories":[4,3],"tags":[],"class_list":["post-1760","post","type-post","status-publish","format-standard","has-post-thumbnail","hentry","category-magazin","category-son-haberler"],"_links":{"self":[{"href":"https:\/\/famelifemagazin.com\/index.php?rest_route=\/wp\/v2\/posts\/1760","targetHints":{"allow":["GET"]}}],"collection":[{"href":"https:\/\/famelifemagazin.com\/index.php?rest_route=\/wp\/v2\/posts"}],"about":[{"href":"https:\/\/famelifemagazin.com\/index.php?rest_route=\/wp\/v2\/types\/post"}],"author":[{"embeddable":true,"href":"https:\/\/famelifemagazin.com\/index.php?rest_route=\/wp\/v2\/users\/1"}],"replies":[{"embeddable":true,"href":"https:\/\/famelifemagazin.com\/index.php?rest_route=%2Fwp%2Fv2%2Fcomments&post=1760"}],"version-history":[{"count":1,"href":"https:\/\/famelifemagazin.com\/index.php?rest_route=\/wp\/v2\/posts\/1760\/revisions"}],"predecessor-version":[{"id":1762,"href":"https:\/\/famelifemagazin.com\/index.php?rest_route=\/wp\/v2\/posts\/1760\/revisions\/1762"}],"wp:featuredmedia":[{"embeddable":true,"href":"https:\/\/famelifemagazin.com\/index.php?rest_route=\/wp\/v2\/media\/1761"}],"wp:attachment":[{"href":"https:\/\/famelifemagazin.com\/index.php?rest_route=%2Fwp%2Fv2%2Fmedia&parent=1760"}],"wp:term":[{"taxonomy":"category","embeddable":true,"href":"https:\/\/famelifemagazin.com\/index.php?rest_route=%2Fwp%2Fv2%2Fcategories&post=1760"},{"taxonomy":"post_tag","embeddable":true,"href":"https:\/\/famelifemagazin.com\/index.php?rest_route=%2Fwp%2Fv2%2Ftags&post=1760"}],"curies":[{"name":"wp","href":"https:\/\/api.w.org\/{rel}","templated":true}]}}