{"id":1734,"date":"2024-03-12T17:42:11","date_gmt":"2024-03-12T17:42:11","guid":{"rendered":"https:\/\/famelifemagazin.com\/?p=1734"},"modified":"2024-03-12T17:42:12","modified_gmt":"2024-03-12T17:42:12","slug":"estetiksiz-haliyle-soke-etti","status":"publish","type":"post","link":"https:\/\/famelifemagazin.com\/?p=1734","title":{"rendered":"Estetiksiz haliyle \u015foke etti&#8230;"},"content":{"rendered":"\n<figure class=\"wp-block-image size-full\"><img loading=\"lazy\" decoding=\"async\" width=\"2\" height=\"1\" src=\"https:\/\/famelifemagazin.com\/wp-content\/uploads\/2024\/03\/image-17.gif\" alt=\"\" class=\"wp-image-1752\"\/><\/figure>\n\n\n\n<p><a href=\"https:\/\/news.google.com\/s\/CBIwoO6BnSs?r=0&amp;oc=1\" target=\"_blank\" rel=\"noreferrer noopener\"><\/a><\/p>\n\n\n\n<h6 class=\"wp-block-heading\">\u015eimdilerde U\u011fur G\u00fcne\u015f ve Mehmet Ali Nuro\u011flu ile ba\u015frol\u00fcn\u00fc payla\u015ft\u0131\u011f\u0131 Kud\u00fcs Fatihi Selahaddin Eyyubi dizisinde &#8216;Victoria&#8217; karakterine hayat veren&nbsp;<a href=\"https:\/\/www.mynet.com\/haberler\/tuvana-turkay\">Tuvana T\u00fcrkay<\/a>&nbsp;ba\u015far\u0131l\u0131 oyunculu\u011funun yan\u0131 s\u0131ra g\u00fczelli\u011fiyle de dikkat \u00e7ekiyor. Sosyal medya hesab\u0131ndan yapt\u0131\u011f\u0131 payla\u015f\u0131mlarla da ad\u0131ndan s\u00f6z ettiren T\u00fcrkay, bu defa estetiksiz haliyle g\u00fcndem oldu. \u00dcnl\u00fc ismin o halini g\u00f6renler inanamad\u0131.<\/h6>\n\n\n\n<figure class=\"wp-block-image\"><img decoding=\"async\" src=\"https:\/\/imgrosetta.mynet.com.tr\/file\/18585999\/18585999-728xauto.png\" alt=\"\"\/><\/figure>\n\n\n\n<p>Yer G\u00f6k A\u015fk, Kara Para A\u015fk, Yasak Elma, Ka\u011f\u0131t Ev, \u00c7ember gibi bir\u00e7ok ba\u015far\u0131l\u0131 projede yer alan \u00fcnl\u00fc&nbsp;<a href=\"https:\/\/www.mynet.com\/haberler\/oyuncu\">oyuncu<\/a>&nbsp;Tuvana T\u00fcrkay \u015fimdilerde Kud\u00fcs Fatihi Selahaddin Eyyubi dizisinde boy g\u00f6steriyor.<\/p>\n\n\n\n<p>Dizideki performans\u0131 ve g\u00fczelli\u011fiyle s\u0131k s\u0131k ad\u0131ndan s\u00f6z ettiren&nbsp;<a href=\"https:\/\/www.mynet.com\/haberler\/unlu-oyuncu\">\u00fcnl\u00fc oyuncu<\/a>&nbsp;bu defa estetiksiz haliyle g\u00fcndem oldu.<\/p>\n\n\n\n<figure class=\"wp-block-image\"><img decoding=\"async\" src=\"https:\/\/imgrosetta.mynet.com.tr\/file\/18585995\/640xauto.jpg\" alt=\"t\u00fcrkay\"\/><\/figure>\n\n\n\n<p>Herkesin do\u011fal g\u00fczel sand\u0131\u011f\u0131 Tuvana T\u00fcrkay&#8217;\u0131n bu halini g\u00f6renler inanamad\u0131. T\u00fcrkay&#8217;\u0131n eski halini g\u00f6renler &#8220;Sadece ismi ayn\u0131&#8221;, &#8220;Burun fark\u0131yla \u00e7ok g\u00fczelle\u015fmi\u015f&#8221; gibi yorumlar yapt\u0131lar.<\/p>\n\n\n\n<figure class=\"wp-block-image\"><img decoding=\"async\" src=\"https:\/\/imgrosetta.mynet.com.tr\/file\/18585996\/640xauto.jpg\" alt=\"eski hali 2\"\/><\/figure>\n\n\n\n<p>T\u00fcrkay, ge\u00e7ti\u011fimiz y\u0131llarda &#8220;Size g\u00f6re yap\u0131lmayan yerim yok ki! Burnum d\u0131\u015f\u0131nda en ufak bir estetik m\u00fcdahaleyi \u00e7\u0131kar\u0131n ben bu mesle\u011fi b\u0131rak\u0131p \u00fclkeyi terk ederim.&#8221; a\u00e7\u0131klamas\u0131n\u0131 yapm\u0131\u015ft\u0131.<\/p>\n\n\n\n<p><a href=\"https:\/\/www.mynet.com\/profil\/oznur-yasli-ikier-52513\" target=\"_blank\" rel=\"noreferrer noopener\"><\/a><\/p>\n\n\n\n<p><a href=\"https:\/\/news.google.com\/s\/CBIwoO6BnSs?r=0&amp;oc=1\" target=\"_blank\" rel=\"noreferrer noopener\"><\/a><\/p>\n","protected":false},"excerpt":{"rendered":"<p>\u015eimdilerde U\u011fur G\u00fcne\u015f ve Mehmet Ali Nuro\u011flu ile ba\u015frol\u00fcn\u00fc payla\u015ft\u0131\u011f\u0131 Kud\u00fcs Fatihi Selahaddin Eyyubi dizisinde &#8216;Victoria&#8217; karakterine hayat veren&nbsp;Tuvana T\u00fcrkay&nbsp;ba\u015far\u0131l\u0131 oyunculu\u011funun yan\u0131 s\u0131ra g\u00fczelli\u011fiyle de dikkat \u00e7ekiyor. Sosyal medya hesab\u0131ndan yapt\u0131\u011f\u0131 payla\u015f\u0131mlarla da ad\u0131ndan s\u00f6z ettiren T\u00fcrkay, bu defa estetiksiz haliyle g\u00fcndem oldu. \u00dcnl\u00fc ismin o halini g\u00f6renler inanamad\u0131. Yer G\u00f6k A\u015fk, Kara Para A\u015fk, [&hellip;]<\/p>\n","protected":false},"author":1,"featured_media":1757,"comment_status":"open","ping_status":"open","sticky":false,"template":"","format":"standard","meta":{"footnotes":""},"categories":[1],"tags":[],"class_list":["post-1734","post","type-post","status-publish","format-standard","has-post-thumbnail","hentry","category-uncategorized"],"_links":{"self":[{"href":"https:\/\/famelifemagazin.com\/index.php?rest_route=\/wp\/v2\/posts\/1734","targetHints":{"allow":["GET"]}}],"collection":[{"href":"https:\/\/famelifemagazin.com\/index.php?rest_route=\/wp\/v2\/posts"}],"about":[{"href":"https:\/\/famelifemagazin.com\/index.php?rest_route=\/wp\/v2\/types\/post"}],"author":[{"embeddable":true,"href":"https:\/\/famelifemagazin.com\/index.php?rest_route=\/wp\/v2\/users\/1"}],"replies":[{"embeddable":true,"href":"https:\/\/famelifemagazin.com\/index.php?rest_route=%2Fwp%2Fv2%2Fcomments&post=1734"}],"version-history":[{"count":1,"href":"https:\/\/famelifemagazin.com\/index.php?rest_route=\/wp\/v2\/posts\/1734\/revisions"}],"predecessor-version":[{"id":1758,"href":"https:\/\/famelifemagazin.com\/index.php?rest_route=\/wp\/v2\/posts\/1734\/revisions\/1758"}],"wp:featuredmedia":[{"embeddable":true,"href":"https:\/\/famelifemagazin.com\/index.php?rest_route=\/wp\/v2\/media\/1757"}],"wp:attachment":[{"href":"https:\/\/famelifemagazin.com\/index.php?rest_route=%2Fwp%2Fv2%2Fmedia&parent=1734"}],"wp:term":[{"taxonomy":"category","embeddable":true,"href":"https:\/\/famelifemagazin.com\/index.php?rest_route=%2Fwp%2Fv2%2Fcategories&post=1734"},{"taxonomy":"post_tag","embeddable":true,"href":"https:\/\/famelifemagazin.com\/index.php?rest_route=%2Fwp%2Fv2%2Ftags&post=1734"}],"curies":[{"name":"wp","href":"https:\/\/api.w.org\/{rel}","templated":true}]}}