{"id":1722,"date":"2024-03-10T10:08:53","date_gmt":"2024-03-10T10:08:53","guid":{"rendered":"https:\/\/famelifemagazin.com\/?p=1722"},"modified":"2024-03-12T12:34:24","modified_gmt":"2024-03-12T12:34:24","slug":"tarzi-gundem-oldu","status":"publish","type":"post","link":"https:\/\/famelifemagazin.com\/?p=1722","title":{"rendered":"Tarz\u0131 g\u00fcndem oldu.."},"content":{"rendered":"\n<h6 class=\"wp-block-heading\">Cuma ak\u015famlar\u0131n\u0131n reyting rekortmeni dizisi K\u0131z\u0131lc\u0131k \u015eerbeti&#8217;nde hayat verdi\u011fi &#8216;K\u0131v\u0131lc\u0131m&#8217; karakteri ile b\u00fcy\u00fck be\u011feni toplayan Evrim Alasya bu defa tarz\u0131 ve sa\u00e7\u0131yla sosyal medyan\u0131n diline d\u00fc\u015ft\u00fc. &#8216;Gelece\u011fin G\u00fc\u00e7l\u00fc Kad\u0131nlar\u0131&#8217; etkinli\u011fine kat\u0131lan \u00fcnl\u00fc oyuncunun tarz\u0131na adeta yorum ya\u011fd\u0131.<\/h6>\n\n\n\n<figure class=\"wp-block-image\"><img decoding=\"async\" src=\"https:\/\/imgrosetta.mynet.com.tr\/file\/18571438\/7b2270726f63657373223a7b2274797065223a22666f637573222c22636f6f7264696e61746573223a7b2278223a222d302e3139222c2279223a22302e3430227d7d7d\/18571438-530x400.png\" alt=\"K\u0131z\u0131lc\u0131k \u015eerbeti'nin K\u0131v\u0131lc\u0131m'\u0131 Evrim Alasya'n\u0131n tarz\u0131 g\u00fcndem oldu\"\/><\/figure>\n\n\n\n<p>Bar\u0131\u015f K\u0131l\u0131\u00e7, Ahmet M\u00fcmtaz Taylan, S\u0131la T\u00fcrko\u011flu, Sibel Ta\u015f\u00e7\u0131o\u011flu, Do\u011fukan G\u00fcng\u00f6r ve M\u00fcjde Uzman gibi isimlerle ba\u015frol\u00fc payla\u015ft\u0131\u011f\u0131 K\u0131z\u0131lc\u0131k \u015eerbeti dizisinde hayat verdi\u011fi &#8216;K\u0131v\u0131lc\u0131m&#8217; karakteri ile b\u00fcy\u00fck be\u011feni toplayan Evrim Alasya bu defa tarz\u0131yla sosyal medyan\u0131n diline d\u00fc\u015ft\u00fc.<\/p>\n\n\n\n<p><a href=\"https:\/\/www.mynet.com\/galeri\/nur-viral-ozel-hayat-sorusunu-sorup-ya-uf-dedi-yusuf-kavakli-kendini-tutamadi-yataktaki-gorevin-497608-mymagazin\" target=\"_blank\" rel=\"noreferrer noopener\"><strong>\u00d6zel hayat sorusuna &#8220;Ya uf&#8221; dedi! Yusuf Kavakl\u0131 kendini tutamad\u0131<\/strong><\/a><\/p>\n\n\n\n<figure class=\"wp-block-image\"><a href=\"https:\/\/www.mynet.com\/kesfet\" target=\"_blank\" rel=\"noreferrer noopener\"><img decoding=\"async\" src=\"https:\/\/imgrosetta.mynet.com.tr\/file\/18563925\/18563925-640xauto.png\" alt=\"Ke\u015ffet\"\/><\/a><\/figure>\n\n\n\n<h2 class=\"wp-block-heading\"><\/h2>\n\n\n\n<figure class=\"wp-block-image\"><img decoding=\"async\" src=\"https:\/\/imgrosetta.mynet.com.tr\/file\/18571449\/640xauto.png\" alt=\"\"\/><\/figure>\n\n\n\n<p>&#8216;Gelece\u011fin G\u00fc\u00e7l\u00fc Kad\u0131nlar\u0131&#8217; etkinli\u011fine kat\u0131lan Alasya siyah dantel detayl\u0131 bir elbise ile gecede boy g\u00f6sterdi.<\/p>\n\n\n\n<h2 class=\"wp-block-heading\"><\/h2>\n\n\n\n<figure class=\"wp-block-image\"><img decoding=\"async\" src=\"https:\/\/imgrosetta.mynet.com.tr\/file\/18571456\/640xauto.png\" alt=\"YORUM YA\u011eDI\"\/><\/figure>\n\n\n\n<p>Evrim Alasya&#8217;n\u0131n davetteki tarz\u0131na sosyal medyada; &#8216;Hi\u00e7 olmam\u0131\u015f&#8217;,&#8217;Bu kad\u0131na bunu neden yapt\u0131n\u0131z?&#8217;, &#8216;Kimse uyarmad\u0131 m\u0131?&#8217; gibi yorumlar yap\u0131ld\u0131.<\/p>\n\n\n\n<h2 class=\"wp-block-heading\"><\/h2>\n\n\n\n<figure class=\"wp-block-image\"><img decoding=\"async\" src=\"https:\/\/imgrosetta.mynet.com.tr\/file\/18571457\/640xauto.png\" alt=\"\"\/><\/figure>\n\n\n\n<p>Samimi tav\u0131rlar\u0131 ve sempatik halleri ile b\u00fcy\u00fck bir hayran kitlesine sahip olan Evrim Alasya Dokuz Eyl\u00fcl \u00dcniversitesi Tiyatro B\u00f6l\u00fcm\u00fc mezunu.<\/p>\n","protected":false},"excerpt":{"rendered":"<p>Cuma ak\u015famlar\u0131n\u0131n reyting rekortmeni dizisi K\u0131z\u0131lc\u0131k \u015eerbeti&#8217;nde hayat verdi\u011fi &#8216;K\u0131v\u0131lc\u0131m&#8217; karakteri ile b\u00fcy\u00fck be\u011feni toplayan Evrim Alasya bu defa tarz\u0131 ve sa\u00e7\u0131yla sosyal medyan\u0131n diline d\u00fc\u015ft\u00fc. &#8216;Gelece\u011fin G\u00fc\u00e7l\u00fc Kad\u0131nlar\u0131&#8217; etkinli\u011fine kat\u0131lan \u00fcnl\u00fc oyuncunun tarz\u0131na adeta yorum ya\u011fd\u0131. Bar\u0131\u015f K\u0131l\u0131\u00e7, Ahmet M\u00fcmtaz Taylan, S\u0131la T\u00fcrko\u011flu, Sibel Ta\u015f\u00e7\u0131o\u011flu, Do\u011fukan G\u00fcng\u00f6r ve M\u00fcjde Uzman gibi isimlerle ba\u015frol\u00fc payla\u015ft\u0131\u011f\u0131 [&hellip;]<\/p>\n","protected":false},"author":1,"featured_media":1723,"comment_status":"open","ping_status":"open","sticky":false,"template":"","format":"standard","meta":{"footnotes":""},"categories":[4,3],"tags":[],"class_list":["post-1722","post","type-post","status-publish","format-standard","has-post-thumbnail","hentry","category-magazin","category-son-haberler"],"_links":{"self":[{"href":"https:\/\/famelifemagazin.com\/index.php?rest_route=\/wp\/v2\/posts\/1722","targetHints":{"allow":["GET"]}}],"collection":[{"href":"https:\/\/famelifemagazin.com\/index.php?rest_route=\/wp\/v2\/posts"}],"about":[{"href":"https:\/\/famelifemagazin.com\/index.php?rest_route=\/wp\/v2\/types\/post"}],"author":[{"embeddable":true,"href":"https:\/\/famelifemagazin.com\/index.php?rest_route=\/wp\/v2\/users\/1"}],"replies":[{"embeddable":true,"href":"https:\/\/famelifemagazin.com\/index.php?rest_route=%2Fwp%2Fv2%2Fcomments&post=1722"}],"version-history":[{"count":1,"href":"https:\/\/famelifemagazin.com\/index.php?rest_route=\/wp\/v2\/posts\/1722\/revisions"}],"predecessor-version":[{"id":1724,"href":"https:\/\/famelifemagazin.com\/index.php?rest_route=\/wp\/v2\/posts\/1722\/revisions\/1724"}],"wp:featuredmedia":[{"embeddable":true,"href":"https:\/\/famelifemagazin.com\/index.php?rest_route=\/wp\/v2\/media\/1723"}],"wp:attachment":[{"href":"https:\/\/famelifemagazin.com\/index.php?rest_route=%2Fwp%2Fv2%2Fmedia&parent=1722"}],"wp:term":[{"taxonomy":"category","embeddable":true,"href":"https:\/\/famelifemagazin.com\/index.php?rest_route=%2Fwp%2Fv2%2Fcategories&post=1722"},{"taxonomy":"post_tag","embeddable":true,"href":"https:\/\/famelifemagazin.com\/index.php?rest_route=%2Fwp%2Fv2%2Ftags&post=1722"}],"curies":[{"name":"wp","href":"https:\/\/api.w.org\/{rel}","templated":true}]}}