{"id":1718,"date":"2024-03-10T10:00:38","date_gmt":"2024-03-10T10:00:38","guid":{"rendered":"https:\/\/famelifemagazin.com\/?p=1718"},"modified":"2024-03-10T10:00:38","modified_gmt":"2024-03-10T10:00:38","slug":"emre-konseyi-terk-etti","status":"publish","type":"post","link":"https:\/\/famelifemagazin.com\/?p=1718","title":{"rendered":"Emre konseyi terk etti&#8230;"},"content":{"rendered":"\n<h1 class=\"wp-block-heading\"><a href=\"https:\/\/news.google.com\/s\/CBIwoO6BnSs?r=0&amp;oc=1\" target=\"_blank\" rel=\"noreferrer noopener\"><\/a><\/h1>\n\n\n\n<h6 class=\"wp-block-heading\"><a href=\"https:\/\/www.mynet.com\/haberler\/survivor\">Survivor<\/a>&#8216;un \u00fcst \u00fcste en fazla ceza alan yar\u0131\u015fmac\u0131lar\u0131ndan Yunus Emre tam da cezas\u0131 biterken yine kendini tutamad\u0131. Berna ile kavga eden Yunus Emre hakk\u0131nda&nbsp;<a href=\"https:\/\/www.mynet.com\/haberler\/acun-ilicali\">Acun Il\u0131cal\u0131<\/a>&nbsp;4 \u00f6d\u00fcl ceza verdi. Sert ifadeler kullanan Il\u0131cal\u0131&#8217;n\u0131n s\u00f6zleri sonras\u0131 Yunus Emre konseyi terk etti. Yunus Emre diskalifiye mi oldu merak edilirken tan\u0131t\u0131mda ise sinirden \u00e7\u0131ld\u0131rd\u0131\u011f\u0131 anlar dikkat \u00e7ekti.<\/h6>\n\n\n\n<figure class=\"wp-block-image\"><img decoding=\"async\" src=\"https:\/\/imgrosetta.mynet.com.tr\/file\/18577291\/18577291-728xauto.jpg\" alt=\"\"\/><\/figure>\n\n\n\n<p>Survivor All Star&#8217;da 10 \u00f6d\u00fcl ceza alan Yunus Emre yine dayanamad\u0131. Yar\u0131\u015fma s\u0131ras\u0131nda Berna ile kavga eden Yunus Emre konseyde de g\u00fcndeme geldi.<\/p>\n\n\n\n<figure class=\"wp-block-image\"><img decoding=\"async\" src=\"https:\/\/imgrosetta.mynet.com.tr\/file\/18577290\/728xauto.jpg\" alt=\"\"\/><\/figure>\n\n\n\n<p>&#8216;Top&#8217; kavgas\u0131 konseye ta\u015f\u0131nd\u0131 ve Yunus Emre &#8220;Nabz\u0131m \u00e7ok y\u00fcksekti hat\u0131rlam\u0131yorum&#8221; dedi.<\/p>\n\n\n\n<figure class=\"wp-block-image\"><img decoding=\"async\" src=\"https:\/\/imgrosetta.mynet.com.tr\/file\/18577285\/728xauto.jpg\" alt=\"\"\/><\/figure>\n\n\n\n<p>Berna ise konu\u015furken &#8220;Bu kadar IQ&#8217;su d\u00fc\u015f\u00fck ve zihniyeti buna kadar yetecek hep akl\u0131 oraya giden bir erkek oldu\u011fu i\u00e7in&#8230;&#8221; yan\u0131t\u0131n\u0131 verdi. Yunus Emre ise &#8220;Harika bir IQ&#8217;un var, ortal\u0131k kar\u0131\u015ft\u0131r\u0131c\u0131&#8221; diyerek sinirlendi.<\/p>\n\n\n\n<p>Acun Il\u0131cal\u0131 ise kavga g\u00f6r\u00fcnt\u00fclerini izledi\u011fini s\u00f6yleyerek &#8220;Sinirlisin sinirli an\u0131nda \u00fczerine geliniyor ben burada seni anl\u0131yorum. Konu \u015fu; Berna&#8217;n\u0131n \u00fczerine gelmesine hi\u00e7 gerek yok&#8230; Hakan konuyu uzat\u0131yor bir daha \u00fczerine geliyor. Bunlar\u0131 anl\u0131yorum geleyim de\u011ferlendirmeme&#8230;&#8221; diyerek sert \u00e7\u0131kt\u0131.<\/p>\n\n\n\n<p>&#8220;Ben burada hi\u00e7bir kad\u0131n yar\u0131\u015fmac\u0131ya senin s\u00f6yledi\u011fin s\u00f6zleri s\u00f6ylettirmem&#8221; diyen Acun Il\u0131cal\u0131 \u015fu ifadeleri kulland\u0131:<\/p>\n\n\n\n<p>&#8220;Senin konu\u015fman bizim kurallar\u0131m\u0131z\u0131n d\u0131\u015f\u0131nda kad\u0131nlarla \u00f6yle konu\u015famazs\u0131n. Sinirli olman senin derdin bizi ilgilendirmiyor. Bir kad\u0131na bunlar\u0131 s\u00f6yleyemezsin. Toplar\u0131 sakin \u015fekilde istiyor, k\u0131zd\u0131rmak niyeti hi\u00e7 yok.<\/p>\n\n\n\n<figure class=\"wp-block-image\"><img decoding=\"async\" src=\"https:\/\/imgrosetta.mynet.com.tr\/file\/18577289\/728xauto.jpg\" alt=\"\"\/><\/figure>\n\n\n\n<p>Sen verdi\u011fim cezalarla bir t\u00fcrl\u00fc uslanm\u0131yorsun biz ceza verdik\u00e7e sen ayn\u0131 \u015feyleri yap\u0131yorsun. Ben b\u00f6yle \u015feylere m\u00fcsaade edemem ekip olarak b\u00f6yle \u015feylere m\u00fcsaade edemeyiz bunu normalle\u015ftirmeye senin konu\u015fma \u00fcslubunu kabul etmiyorum. Bu yar\u0131\u015fmada kurallara uymuyorsan\u0131z sonucuna katlan\u0131rs\u0131n\u0131z. Sana bundan sonraki 4 \u00f6d\u00fclden yararlanmama cezas\u0131 veriyoruz. Bu tip hareketleri yapt\u0131\u011f\u0131n s\u00fcrece de \u00f6d\u00fcl y\u00fcz\u00fc g\u00f6rmeyeceksin.<\/p>\n","protected":false},"excerpt":{"rendered":"<p>Survivor&#8216;un \u00fcst \u00fcste en fazla ceza alan yar\u0131\u015fmac\u0131lar\u0131ndan Yunus Emre tam da cezas\u0131 biterken yine kendini tutamad\u0131. Berna ile kavga eden Yunus Emre hakk\u0131nda&nbsp;Acun Il\u0131cal\u0131&nbsp;4 \u00f6d\u00fcl ceza verdi. Sert ifadeler kullanan Il\u0131cal\u0131&#8217;n\u0131n s\u00f6zleri sonras\u0131 Yunus Emre konseyi terk etti. Yunus Emre diskalifiye mi oldu merak edilirken tan\u0131t\u0131mda ise sinirden \u00e7\u0131ld\u0131rd\u0131\u011f\u0131 anlar dikkat \u00e7ekti. Survivor All [&hellip;]<\/p>\n","protected":false},"author":1,"featured_media":1720,"comment_status":"open","ping_status":"open","sticky":false,"template":"","format":"standard","meta":{"footnotes":""},"categories":[4,3],"tags":[],"class_list":["post-1718","post","type-post","status-publish","format-standard","has-post-thumbnail","hentry","category-magazin","category-son-haberler"],"_links":{"self":[{"href":"https:\/\/famelifemagazin.com\/index.php?rest_route=\/wp\/v2\/posts\/1718","targetHints":{"allow":["GET"]}}],"collection":[{"href":"https:\/\/famelifemagazin.com\/index.php?rest_route=\/wp\/v2\/posts"}],"about":[{"href":"https:\/\/famelifemagazin.com\/index.php?rest_route=\/wp\/v2\/types\/post"}],"author":[{"embeddable":true,"href":"https:\/\/famelifemagazin.com\/index.php?rest_route=\/wp\/v2\/users\/1"}],"replies":[{"embeddable":true,"href":"https:\/\/famelifemagazin.com\/index.php?rest_route=%2Fwp%2Fv2%2Fcomments&post=1718"}],"version-history":[{"count":1,"href":"https:\/\/famelifemagazin.com\/index.php?rest_route=\/wp\/v2\/posts\/1718\/revisions"}],"predecessor-version":[{"id":1721,"href":"https:\/\/famelifemagazin.com\/index.php?rest_route=\/wp\/v2\/posts\/1718\/revisions\/1721"}],"wp:featuredmedia":[{"embeddable":true,"href":"https:\/\/famelifemagazin.com\/index.php?rest_route=\/wp\/v2\/media\/1720"}],"wp:attachment":[{"href":"https:\/\/famelifemagazin.com\/index.php?rest_route=%2Fwp%2Fv2%2Fmedia&parent=1718"}],"wp:term":[{"taxonomy":"category","embeddable":true,"href":"https:\/\/famelifemagazin.com\/index.php?rest_route=%2Fwp%2Fv2%2Fcategories&post=1718"},{"taxonomy":"post_tag","embeddable":true,"href":"https:\/\/famelifemagazin.com\/index.php?rest_route=%2Fwp%2Fv2%2Ftags&post=1718"}],"curies":[{"name":"wp","href":"https:\/\/api.w.org\/{rel}","templated":true}]}}