{"id":1703,"date":"2024-03-02T13:16:24","date_gmt":"2024-03-02T13:16:24","guid":{"rendered":"https:\/\/famelifemagazin.com\/?p=1703"},"modified":"2024-03-06T04:36:45","modified_gmt":"2024-03-06T04:36:45","slug":"ayriligin-nedenini-acikladi","status":"publish","type":"post","link":"https:\/\/famelifemagazin.com\/?p=1703","title":{"rendered":"AYRILI\u011eIN NEDEN\u0130N\u0130 A\u00c7IKLADI.."},"content":{"rendered":"\n<p><a href=\"https:\/\/news.google.com\/s\/CBIwoO6BnSs?r=0&amp;oc=1\" target=\"_blank\" rel=\"noreferrer noopener\"><\/a><\/p>\n\n\n\n<h2 class=\"wp-block-heading\">TRT1 ekranlar\u0131nda izleyicisinin kar\u015f\u0131s\u0131na \u00e7\u0131kan Te\u015fkikat dizisinde ya\u015fanan&nbsp;<a href=\"https:\/\/www.mynet.com\/haberler\/oyuncu\">oyuncu<\/a>&nbsp;de\u011fi\u015fiklikleri herkesi \u015fa\u015f\u0131rtm\u0131\u015ft\u0131. Dizide &#8216;Zehra&#8217; karakterine hayat veren&nbsp;<a href=\"https:\/\/www.mynet.com\/haberler\/deniz-baysal\">Deniz Baysal<\/a>&#8216;\u0131n ani vedas\u0131 b\u00fcy\u00fck ses getirmi\u015fti. \u00dcnl\u00fc oyuncu diziden neden ayr\u0131ld\u0131\u011f\u0131n\u0131 ilk kez a\u00e7\u0131klad\u0131&#8230;<\/h2>\n\n\n\n<figure class=\"wp-block-image\"><img decoding=\"async\" src=\"https:\/\/imgrosetta.mynet.com.tr\/file\/18529004\/18529004-728xauto.png\" alt=\"\"\/><\/figure>\n\n\n\n<p>TRT1&#8217;in uzun soluklu dizisi&nbsp;<a href=\"https:\/\/www.mynet.com\/haberler\/teskilat\">Te\u015fkilat<\/a>&nbsp;her b\u00f6l\u00fcm\u00fcyle sosyal medyada g\u00fcndem oluyor. D\u00f6rt sezondur ekranlarda olan Te\u015fkilat&#8217;\u0131n 2. sezonuna \u00c7a\u011flar Ertu\u011frul veda edip Murat Y\u0131ld\u0131r\u0131m dahil olmu\u015ftu.<\/p>\n\n\n\n<h2 class=\"wp-block-heading\"><\/h2>\n\n\n\n<p>Dizinin 3. sezonunda da ayr\u0131l\u0131klar ya\u015fanm\u0131\u015f ve Deniz Baysal&#8217;\u0131n 3 sezondur hayat verdi\u011fi Zehra karakteri diziye veda ederken yerine Ayb\u00fcke Pusat gelmi\u015fti.<\/p>\n\n\n\n<figure class=\"wp-block-image\"><img decoding=\"async\" src=\"https:\/\/imgrosetta.mynet.com.tr\/file\/18529007\/728xauto.png\" alt=\"\"\/><\/figure>\n\n\n\n<p>Deniz Baysal&#8217;\u0131n bu ani vedas\u0131 izleyenleri \u00fczerken ayr\u0131l\u0131\u011f\u0131n nedesi ise merak edilmi\u015fti.<\/p>\n\n\n\n<figure class=\"wp-block-image\"><img decoding=\"async\" src=\"https:\/\/imgrosetta.mynet.com.tr\/file\/18529008\/728xauto.png\" alt=\"\"\/><\/figure>\n\n\n\n<p>\u00dcnl\u00fc oyuncu diziden neden ayr\u0131ld\u0131\u011f\u0131na dair ilk kez konu\u015ftu.<\/p>\n\n\n\n<p>TV100&#8217;de yer alan habere g\u00f6re Deniz Baysal, &#8220;Bana s\u00f6ylenen Zehra&#8217;n\u0131n hik\u00e2yesi bitmi\u015fti. Bu da \u00e7ok normal bir \u015fey 3 sezon dolu dolu ge\u00e7ti zaten.&#8221; dedi.<\/p>\n\n\n\n<figure class=\"wp-block-image\"><img decoding=\"async\" src=\"https:\/\/imgrosetta.mynet.com.tr\/file\/18529010\/728xauto.png\" alt=\"\"\/><\/figure>\n\n\n\n<p>&#8220;Nas\u0131l ki 2. sezonun sonunda arkada\u015flar\u0131m\u0131z \u00e7\u0131kt\u0131ysa \u00c7a\u011flar, Ezgi, bu da \u00f6yle bir \u015fey oldu. Hik\u00e2ye bitti, te\u015fekk\u00fcr ettik kar\u015f\u0131l\u0131kl\u0131 ayr\u0131ld\u0131k.&#8221; ifadelerini kulland\u0131<\/p>\n","protected":false},"excerpt":{"rendered":"<p>TRT1 ekranlar\u0131nda izleyicisinin kar\u015f\u0131s\u0131na \u00e7\u0131kan Te\u015fkikat dizisinde ya\u015fanan&nbsp;oyuncu&nbsp;de\u011fi\u015fiklikleri herkesi \u015fa\u015f\u0131rtm\u0131\u015ft\u0131. Dizide &#8216;Zehra&#8217; karakterine hayat veren&nbsp;Deniz Baysal&#8216;\u0131n ani vedas\u0131 b\u00fcy\u00fck ses getirmi\u015fti. \u00dcnl\u00fc oyuncu diziden neden ayr\u0131ld\u0131\u011f\u0131n\u0131 ilk kez a\u00e7\u0131klad\u0131&#8230; TRT1&#8217;in uzun soluklu dizisi&nbsp;Te\u015fkilat&nbsp;her b\u00f6l\u00fcm\u00fcyle sosyal medyada g\u00fcndem oluyor. D\u00f6rt sezondur ekranlarda olan Te\u015fkilat&#8217;\u0131n 2. sezonuna \u00c7a\u011flar Ertu\u011frul veda edip Murat Y\u0131ld\u0131r\u0131m dahil olmu\u015ftu. Dizinin 3. [&hellip;]<\/p>\n","protected":false},"author":1,"featured_media":1704,"comment_status":"open","ping_status":"open","sticky":false,"template":"","format":"standard","meta":{"footnotes":""},"categories":[20,3],"tags":[],"class_list":["post-1703","post","type-post","status-publish","format-standard","has-post-thumbnail","hentry","category-sinema-film-tv-dizi","category-son-haberler"],"_links":{"self":[{"href":"https:\/\/famelifemagazin.com\/index.php?rest_route=\/wp\/v2\/posts\/1703","targetHints":{"allow":["GET"]}}],"collection":[{"href":"https:\/\/famelifemagazin.com\/index.php?rest_route=\/wp\/v2\/posts"}],"about":[{"href":"https:\/\/famelifemagazin.com\/index.php?rest_route=\/wp\/v2\/types\/post"}],"author":[{"embeddable":true,"href":"https:\/\/famelifemagazin.com\/index.php?rest_route=\/wp\/v2\/users\/1"}],"replies":[{"embeddable":true,"href":"https:\/\/famelifemagazin.com\/index.php?rest_route=%2Fwp%2Fv2%2Fcomments&post=1703"}],"version-history":[{"count":1,"href":"https:\/\/famelifemagazin.com\/index.php?rest_route=\/wp\/v2\/posts\/1703\/revisions"}],"predecessor-version":[{"id":1705,"href":"https:\/\/famelifemagazin.com\/index.php?rest_route=\/wp\/v2\/posts\/1703\/revisions\/1705"}],"wp:featuredmedia":[{"embeddable":true,"href":"https:\/\/famelifemagazin.com\/index.php?rest_route=\/wp\/v2\/media\/1704"}],"wp:attachment":[{"href":"https:\/\/famelifemagazin.com\/index.php?rest_route=%2Fwp%2Fv2%2Fmedia&parent=1703"}],"wp:term":[{"taxonomy":"category","embeddable":true,"href":"https:\/\/famelifemagazin.com\/index.php?rest_route=%2Fwp%2Fv2%2Fcategories&post=1703"},{"taxonomy":"post_tag","embeddable":true,"href":"https:\/\/famelifemagazin.com\/index.php?rest_route=%2Fwp%2Fv2%2Ftags&post=1703"}],"curies":[{"name":"wp","href":"https:\/\/api.w.org\/{rel}","templated":true}]}}