{"id":1681,"date":"2024-02-27T16:47:52","date_gmt":"2024-02-27T16:47:52","guid":{"rendered":"https:\/\/famelifemagazin.com\/?p=1681"},"modified":"2024-02-27T16:47:53","modified_gmt":"2024-02-27T16:47:53","slug":"anlari-ve-anilari-yakalamak","status":"publish","type":"post","link":"https:\/\/famelifemagazin.com\/?p=1681","title":{"rendered":"Anlar\u0131 ve an\u0131lar\u0131 yakalamak&#8230;"},"content":{"rendered":"\n<h5 class=\"wp-block-heading\"><a href=\"https:\/\/www.mynet.com\/profil\/ceylan-yildiz-52507\" target=\"_blank\" rel=\"noreferrer noopener\"><\/a><\/h5>\n\n\n\n<p><a href=\"https:\/\/news.google.com\/s\/CBIwoO6BnSs?r=0&amp;oc=1\" target=\"_blank\" rel=\"noreferrer noopener\"><\/a><\/p>\n\n\n\n<h5 class=\"wp-block-heading\"><a href=\"https:\/\/www.mynet.com\/haberler\/seyma-subasi\">\u015eeyma Suba\u015f\u0131<\/a>, sosyal medyay\u0131 olduk\u00e7a aktif kullanan \u00fcnl\u00fc isimler aras\u0131nda yer al\u0131yor. Suba\u015f\u0131,&nbsp;<a href=\"https:\/\/www.mynet.com\/haberler\/sosyal-medya\">sosyal medya<\/a>&nbsp;hesab\u0131ndan bikinili pozlar\u0131n\u0131 payla\u015ft\u0131. \u00dcnl\u00fc ismin payla\u015f\u0131m\u0131 k\u0131sa s\u00fcrede \u00e7ok konu\u015fuldu.<\/h5>\n\n\n\n<figure class=\"wp-block-image\"><img decoding=\"async\" src=\"https:\/\/imgrosetta.mynet.com.tr\/file\/18514425\/18514425-728xauto.jpg\" alt=\"\"\/><\/figure>\n\n\n\n<p>Y\u0131llar \u00f6nce \u2018Var M\u0131s\u0131n Yok Musun?\u2019 isimli yar\u0131\u015fma program\u0131na kat\u0131lan ve sonras\u0131nda da Il\u0131cal\u0131 ile a\u015fk ya\u015famaya ba\u015flayarak bir anda pop\u00fcler hale gelen \u015eeyma Suba\u015f\u0131, o g\u00fcnden bu yana g\u00fcndemden d\u00fc\u015fm\u00fcyor.<\/p>\n\n\n\n<p>Mohammed Alsaloussi ile evlenen ve&nbsp;29 Eyl\u00fcl&#8217;de tek celsede bo\u015fanan \u015eeyma Suba\u015f\u0131 sosyal medya payla\u015f\u0131mlar\u0131yla ad\u0131ndan s\u00f6z ettiriyor.<\/p>\n\n\n\n<figure class=\"wp-block-image\"><img decoding=\"async\" src=\"https:\/\/imgrosetta.mynet.com.tr\/file\/18514381\/728xauto.png\" alt=\"\"\/><\/figure>\n\n\n\n<p>Tarz\u0131 ve \u00f6zel hayat\u0131yla s\u0131k s\u0131k g\u00fcndem olan&nbsp;Suba\u015f\u0131&#8217;n\u0131n son pozlar\u0131 da olay oldu. \u00dcnl\u00fc ismin payla\u015f\u0131m\u0131 k\u0131sa s\u00fcrede g\u00fcndem oldu.<\/p>\n\n\n\n<figure class=\"wp-block-image\"><img decoding=\"async\" src=\"https:\/\/imgrosetta.mynet.com.tr\/file\/18514382\/728xauto.png\" alt=\"\"\/><\/figure>\n\n\n\n<p>\u00dcnl\u00fc isim sosyal medya hesab\u0131ndan bikinili pozlar\u0131n\u0131 payla\u015ft\u0131. Suba\u015f\u0131, payla\u015f\u0131m\u0131na &#8220;Anne ve \u00e7ocuklarla s\u0131radan bir e\u011flenceli g\u00fcn daha &#8230; Ve kameralarla anlar\u0131 ve an\u0131lar\u0131 yakalamak&#8221; notunu d\u00fc\u015ft\u00fc.<\/p>\n\n\n\n<figure class=\"wp-block-image\"><img decoding=\"async\" src=\"https:\/\/imgrosetta.mynet.com.tr\/file\/18514383\/728xauto.png\" alt=\"\"\/><\/figure>\n\n\n\n<p>Suba\u015f\u0131&#8217;n\u0131n payla\u015f\u0131m\u0131 k\u0131sa s\u00fcre i\u00e7erisinde g\u00fcndem olmay\u0131 ba\u015fard\u0131. Payla\u015f\u0131ma be\u011feni ve yorum ya\u011fd\u0131<\/p>\n","protected":false},"excerpt":{"rendered":"<p>\u015eeyma Suba\u015f\u0131, sosyal medyay\u0131 olduk\u00e7a aktif kullanan \u00fcnl\u00fc isimler aras\u0131nda yer al\u0131yor. Suba\u015f\u0131,&nbsp;sosyal medya&nbsp;hesab\u0131ndan bikinili pozlar\u0131n\u0131 payla\u015ft\u0131. \u00dcnl\u00fc ismin payla\u015f\u0131m\u0131 k\u0131sa s\u00fcrede \u00e7ok konu\u015fuldu. Y\u0131llar \u00f6nce \u2018Var M\u0131s\u0131n Yok Musun?\u2019 isimli yar\u0131\u015fma program\u0131na kat\u0131lan ve sonras\u0131nda da Il\u0131cal\u0131 ile a\u015fk ya\u015famaya ba\u015flayarak bir anda pop\u00fcler hale gelen \u015eeyma Suba\u015f\u0131, o g\u00fcnden bu yana g\u00fcndemden d\u00fc\u015fm\u00fcyor. [&hellip;]<\/p>\n","protected":false},"author":1,"featured_media":1682,"comment_status":"open","ping_status":"open","sticky":false,"template":"","format":"standard","meta":{"footnotes":""},"categories":[1],"tags":[],"class_list":["post-1681","post","type-post","status-publish","format-standard","has-post-thumbnail","hentry","category-uncategorized"],"_links":{"self":[{"href":"https:\/\/famelifemagazin.com\/index.php?rest_route=\/wp\/v2\/posts\/1681","targetHints":{"allow":["GET"]}}],"collection":[{"href":"https:\/\/famelifemagazin.com\/index.php?rest_route=\/wp\/v2\/posts"}],"about":[{"href":"https:\/\/famelifemagazin.com\/index.php?rest_route=\/wp\/v2\/types\/post"}],"author":[{"embeddable":true,"href":"https:\/\/famelifemagazin.com\/index.php?rest_route=\/wp\/v2\/users\/1"}],"replies":[{"embeddable":true,"href":"https:\/\/famelifemagazin.com\/index.php?rest_route=%2Fwp%2Fv2%2Fcomments&post=1681"}],"version-history":[{"count":1,"href":"https:\/\/famelifemagazin.com\/index.php?rest_route=\/wp\/v2\/posts\/1681\/revisions"}],"predecessor-version":[{"id":1683,"href":"https:\/\/famelifemagazin.com\/index.php?rest_route=\/wp\/v2\/posts\/1681\/revisions\/1683"}],"wp:featuredmedia":[{"embeddable":true,"href":"https:\/\/famelifemagazin.com\/index.php?rest_route=\/wp\/v2\/media\/1682"}],"wp:attachment":[{"href":"https:\/\/famelifemagazin.com\/index.php?rest_route=%2Fwp%2Fv2%2Fmedia&parent=1681"}],"wp:term":[{"taxonomy":"category","embeddable":true,"href":"https:\/\/famelifemagazin.com\/index.php?rest_route=%2Fwp%2Fv2%2Fcategories&post=1681"},{"taxonomy":"post_tag","embeddable":true,"href":"https:\/\/famelifemagazin.com\/index.php?rest_route=%2Fwp%2Fv2%2Ftags&post=1681"}],"curies":[{"name":"wp","href":"https:\/\/api.w.org\/{rel}","templated":true}]}}