{"id":1678,"date":"2024-02-27T13:25:08","date_gmt":"2024-02-27T13:25:08","guid":{"rendered":"https:\/\/famelifemagazin.com\/?p=1678"},"modified":"2024-02-27T13:25:09","modified_gmt":"2024-02-27T13:25:09","slug":"odullu-kuafor-bahar-yazicier-basarisi-ile-gundemde","status":"publish","type":"post","link":"https:\/\/famelifemagazin.com\/?p=1678","title":{"rendered":"\u00d6D\u00dcLL\u00dc KUAF\u00d6R BAHAR YAZICIER BA\u015eARISI \u0130LE G\u00dcNDEMDE\u2026"},"content":{"rendered":"\n<p><strong>\u0130zmir&#8217;in en se\u00e7kin kuaf\u00f6rleri aras\u0131nda yer alan ve 22 senedir sekt\u00f6re hizmet eden Bahar Yaz\u0131c\u0131er&#8217;e talepler olduk\u00e7a fazla.<\/strong><\/p>\n\n\n\n<p>Ba\u015far\u0131l\u0131 kuaf\u00f6rl\u00fck i\u015finin yan\u0131 s\u0131ra kat\u0131ld\u0131\u011f\u0131 yar\u0131\u015fmalarla da ad\u0131ndan s\u00f6z ettiren Bahar Yaz\u0131c\u0131er, 2019 y\u0131l\u0131nda Avrupa Topuz \u015eampiyonu, 2020 y\u0131l\u0131nda ise Rusya&#8217;da 18 \u00fclke aras\u0131nda d\u00fczenlenen uluslararas\u0131 bir yar\u0131\u015fmada yine D\u00fcnya Topuz \u015eampiyonu olarak 1&#8217;inci se\u00e7ildi. 2023 y\u0131l\u0131nda Daviness firmas\u0131nda Topuz <a><\/a>E\u011fitmeni olarak i\u015fe ba\u015flayan Yaz\u0131c\u0131er, bir\u00e7ok \u00f6\u011frenciye at\u00f6lye \u00e7al\u0131\u015fmalar\u0131 ve sahne \u015fovlar\u0131 ger\u00e7ekle\u015ftirmi\u015ftir.<\/p>\n\n\n\n<p>Kendi salonunda her y\u0131l 2500&#8217;den fazla gelin sa\u00e7\u0131 yapan Bahar Yaz\u0131c\u0131er&#8217;e sadece \u0130zmir&#8217;den de\u011fil, d\u00fcnyan\u0131n her b\u00f6lgesinden kad\u0131nlar\u0131n ilgisi olduk\u00e7a b\u00fcy\u00fck. Kuaf\u00f6rl\u00fck mesle\u011finin ve sa\u00e7 yapman\u0131n kendisi i\u00e7in tutku oldu\u011funu dile getiren yetenekli i\u015f kad\u0131n\u0131, 2024 y\u0131l\u0131nda hem yurt d\u0131\u015f\u0131nda hem de yurt i\u00e7inde \u015fehir \u015fehir \u00fclke \u00fclke gezerek verece\u011fi e\u011fitimler dolay\u0131s\u0131yla b\u00fcy\u00fck bir haz\u0131rl\u0131k i\u00e7erisinde bulunuyor.<\/p>\n\n\n\n<p>Binlerce meslekta\u015f\u0131na ula\u015facak olman\u0131n mutlulu\u011funu ya\u015fayan alan\u0131nda uzman Bahar Yaz\u0131c\u0131er, \u00f6zellikle gen\u00e7 yetenekleri y\u00f6nlendirmenin ve bir \u015feyler \u00f6\u011fretmenin kendisini mutlu etti\u011fini de dile getirdi.<\/p>\n\n\n\n<p><a href=\"https:\/\/www.facebook.com\/photo\/?fbid=6033818873638339&amp;set=pcb.6033819033638323&amp;__cft__[0]=AZWOdjI_5qmLdh5AWmt6HBGVIi7vLKfnpxC5mq2bhmcIs4E5P3HSL5LZPx3PCM6KxsADQOxvzMpINI3ICNxS2L4WdliE1ZVswcSJ3RZ7wFdo7w&amp;__tn__=*bH-R\"><\/a><\/p>\n\n\n<div class=\"wp-block-image\">\n<figure class=\"aligncenter\"><a href=\"https:\/\/www.facebook.com\/photo\/?fbid=6033818873638339&amp;set=pcb.6033819033638323&amp;__cft__[0]=AZWOdjI_5qmLdh5AWmt6HBGVIi7vLKfnpxC5mq2bhmcIs4E5P3HSL5LZPx3PCM6KxsADQOxvzMpINI3ICNxS2L4WdliE1ZVswcSJ3RZ7wFdo7w&amp;__tn__=*bH-R\"><img decoding=\"async\" src=\"https:\/\/scontent.fada2-3.fna.fbcdn.net\/v\/t39.30808-6\/425421488_6033818856971674_2141592354901815989_n.jpg?stp=dst-jpg_s600x600&amp;_nc_cat=103&amp;ccb=1-7&amp;_nc_sid=3635dc&amp;_nc_ohc=h_Ih1t1G7r4AX-9NLgp&amp;_nc_ht=scontent.fada2-3.fna&amp;oh=00_AfBRQRK71k-G5wk350dDyA5pIYbFOn76-2O_uBj3pLvwHw&amp;oe=65E1D820\" alt=\"\"\/><\/a><\/figure>\n<\/div>\n\n\n<p><a href=\"https:\/\/www.facebook.com\/photo\/?fbid=6033818876971672&amp;set=pcb.6033819033638323&amp;__cft__[0]=AZWOdjI_5qmLdh5AWmt6HBGVIi7vLKfnpxC5mq2bhmcIs4E5P3HSL5LZPx3PCM6KxsADQOxvzMpINI3ICNxS2L4WdliE1ZVswcSJ3RZ7wFdo7w&amp;__tn__=*bH-R\"><\/a><\/p>\n\n\n<div class=\"wp-block-image\">\n<figure class=\"aligncenter\"><a href=\"https:\/\/www.facebook.com\/photo\/?fbid=6033818876971672&amp;set=pcb.6033819033638323&amp;__cft__[0]=AZWOdjI_5qmLdh5AWmt6HBGVIi7vLKfnpxC5mq2bhmcIs4E5P3HSL5LZPx3PCM6KxsADQOxvzMpINI3ICNxS2L4WdliE1ZVswcSJ3RZ7wFdo7w&amp;__tn__=*bH-R\"><img decoding=\"async\" src=\"https:\/\/scontent.fada2-2.fna.fbcdn.net\/v\/t39.30808-6\/425307275_6033818860305007_623849418259985249_n.jpg?stp=dst-jpg_s600x600&amp;_nc_cat=109&amp;ccb=1-7&amp;_nc_sid=3635dc&amp;_nc_ohc=YzhUrJ7IsXYAX_9wNy-&amp;_nc_ht=scontent.fada2-2.fna&amp;oh=00_AfDTP7n4NaFCSjYrxCcP4aUXSG-QtlK6Ffl4lfu_18XLXQ&amp;oe=65E1FA91\" alt=\"\"\/><\/a><\/figure>\n<\/div>\n\n\n<p><a href=\"https:\/\/www.facebook.com\/photo\/?fbid=6033818870305006&amp;set=pcb.6033819033638323&amp;__cft__[0]=AZWOdjI_5qmLdh5AWmt6HBGVIi7vLKfnpxC5mq2bhmcIs4E5P3HSL5LZPx3PCM6KxsADQOxvzMpINI3ICNxS2L4WdliE1ZVswcSJ3RZ7wFdo7w&amp;__tn__=*bH-R\"><\/a><\/p>\n\n\n<div class=\"wp-block-image\">\n<figure class=\"aligncenter\"><a href=\"https:\/\/www.facebook.com\/photo\/?fbid=6033818870305006&amp;set=pcb.6033819033638323&amp;__cft__[0]=AZWOdjI_5qmLdh5AWmt6HBGVIi7vLKfnpxC5mq2bhmcIs4E5P3HSL5LZPx3PCM6KxsADQOxvzMpINI3ICNxS2L4WdliE1ZVswcSJ3RZ7wFdo7w&amp;__tn__=*bH-R\"><img decoding=\"async\" src=\"https:\/\/scontent.fada2-3.fna.fbcdn.net\/v\/t39.30808-6\/425299806_6033818853638341_6971317579759699247_n.jpg?stp=dst-jpg_s600x600&amp;_nc_cat=103&amp;ccb=1-7&amp;_nc_sid=3635dc&amp;_nc_ohc=BPD8lTfMsYsAX9Z9HP3&amp;_nc_oc=AQnKs6IGbodCiTZZhMSut8xjkBR1Mz_DTeNvSqLRpqLCfwcb-lTnpvYLRrLQe5OlCVs&amp;_nc_ht=scontent.fada2-3.fna&amp;oh=00_AfAxWiXkrNcZTVwN5l4hX2W6t30WPWSUwai-lAf239DiTQ&amp;oe=65E2B213\" alt=\"\"\/><\/a><\/figure>\n<\/div>\n\n\n<p><a href=\"https:\/\/www.facebook.com\/photo\/?fbid=6033818963638330&amp;set=pcb.6033819033638323&amp;__cft__[0]=AZWOdjI_5qmLdh5AWmt6HBGVIi7vLKfnpxC5mq2bhmcIs4E5P3HSL5LZPx3PCM6KxsADQOxvzMpINI3ICNxS2L4WdliE1ZVswcSJ3RZ7wFdo7w&amp;__tn__=*bH-R\"><\/a><\/p>\n\n\n<div class=\"wp-block-image\">\n<figure class=\"aligncenter\"><a href=\"https:\/\/www.facebook.com\/photo\/?fbid=6033818963638330&amp;set=pcb.6033819033638323&amp;__cft__[0]=AZWOdjI_5qmLdh5AWmt6HBGVIi7vLKfnpxC5mq2bhmcIs4E5P3HSL5LZPx3PCM6KxsADQOxvzMpINI3ICNxS2L4WdliE1ZVswcSJ3RZ7wFdo7w&amp;__tn__=*bH-R\"><img decoding=\"async\" src=\"https:\/\/scontent.fada2-1.fna.fbcdn.net\/v\/t39.30808-6\/425280820_6033818956971664_3240859328470332472_n.jpg?stp=dst-jpg_s600x600&amp;_nc_cat=110&amp;ccb=1-7&amp;_nc_sid=3635dc&amp;_nc_ohc=vsDLNj64b3IAX-Uh64n&amp;_nc_oc=AQnFDOSgxVdhxB9ek1Fl27kR5zTM9hZzJkD0oWDbPBz6efdkeXPX2ThisWgtiDcXfZM&amp;_nc_ht=scontent.fada2-1.fna&amp;oh=00_AfAXJwmaPpiakqPhFKrEETQKPe9o01Zkl4Ifq-j0VWSONg&amp;oe=65E27B2A\" alt=\"\"\/><\/a><\/figure>\n<\/div>\n\n\n<p><a href=\"https:\/\/www.facebook.com\/photo\/?fbid=6033818993638327&amp;set=pcb.6033819033638323&amp;__cft__[0]=AZWOdjI_5qmLdh5AWmt6HBGVIi7vLKfnpxC5mq2bhmcIs4E5P3HSL5LZPx3PCM6KxsADQOxvzMpINI3ICNxS2L4WdliE1ZVswcSJ3RZ7wFdo7w&amp;__tn__=*bH-R\"><\/a><\/p>\n\n\n<div class=\"wp-block-image\">\n<figure class=\"aligncenter\"><a href=\"https:\/\/www.facebook.com\/photo\/?fbid=6033818993638327&amp;set=pcb.6033819033638323&amp;__cft__[0]=AZWOdjI_5qmLdh5AWmt6HBGVIi7vLKfnpxC5mq2bhmcIs4E5P3HSL5LZPx3PCM6KxsADQOxvzMpINI3ICNxS2L4WdliE1ZVswcSJ3RZ7wFdo7w&amp;__tn__=*bH-R\"><img decoding=\"async\" src=\"https:\/\/scontent.fada2-3.fna.fbcdn.net\/v\/t39.30808-6\/428513115_6033818983638328_3143998558371777496_n.jpg?stp=dst-jpg_s600x600&amp;_nc_cat=101&amp;ccb=1-7&amp;_nc_sid=3635dc&amp;_nc_ohc=TUESoDinvigAX-MAgo4&amp;_nc_oc=AQm76FhmPmwCFErw2UgX8eCVJVmtvLP0m63ezMIsvMnkZI7C9pSoV0GQTAnca7oA5fI&amp;_nc_ht=scontent.fada2-3.fna&amp;oh=00_AfBpbQE0hdRZu49WoHg5ozY-JpPpH1Y6ZhnMNBslY5xVcg&amp;oe=65E209A1\" alt=\"\"\/><\/a><\/figure>\n<\/div>","protected":false},"excerpt":{"rendered":"<p>\u0130zmir&#8217;in en se\u00e7kin kuaf\u00f6rleri aras\u0131nda yer alan ve 22 senedir sekt\u00f6re hizmet eden Bahar Yaz\u0131c\u0131er&#8217;e talepler olduk\u00e7a fazla. Ba\u015far\u0131l\u0131 kuaf\u00f6rl\u00fck i\u015finin yan\u0131 s\u0131ra kat\u0131ld\u0131\u011f\u0131 yar\u0131\u015fmalarla da ad\u0131ndan s\u00f6z ettiren Bahar Yaz\u0131c\u0131er, 2019 y\u0131l\u0131nda Avrupa Topuz \u015eampiyonu, 2020 y\u0131l\u0131nda ise Rusya&#8217;da 18 \u00fclke aras\u0131nda d\u00fczenlenen uluslararas\u0131 bir yar\u0131\u015fmada yine D\u00fcnya Topuz \u015eampiyonu olarak 1&#8217;inci se\u00e7ildi. 2023 [&hellip;]<\/p>\n","protected":false},"author":1,"featured_media":1679,"comment_status":"open","ping_status":"open","sticky":false,"template":"","format":"standard","meta":{"footnotes":""},"categories":[4,3],"tags":[],"class_list":["post-1678","post","type-post","status-publish","format-standard","has-post-thumbnail","hentry","category-magazin","category-son-haberler"],"_links":{"self":[{"href":"https:\/\/famelifemagazin.com\/index.php?rest_route=\/wp\/v2\/posts\/1678","targetHints":{"allow":["GET"]}}],"collection":[{"href":"https:\/\/famelifemagazin.com\/index.php?rest_route=\/wp\/v2\/posts"}],"about":[{"href":"https:\/\/famelifemagazin.com\/index.php?rest_route=\/wp\/v2\/types\/post"}],"author":[{"embeddable":true,"href":"https:\/\/famelifemagazin.com\/index.php?rest_route=\/wp\/v2\/users\/1"}],"replies":[{"embeddable":true,"href":"https:\/\/famelifemagazin.com\/index.php?rest_route=%2Fwp%2Fv2%2Fcomments&post=1678"}],"version-history":[{"count":1,"href":"https:\/\/famelifemagazin.com\/index.php?rest_route=\/wp\/v2\/posts\/1678\/revisions"}],"predecessor-version":[{"id":1680,"href":"https:\/\/famelifemagazin.com\/index.php?rest_route=\/wp\/v2\/posts\/1678\/revisions\/1680"}],"wp:featuredmedia":[{"embeddable":true,"href":"https:\/\/famelifemagazin.com\/index.php?rest_route=\/wp\/v2\/media\/1679"}],"wp:attachment":[{"href":"https:\/\/famelifemagazin.com\/index.php?rest_route=%2Fwp%2Fv2%2Fmedia&parent=1678"}],"wp:term":[{"taxonomy":"category","embeddable":true,"href":"https:\/\/famelifemagazin.com\/index.php?rest_route=%2Fwp%2Fv2%2Fcategories&post=1678"},{"taxonomy":"post_tag","embeddable":true,"href":"https:\/\/famelifemagazin.com\/index.php?rest_route=%2Fwp%2Fv2%2Ftags&post=1678"}],"curies":[{"name":"wp","href":"https:\/\/api.w.org\/{rel}","templated":true}]}}