{"id":1650,"date":"2024-02-26T14:08:52","date_gmt":"2024-02-26T14:08:52","guid":{"rendered":"https:\/\/famelifemagazin.com\/?p=1650"},"modified":"2024-02-26T15:41:31","modified_gmt":"2024-02-26T15:41:31","slug":"son-hali-sasirtti","status":"publish","type":"post","link":"https:\/\/famelifemagazin.com\/?p=1650","title":{"rendered":"SON HAL\u0130 \u015eA\u015eIRTTI&#8230;"},"content":{"rendered":"\n<p><strong>Tekne skandal\u0131ndan sonra g\u00f6zlerden uzakt\u0131&#8230; Murat Ba\u015fo\u011flu&#8217;nun son hali ortaya \u00e7\u0131kt\u0131!<\/strong><\/p>\n\n\n\n<p><strong>Murat Ba\u015fo\u011flu, \u00f6z ye\u011feni Burcu Ba\u015fo\u011flu ile Bodrum&#8217;daki tekne g\u00f6r\u00fcnt\u00fcleriyle aylarca konu\u015fulmu\u015f ve bu olay b\u00fcy\u00fck tepki \u00e7ekmi\u015fti. Skandal g\u00f6r\u00fcnt\u00fclerin ard\u0131ndan 14 y\u0131ll\u0131k evlili\u011fi tek celsede biten Ba\u015fo\u011flu, g\u00f6zlerden uzak bir ya\u015fam s\u00fcrd\u00fcrmeye ba\u015flad\u0131. \u00dcnl\u00fc ismin son hali\u00a0sosyal medya\u00a0payla\u015f\u0131mlar\u0131yla ortaya \u00e7\u0131kt\u0131.<\/strong><a href=\"https:\/\/www.mynet.com\/profil\/ceylan-yildiz-52507\" target=\"_blank\" rel=\"noreferrer noopener\"><\/a><\/p>\n\n\n\n<figure class=\"wp-block-image\"><img decoding=\"async\" src=\"https:\/\/imgrosetta.mynet.com.tr\/file\/18500424\/18500424-728xauto.jpg\" alt=\"\"\/><\/figure>\n\n\n\n<p>\u00d6z ye\u011feniyle teknede m\u00fcstehcen g\u00f6r\u00fcnt\u00fcleri \u00e7ok konu\u015fulmu\u015ftu. Uzun s\u00fcredir g\u00f6zlerden uzak bir hayat ya\u015fayan Murat Ba\u015fo\u011flu&#8217;nun son hali ortaya \u00e7\u0131kt\u0131.<\/p>\n\n\n\n<p>\u00d6z ye\u011feni Burcu Ba\u015fo\u011flu ile teknede uygunsuz \u015fekilde yakalanan&nbsp;Murat Ba\u015fo\u011flu, ya\u015fanan sklandal\u0131n ard\u0131ndan uzun s\u00fcre magazin g\u00fcndeminde yer ald\u0131.<\/p>\n\n\n\n<figure class=\"wp-block-image\"><img decoding=\"async\" src=\"https:\/\/imgrosetta.mynet.com.tr\/file\/18500338\/728xauto.png\" alt=\"\"\/><\/figure>\n\n\n\n<p>14 y\u0131ll\u0131k evlili\u011fi tek celsede biten \u00fcnl\u00fc isim, g\u00f6zlerden uzak bir ya\u015fam s\u00fcrd\u00fcrmeye ba\u015flad\u0131. Ve hi\u00e7bir projede de yer almad\u0131.<\/p>\n\n\n\n<figure class=\"wp-block-image\"><img decoding=\"async\" src=\"https:\/\/imgrosetta.mynet.com.tr\/file\/18500339\/728xauto.png\" alt=\"\"\/><\/figure>\n\n\n\n<p>Ba\u015fo\u011flu, son olarak sosyal medya payla\u015f\u0131m\u0131ylar\u0131yla g\u00fcndeme geldi. Payla\u015f\u0131mlar\u0131 k\u0131sa s\u00fcrede sosyal medyan\u0131n g\u00fcndemine oturdu.<\/p>\n\n\n\n<figure class=\"wp-block-image\"><img decoding=\"async\" src=\"https:\/\/imgrosetta.mynet.com.tr\/file\/18500340\/728xauto.png\" alt=\"\"\/><\/figure>\n\n\n\n<p>Ba\u015fo\u011flu, son olarak Instagram hesab\u0131ndan \u015fapkal\u0131 bir foto\u011fraf\u0131n\u0131 payla\u015ft\u0131. \u00dcnl\u00fc ismin son hali dikkat \u00e7ekti.<\/p>\n\n\n\n<figure class=\"wp-block-image\"><img decoding=\"async\" src=\"https:\/\/imgrosetta.mynet.com.tr\/file\/18500341\/728xauto.png\" alt=\"\"\/><\/figure>\n\n\n\n<p>Skandal\u0131n ya\u015fand\u0131\u011f\u0131 d\u00f6nem \u201cKar\u0131m\u0131 aldatt\u0131m pi\u015fman\u0131m ama o kad\u0131n ye\u011fenim de\u011fil. \u00c7\u0131kan haberlerin ard\u0131ndan intihar etmeyi d\u00fc\u015f\u00fcnd\u00fcm\u201d demi\u015fti<\/p>\n","protected":false},"excerpt":{"rendered":"<p>Tekne skandal\u0131ndan sonra g\u00f6zlerden uzakt\u0131&#8230; Murat Ba\u015fo\u011flu&#8217;nun son hali ortaya \u00e7\u0131kt\u0131! Murat Ba\u015fo\u011flu, \u00f6z ye\u011feni Burcu Ba\u015fo\u011flu ile Bodrum&#8217;daki tekne g\u00f6r\u00fcnt\u00fcleriyle aylarca konu\u015fulmu\u015f ve bu olay b\u00fcy\u00fck tepki \u00e7ekmi\u015fti. Skandal g\u00f6r\u00fcnt\u00fclerin ard\u0131ndan 14 y\u0131ll\u0131k evlili\u011fi tek celsede biten Ba\u015fo\u011flu, g\u00f6zlerden uzak bir ya\u015fam s\u00fcrd\u00fcrmeye ba\u015flad\u0131. \u00dcnl\u00fc ismin son hali\u00a0sosyal medya\u00a0payla\u015f\u0131mlar\u0131yla ortaya \u00e7\u0131kt\u0131. \u00d6z ye\u011feniyle teknede [&hellip;]<\/p>\n","protected":false},"author":1,"featured_media":1651,"comment_status":"open","ping_status":"open","sticky":false,"template":"","format":"standard","meta":{"footnotes":""},"categories":[4,3],"tags":[],"class_list":["post-1650","post","type-post","status-publish","format-standard","has-post-thumbnail","hentry","category-magazin","category-son-haberler"],"_links":{"self":[{"href":"https:\/\/famelifemagazin.com\/index.php?rest_route=\/wp\/v2\/posts\/1650","targetHints":{"allow":["GET"]}}],"collection":[{"href":"https:\/\/famelifemagazin.com\/index.php?rest_route=\/wp\/v2\/posts"}],"about":[{"href":"https:\/\/famelifemagazin.com\/index.php?rest_route=\/wp\/v2\/types\/post"}],"author":[{"embeddable":true,"href":"https:\/\/famelifemagazin.com\/index.php?rest_route=\/wp\/v2\/users\/1"}],"replies":[{"embeddable":true,"href":"https:\/\/famelifemagazin.com\/index.php?rest_route=%2Fwp%2Fv2%2Fcomments&post=1650"}],"version-history":[{"count":2,"href":"https:\/\/famelifemagazin.com\/index.php?rest_route=\/wp\/v2\/posts\/1650\/revisions"}],"predecessor-version":[{"id":1654,"href":"https:\/\/famelifemagazin.com\/index.php?rest_route=\/wp\/v2\/posts\/1650\/revisions\/1654"}],"wp:featuredmedia":[{"embeddable":true,"href":"https:\/\/famelifemagazin.com\/index.php?rest_route=\/wp\/v2\/media\/1651"}],"wp:attachment":[{"href":"https:\/\/famelifemagazin.com\/index.php?rest_route=%2Fwp%2Fv2%2Fmedia&parent=1650"}],"wp:term":[{"taxonomy":"category","embeddable":true,"href":"https:\/\/famelifemagazin.com\/index.php?rest_route=%2Fwp%2Fv2%2Fcategories&post=1650"},{"taxonomy":"post_tag","embeddable":true,"href":"https:\/\/famelifemagazin.com\/index.php?rest_route=%2Fwp%2Fv2%2Ftags&post=1650"}],"curies":[{"name":"wp","href":"https:\/\/api.w.org\/{rel}","templated":true}]}}