{"id":1577,"date":"2024-02-26T07:08:33","date_gmt":"2024-02-26T07:08:33","guid":{"rendered":"https:\/\/famelifemagazin.com\/?p=1577"},"modified":"2024-02-26T07:09:08","modified_gmt":"2024-02-26T07:09:08","slug":"kivilcim-kalaydan-askin-komedisi","status":"publish","type":"post","link":"https:\/\/famelifemagazin.com\/?p=1577","title":{"rendered":"KIVILCIM KALAY&#8217;DAN A\u015eKIN KOMED\u0130S\u0130&#8230;"},"content":{"rendered":"\n<p><strong>TV ekranlar\u0131n\u0131n bir d\u00f6nem ba\u015far\u0131l\u0131 sunucusu ve \u201cKendinden Ka\u00e7an Kad\u0131n\u201d ve \u201cBe\u015f Kad\u0131n Tek Cehennem\u201d adl\u0131 kitaplar\u0131n yazar\u0131 K\u0131v\u0131lc\u0131m Kalay, A\u015fk\u0131n Komedisini tiyatro sahnesinde g\u00f6steri olarak sunmaya haz\u0131rlan\u0131yor. <\/strong><\/p>\n\n\n\n<p>Senaryosunu haz\u0131rlad\u0131\u011f\u0131n\u0131 dile getiren K\u0131v\u0131lc\u0131m Kalay; ili\u015fkilere \u00e7ok farkl\u0131 bir perspektiften bakan ya\u015fam ko\u00e7u Derya U\u011furlu\u2019nun partneri olaca\u011f\u0131n\u0131 belirtip, beraberli\u011fimizi bir v\u00fccut olarak d\u00fc\u015f\u00fcn\u00fcrsek, ben kalp, o beyin, \u00e7ok z\u0131t karakterde 2 kad\u0131n\u0131n bir araya gelmesi bamba\u015fka bir tat kat\u0131yor a\u015fk komedisine, her oyunda bir \u00fcnl\u00fc konu\u011fumuz olacak, onlara sorular sorarak devam edece\u011fiz vurgusunu yapt\u0131.\u00a0<\/p>\n\n\n\n<p>A\u015fk olur da cinsellik olmaz m\u0131?\u00a0Cinsellik konusunu \u00e7ok s\u0131n\u0131rda, d\u00fczeyli bir \u015fekilde i\u015fleyeceklerini s\u00f6zlerine ekleyen K\u0131v\u0131lc\u0131m Kalay, \u201cS\u00f6ylenmeyenleri yazd\u0131m, kad\u0131nlar\u0131n ve erkeklerin s\u0131rlar\u0131n\u0131 if\u015fa ettim. G\u00f6sterinin sonunda izleyiciler, \u201cneden\u201d diye sorduklar\u0131 sorular\u0131n cevab\u0131n\u0131 bulup, i\u00e7selle\u015ftirecekler, g\u00fclerken ta\u015flar\u0131 oturtmu\u015f olacaklar\u201d dedi.<\/p>\n\n\n\n<p>\u00a0Ba\u015far\u0131l\u0131 yazar K\u0131v\u0131lc\u0131m Kalay, ki\u015fisel geli\u015fim i\u00e7in a\u015fk ve hayatla ilgili t\u00fcyolar verdi\u011fi yeni kitab\u0131n\u0131n da haz\u0131rl\u0131klar\u0131n\u0131n devam etti\u011fini s\u00f6zlerine ekledi.<\/p>\n\n\n\n<figure class=\"wp-block-gallery has-nested-images columns-default is-cropped wp-block-gallery-1 is-layout-flex wp-block-gallery-is-layout-flex\">\n<figure class=\"wp-block-image size-large\"><img loading=\"lazy\" decoding=\"async\" width=\"661\" height=\"1024\" data-id=\"1578\" src=\"https:\/\/famelifemagazin.com\/wp-content\/uploads\/2024\/02\/kivilcim-kalay-2-661x1024.jpg\" alt=\"\" class=\"wp-image-1578\" srcset=\"https:\/\/famelifemagazin.com\/wp-content\/uploads\/2024\/02\/kivilcim-kalay-2-661x1024.jpg 661w, https:\/\/famelifemagazin.com\/wp-content\/uploads\/2024\/02\/kivilcim-kalay-2-194x300.jpg 194w, https:\/\/famelifemagazin.com\/wp-content\/uploads\/2024\/02\/kivilcim-kalay-2-768x1190.jpg 768w, https:\/\/famelifemagazin.com\/wp-content\/uploads\/2024\/02\/kivilcim-kalay-2-991x1536.jpg 991w, https:\/\/famelifemagazin.com\/wp-content\/uploads\/2024\/02\/kivilcim-kalay-2-1321x2048.jpg 1321w, https:\/\/famelifemagazin.com\/wp-content\/uploads\/2024\/02\/kivilcim-kalay-2-scaled.jpg 1651w\" sizes=\"auto, (max-width: 661px) 100vw, 661px\" \/><\/figure>\n\n\n\n<figure class=\"wp-block-image size-large\"><img loading=\"lazy\" decoding=\"async\" width=\"730\" height=\"1024\" data-id=\"1579\" src=\"https:\/\/famelifemagazin.com\/wp-content\/uploads\/2024\/02\/kivilcim-kalay-2-1-730x1024.jpg\" alt=\"\" class=\"wp-image-1579\" srcset=\"https:\/\/famelifemagazin.com\/wp-content\/uploads\/2024\/02\/kivilcim-kalay-2-1-730x1024.jpg 730w, https:\/\/famelifemagazin.com\/wp-content\/uploads\/2024\/02\/kivilcim-kalay-2-1-214x300.jpg 214w, https:\/\/famelifemagazin.com\/wp-content\/uploads\/2024\/02\/kivilcim-kalay-2-1-768x1077.jpg 768w, https:\/\/famelifemagazin.com\/wp-content\/uploads\/2024\/02\/kivilcim-kalay-2-1-1096x1536.jpg 1096w, https:\/\/famelifemagazin.com\/wp-content\/uploads\/2024\/02\/kivilcim-kalay-2-1-1461x2048.jpg 1461w, https:\/\/famelifemagazin.com\/wp-content\/uploads\/2024\/02\/kivilcim-kalay-2-1-scaled.jpg 1826w\" sizes=\"auto, (max-width: 730px) 100vw, 730px\" \/><\/figure>\n<\/figure>\n\n\n\n<figure class=\"wp-block-image size-large\"><img loading=\"lazy\" decoding=\"async\" width=\"914\" height=\"1024\" src=\"https:\/\/famelifemagazin.com\/wp-content\/uploads\/2024\/02\/kivilcim-kalay-1-1-914x1024.jpg\" alt=\"\" class=\"wp-image-1580\" srcset=\"https:\/\/famelifemagazin.com\/wp-content\/uploads\/2024\/02\/kivilcim-kalay-1-1-914x1024.jpg 914w, https:\/\/famelifemagazin.com\/wp-content\/uploads\/2024\/02\/kivilcim-kalay-1-1-268x300.jpg 268w, https:\/\/famelifemagazin.com\/wp-content\/uploads\/2024\/02\/kivilcim-kalay-1-1-768x861.jpg 768w, https:\/\/famelifemagazin.com\/wp-content\/uploads\/2024\/02\/kivilcim-kalay-1-1-1370x1536.jpg 1370w, https:\/\/famelifemagazin.com\/wp-content\/uploads\/2024\/02\/kivilcim-kalay-1-1-1827x2048.jpg 1827w\" sizes=\"auto, (max-width: 914px) 100vw, 914px\" \/><\/figure>\n","protected":false},"excerpt":{"rendered":"<p>TV ekranlar\u0131n\u0131n bir d\u00f6nem ba\u015far\u0131l\u0131 sunucusu ve \u201cKendinden Ka\u00e7an Kad\u0131n\u201d ve \u201cBe\u015f Kad\u0131n Tek Cehennem\u201d adl\u0131 kitaplar\u0131n yazar\u0131 K\u0131v\u0131lc\u0131m Kalay, A\u015fk\u0131n Komedisini tiyatro sahnesinde g\u00f6steri olarak sunmaya haz\u0131rlan\u0131yor. Senaryosunu haz\u0131rlad\u0131\u011f\u0131n\u0131 dile getiren K\u0131v\u0131lc\u0131m Kalay; ili\u015fkilere \u00e7ok farkl\u0131 bir perspektiften bakan ya\u015fam ko\u00e7u Derya U\u011furlu\u2019nun partneri olaca\u011f\u0131n\u0131 belirtip, beraberli\u011fimizi bir v\u00fccut olarak d\u00fc\u015f\u00fcn\u00fcrsek, ben kalp, o [&hellip;]<\/p>\n","protected":false},"author":1,"featured_media":1580,"comment_status":"open","ping_status":"open","sticky":false,"template":"","format":"standard","meta":{"footnotes":""},"categories":[20,3],"tags":[],"class_list":["post-1577","post","type-post","status-publish","format-standard","has-post-thumbnail","hentry","category-sinema-film-tv-dizi","category-son-haberler"],"_links":{"self":[{"href":"https:\/\/famelifemagazin.com\/index.php?rest_route=\/wp\/v2\/posts\/1577","targetHints":{"allow":["GET"]}}],"collection":[{"href":"https:\/\/famelifemagazin.com\/index.php?rest_route=\/wp\/v2\/posts"}],"about":[{"href":"https:\/\/famelifemagazin.com\/index.php?rest_route=\/wp\/v2\/types\/post"}],"author":[{"embeddable":true,"href":"https:\/\/famelifemagazin.com\/index.php?rest_route=\/wp\/v2\/users\/1"}],"replies":[{"embeddable":true,"href":"https:\/\/famelifemagazin.com\/index.php?rest_route=%2Fwp%2Fv2%2Fcomments&post=1577"}],"version-history":[{"count":2,"href":"https:\/\/famelifemagazin.com\/index.php?rest_route=\/wp\/v2\/posts\/1577\/revisions"}],"predecessor-version":[{"id":1582,"href":"https:\/\/famelifemagazin.com\/index.php?rest_route=\/wp\/v2\/posts\/1577\/revisions\/1582"}],"wp:featuredmedia":[{"embeddable":true,"href":"https:\/\/famelifemagazin.com\/index.php?rest_route=\/wp\/v2\/media\/1580"}],"wp:attachment":[{"href":"https:\/\/famelifemagazin.com\/index.php?rest_route=%2Fwp%2Fv2%2Fmedia&parent=1577"}],"wp:term":[{"taxonomy":"category","embeddable":true,"href":"https:\/\/famelifemagazin.com\/index.php?rest_route=%2Fwp%2Fv2%2Fcategories&post=1577"},{"taxonomy":"post_tag","embeddable":true,"href":"https:\/\/famelifemagazin.com\/index.php?rest_route=%2Fwp%2Fv2%2Ftags&post=1577"}],"curies":[{"name":"wp","href":"https:\/\/api.w.org\/{rel}","templated":true}]}}